{"id":386001,"date":"2018-07-19T00:09:50","date_gmt":"2018-07-19T05:09:50","guid":{"rendered":"http:\/\/www.diarioimagen.net\/?p=386001"},"modified":"2018-07-19T00:25:33","modified_gmt":"2018-07-19T05:25:33","slug":"la-proxima-semana-se-reanudara-renegociacion-del-tlc","status":"publish","type":"post","link":"https:\/\/www.diarioimagen.net\/?p=386001","title":{"rendered":"La pr\u00f3xima semana reanudar\u00e1n renegociaci\u00f3n del TLC: Guajardo"},"content":{"rendered":"<ul>\n<li><strong><em>Equipo negociador mexicano viajar\u00e1 a Washington<\/em><\/strong><\/li>\n<\/ul>\n<p>&nbsp;<\/p>\n<p>&nbsp;<\/p>\n<div id=\"attachment_386002\" style=\"width: 470px\" class=\"wp-caption aligncenter\"><img loading=\"lazy\" decoding=\"async\" aria-describedby=\"caption-attachment-386002\" class=\"wp-image-386002 size-large\" src=\"http:\/\/www.diarioimagen.net\/wp-content\/uploads\/2018\/07\/TLC19-PORTAL-460x268.jpg\" alt=\"\" width=\"460\" height=\"268\" srcset=\"https:\/\/www.diarioimagen.net\/wp-content\/uploads\/2018\/07\/TLC19-PORTAL-460x268.jpg 460w, https:\/\/www.diarioimagen.net\/wp-content\/uploads\/2018\/07\/TLC19-PORTAL-240x140.jpg 240w, https:\/\/www.diarioimagen.net\/wp-content\/uploads\/2018\/07\/TLC19-PORTAL.jpg 480w\" sizes=\"auto, (max-width: 460px) 100vw, 460px\" \/><p id=\"caption-attachment-386002\" class=\"wp-caption-text\">El secretario de Econom\u00eda, Ildefonso Guajardo Villarreal, anunci\u00f3 la Semana Nacional del Emprendedor.<\/p><\/div>\n<p>&nbsp;<\/p>\n<p>&nbsp;<\/p>\n<p>Con un encuentro bilateral entre M\u00e9xico y Estados Unidos, el pr\u00f3ximo jueves 26 de julio se reanudar\u00e1 la renegociaci\u00f3n del Tratado de Libre Comercio de Am\u00e9rica del Norte (TLCAN), se\u00f1al\u00f3 el secretario de Econom\u00eda, Ildefonso Guajardo Villarreal.<\/p>\n<p>Luego de anunciar la Semana Nacional del Emprendedor, dijo que el equipo negociador mexicano viajar\u00e1 la pr\u00f3xima semana a Washington para tener una reuni\u00f3n con el Representante Comercial de Estados Unidos, Robert Lighthizer.<\/p>\n<p>En ese sentido, destac\u00f3 que el encuentro se dar\u00e1 despu\u00e9s de haber concluido la Cumbre de la Alianza del Pac\u00edfico-Chile, Mexico, Per\u00fa y Colombia-, programada del 22 al 23 de julio en Puerto Vallarta, Jalisco.<\/p>\n<p>El funcionario federal a\u00f1adi\u00f3 que despu\u00e9s del encuentro con Lighthizer se encontrar\u00e1n con la ministra de Relaciones Exteriores de Canad\u00e1, Chrystia Freeland, para continuar con las discusiones del acuerdo comercial.<\/p>\n<p>\u201cEstaremos retomando las negociaciones los tres paises. (&#8230;) empezaremos con una reuni\u00f3n bilateral Mexico-Estados, y continuar\u00e1 despu\u00e9s con otras reuniones con Canad\u00e1\u201d.<\/p>\n<p>Coment\u00f3 que si bien el equipo negociador actual ha estado en comunicaci\u00f3n y coordinaci\u00f3n con el grupo del pr\u00f3ximo gobierno, \u00e9ste viajar\u00e1 s\u00f3lo hacia aquella ciudad estadounidense porque la transici\u00f3n a\u00fan sigue sin formalizarse, por el retraso del Partido Encuentro Social (PES) y su solicitud de permanencia.<\/p>\n<p>Respecto a las recientes declaraciones del presidente, Donald Trump, quien dijo que priorizar\u00e1 el acuerdo comercial bilateral con M\u00e9xico sobre Canad\u00e1, resalt\u00f3 que sigue firme en la decisi\u00f3n de llegar a un acuerdo trilateral.<\/p>\n<p>\u201cTanto el presidente electo como el presidente constitucional han dicho que en materia de relaci\u00f3n con Estados Unidos prevalece s\u00f3lo el inter\u00e9s de la naci\u00f3n, alineados todos en un mismo sentido\u201d, manifest\u00f3.<\/p>\n<p>Apunt\u00f3 que la Alianza del Pac\u00edfico ha sido un mecanismo muy efectivo para relanzar un posicionamiento en Am\u00e9rica Latina, regi\u00f3n que ahora est\u00e1 abierta a integrar miembros asociados y la pr\u00f3xima semana tendr\u00e1 un di\u00e1logo a profundidad con las naciones del Mercado Com\u00fan del Sur (Mercosur).<\/p>\n<p>\u201cHay una oportunidad de reforzar la diversificaci\u00f3n de mercados, pero \u00e9ste es independiente de nuestro di\u00e1logo con Estados Unidos\u201d, dej\u00f3 en claro, al ser cuestionado sobre este bloque comercial frente a las medidas tomadas por el presidente Donald Trump.<\/p>\n","protected":false},"excerpt":{"rendered":"<p>Con un encuentro bilateral entre M\u00e9xico y Estados Unidos, el pr\u00f3ximo jueves 26 de julio se reanudar\u00e1 la renegociaci\u00f3n del Tratado de Libre Comercio de Am\u00e9rica del Norte (TLCAN), se\u00f1al\u00f3 el secretario de Econom\u00eda, Ildefonso Guajardo Villarreal.<\/p>\n","protected":false},"author":5,"featured_media":386002,"comment_status":"open","ping_status":"open","sticky":false,"template":"","format":"standard","meta":{"_monsterinsights_skip_tracking":false,"footnotes":""},"categories":[8],"tags":[431,70123,43678,26964,70989,7300],"class_list":["post-386001","post","type-post","status-publish","format-standard","has-post-thumbnail","hentry","category-finanzas","tag-canada","tag-chrystia-freeland","tag-finanzas","tag-ildefonso-guajardo-villarreal","tag-proxima-semana","tag-tlc"],"_links":{"self":[{"href":"https:\/\/www.diarioimagen.net\/index.php?rest_route=\/wp\/v2\/posts\/386001","targetHints":{"allow":["GET"]}}],"collection":[{"href":"https:\/\/www.diarioimagen.net\/index.php?rest_route=\/wp\/v2\/posts"}],"about":[{"href":"https:\/\/www.diarioimagen.net\/index.php?rest_route=\/wp\/v2\/types\/post"}],"author":[{"embeddable":true,"href":"https:\/\/www.diarioimagen.net\/index.php?rest_route=\/wp\/v2\/users\/5"}],"replies":[{"embeddable":true,"href":"https:\/\/www.diarioimagen.net\/index.php?rest_route=%2Fwp%2Fv2%2Fcomments&post=386001"}],"version-history":[{"count":0,"href":"https:\/\/www.diarioimagen.net\/index.php?rest_route=\/wp\/v2\/posts\/386001\/revisions"}],"wp:featuredmedia":[{"embeddable":true,"href":"https:\/\/www.diarioimagen.net\/index.php?rest_route=\/wp\/v2\/media\/386002"}],"wp:attachment":[{"href":"https:\/\/www.diarioimagen.net\/index.php?rest_route=%2Fwp%2Fv2%2Fmedia&parent=386001"}],"wp:term":[{"taxonomy":"category","embeddable":true,"href":"https:\/\/www.diarioimagen.net\/index.php?rest_route=%2Fwp%2Fv2%2Fcategories&post=386001"},{"taxonomy":"post_tag","embeddable":true,"href":"https:\/\/www.diarioimagen.net\/index.php?rest_route=%2Fwp%2Fv2%2Ftags&post=386001"}],"curies":[{"name":"wp","href":"https:\/\/api.w.org\/{rel}","templated":true}]}}