{"id":386054,"date":"2018-07-19T00:06:51","date_gmt":"2018-07-19T05:06:51","guid":{"rendered":"http:\/\/www.diarioimagen.net\/?p=386054"},"modified":"2018-07-19T23:27:13","modified_gmt":"2018-07-20T04:27:13","slug":"postergan-rondas-petroleras-ante-transicion-sexenal","status":"publish","type":"post","link":"https:\/\/www.diarioimagen.net\/?p=386054","title":{"rendered":"Postergan rondas petroleras, ante transici\u00f3n sexenal"},"content":{"rendered":"<ul>\n<li><strong><em>Las pospone para el 14 de febrero de 2019<\/em><\/strong><\/li>\n<\/ul>\n<p>&nbsp;<\/p>\n<div id=\"attachment_386159\" style=\"width: 470px\" class=\"wp-caption aligncenter\"><a href=\"http:\/\/www.diarioimagen.net\/?attachment_id=386159\" rel=\"attachment wp-att-386159\"><img loading=\"lazy\" decoding=\"async\" aria-describedby=\"caption-attachment-386159\" class=\"size-large wp-image-386159\" src=\"http:\/\/www.diarioimagen.net\/wp-content\/uploads\/2018\/07\/RONDAS-3414-460x259.jpg\" alt=\"\" width=\"460\" height=\"259\" srcset=\"https:\/\/www.diarioimagen.net\/wp-content\/uploads\/2018\/07\/RONDAS-3414-460x259.jpg 460w, https:\/\/www.diarioimagen.net\/wp-content\/uploads\/2018\/07\/RONDAS-3414-240x135.jpg 240w, https:\/\/www.diarioimagen.net\/wp-content\/uploads\/2018\/07\/RONDAS-3414-235x132.jpg 235w, https:\/\/www.diarioimagen.net\/wp-content\/uploads\/2018\/07\/RONDAS-3414-202x114.jpg 202w, https:\/\/www.diarioimagen.net\/wp-content\/uploads\/2018\/07\/RONDAS-3414-350x196.jpg 350w, https:\/\/www.diarioimagen.net\/wp-content\/uploads\/2018\/07\/RONDAS-3414-220x123.jpg 220w, https:\/\/www.diarioimagen.net\/wp-content\/uploads\/2018\/07\/RONDAS-3414-237x132.jpg 237w, https:\/\/www.diarioimagen.net\/wp-content\/uploads\/2018\/07\/RONDAS-3414.jpg 480w\" sizes=\"auto, (max-width: 460px) 100vw, 460px\" \/><\/a><p id=\"caption-attachment-386159\" class=\"wp-caption-text\">La Comisi\u00f3n Nacional de Hidrocarburos anunci\u00f3 que se posponen las Rondas 3.2 de campos terrestres y 3.3 de terrestres no convencionales.<\/p><\/div>\n<p>&nbsp;<\/p>\n<p>La Comisi\u00f3n Nacional de Hidrocarburos (CNH) pospuso para el 14 de febrero de 2019 las Rondas 3.2 de campos terrestres y 3.3 de terrestres no convencionales, adem\u00e1s del paquete de 7 asociaciones de Pemex, que estaban agendadas para este a\u00f1o.<\/p>\n<p>\u201cRecordemos que estamos por entrar en un proceso de revisi\u00f3n de contratos con la nueva administraci\u00f3n. En la CNH estamos a la espera de poder iniciar ese proceso\u201d, se\u00f1al\u00f3 Juan Carlos Zepeda, comisionado presidente del organismo.<\/p>\n<p>Esta revisi\u00f3n de contratos petroleros y su contenido, como ha solicitado el gobierno entrante de Andr\u00e9s Manuel L\u00f3pez Obrador, llevar\u00e1 semanas e incluso meses.<\/p>\n<p>\u201cYo veo positivo este espacio, lo que nos permitir\u00eda ir en pleno acompa\u00f1amiento con la nueva Administraci\u00f3n\u201d, dijo en la sesi\u00f3n de hoy.<\/p>\n<p>Zepeda record\u00f3 que la nueva administraci\u00f3n ha propuesto incluso aumentar el contenido nacional, lo cual se podr\u00eda precisar en los nuevos contratos.<\/p>\n<p>La licitaci\u00f3n de siete asociaciones o \u201cfarmouts\u201d de Pemex estaba agendada para realizarse el pr\u00f3ximo 31 de octubre.<\/p>\n<p>Es la segunda ocasi\u00f3n en que la Ronda 3.2 cambia de fecha, pues primero estaba prevista para realizarse en julio, despu\u00e9s se posterg\u00f3 para el 27 de septiembre, a la par de la Ronda 3.3, y ahora se realizar\u00e1n ambas el 14 de febrero del pr\u00f3ximo a\u00f1o.<\/p>\n<p>Hasta ahora, la Ronda 3.2 sumaba 13 compa\u00f1\u00edas inscritas y en la 3.3 ya hay una empresa inscrita y seis pagaron la inscripci\u00f3n. La solicitud de posponer las licitaciones la hizo la Secretar\u00eda de Energ\u00eda (Sener), pero los interesados tambi\u00e9n pidieron a la CNH ajustar los calendarios.<\/p>\n<p>Mart\u00edn \u00c1lvarez Maga\u00f1a, titular de la unidad de contrataci\u00f3n de actividades de exploraci\u00f3n y extracci\u00f3n de la CNH, se\u00f1al\u00f3 que los interesados tambi\u00e9n sugirieron ajustes en los contratos, bases de licitaci\u00f3n y acuerdos de operaci\u00f3n conjunta. \u201cEsto se encuentra en an\u00e1lisis de la Secretar\u00eda de Energ\u00eda, de la Secretar\u00eda de Hacienda, de la propia CNH y de la Agencia de Seguridad y Medio Ambiente\u201d.<\/p>\n","protected":false},"excerpt":{"rendered":"<p>La Comisi\u00f3n Nacional de Hidrocarburos (CNH) pospuso para el 14 de febrero de 2019 las Rondas 3.2 de campos terrestres y 3.3 de terrestres no convencionales, adem\u00e1s del paquete de 7 asociaciones de Pemex, que estaban agendadas para este a\u00f1o.<\/p>\n","protected":false},"author":3,"featured_media":386159,"comment_status":"open","ping_status":"open","sticky":false,"template":"","format":"standard","meta":{"_monsterinsights_skip_tracking":false,"_monsterinsights_sitenote_active":false,"_monsterinsights_sitenote_note":"","_monsterinsights_sitenote_category":0,"footnotes":""},"categories":[8],"tags":[30824,43678,11978],"class_list":["post-386054","post","type-post","status-publish","format-standard","has-post-thumbnail","hentry","category-finanzas","tag-comision-nacional-de-hidrocarburos","tag-finanzas","tag-transicion"],"_links":{"self":[{"href":"https:\/\/www.diarioimagen.net\/index.php?rest_route=\/wp\/v2\/posts\/386054","targetHints":{"allow":["GET"]}}],"collection":[{"href":"https:\/\/www.diarioimagen.net\/index.php?rest_route=\/wp\/v2\/posts"}],"about":[{"href":"https:\/\/www.diarioimagen.net\/index.php?rest_route=\/wp\/v2\/types\/post"}],"author":[{"embeddable":true,"href":"https:\/\/www.diarioimagen.net\/index.php?rest_route=\/wp\/v2\/users\/3"}],"replies":[{"embeddable":true,"href":"https:\/\/www.diarioimagen.net\/index.php?rest_route=%2Fwp%2Fv2%2Fcomments&post=386054"}],"version-history":[{"count":0,"href":"https:\/\/www.diarioimagen.net\/index.php?rest_route=\/wp\/v2\/posts\/386054\/revisions"}],"wp:featuredmedia":[{"embeddable":true,"href":"https:\/\/www.diarioimagen.net\/index.php?rest_route=\/wp\/v2\/media\/386159"}],"wp:attachment":[{"href":"https:\/\/www.diarioimagen.net\/index.php?rest_route=%2Fwp%2Fv2%2Fmedia&parent=386054"}],"wp:term":[{"taxonomy":"category","embeddable":true,"href":"https:\/\/www.diarioimagen.net\/index.php?rest_route=%2Fwp%2Fv2%2Fcategories&post=386054"},{"taxonomy":"post_tag","embeddable":true,"href":"https:\/\/www.diarioimagen.net\/index.php?rest_route=%2Fwp%2Fv2%2Ftags&post=386054"}],"curies":[{"name":"wp","href":"https:\/\/api.w.org\/{rel}","templated":true}]}}