{"id":386301,"date":"2018-07-20T00:01:25","date_gmt":"2018-07-20T05:01:25","guid":{"rendered":"http:\/\/www.diarioimagen.net\/?p=386301"},"modified":"2018-07-20T04:11:22","modified_gmt":"2018-07-20T09:11:22","slug":"incluir-en-los-preparativos-de-tus-vacaciones-un-seguro-de-viaje-supone-una-proteccion-que-se-traducira-en-mayor-tranquilidad-y-garantia","status":"publish","type":"post","link":"https:\/\/www.diarioimagen.net\/?p=386301","title":{"rendered":"Incluir en los preparativos de tus vacaciones un seguro de viaje, supone una protecci\u00f3n que se traducir\u00e1 en mayor tranquilidad y garant\u00eda"},"content":{"rendered":"<h2>De cinco estrellas<\/h2>\n<h5>Victoria Gonz\u00e1lez Prado<\/h5>\n<p><strong>\u00a0<\/strong><\/p>\n<ul>\n<li><strong><em>Marriott International<\/em> celebra a sus hu\u00e9spedes de cuatro patas en alguno de los 18 hoteles <em>pet friendly<\/em> de su portafolio<\/strong><\/li>\n<\/ul>\n<p>&nbsp;<\/p>\n<div id=\"attachment_386436\" style=\"width: 470px\" class=\"wp-caption aligncenter\"><a href=\"http:\/\/www.diarioimagen.net\/?attachment_id=386436\" rel=\"attachment wp-att-386436\"><img loading=\"lazy\" decoding=\"async\" aria-describedby=\"caption-attachment-386436\" class=\"size-large wp-image-386436\" src=\"http:\/\/www.diarioimagen.net\/wp-content\/uploads\/2018\/07\/turismo-3145-460x259.jpg\" alt=\"\" width=\"460\" height=\"259\" srcset=\"https:\/\/www.diarioimagen.net\/wp-content\/uploads\/2018\/07\/turismo-3145-460x259.jpg 460w, https:\/\/www.diarioimagen.net\/wp-content\/uploads\/2018\/07\/turismo-3145-240x135.jpg 240w, https:\/\/www.diarioimagen.net\/wp-content\/uploads\/2018\/07\/turismo-3145-235x132.jpg 235w, https:\/\/www.diarioimagen.net\/wp-content\/uploads\/2018\/07\/turismo-3145-202x114.jpg 202w, https:\/\/www.diarioimagen.net\/wp-content\/uploads\/2018\/07\/turismo-3145-350x196.jpg 350w, https:\/\/www.diarioimagen.net\/wp-content\/uploads\/2018\/07\/turismo-3145-220x123.jpg 220w, https:\/\/www.diarioimagen.net\/wp-content\/uploads\/2018\/07\/turismo-3145-237x132.jpg 237w, https:\/\/www.diarioimagen.net\/wp-content\/uploads\/2018\/07\/turismo-3145.jpg 480w\" sizes=\"auto, (max-width: 460px) 100vw, 460px\" \/><\/a><p id=\"caption-attachment-386436\" class=\"wp-caption-text\">Emmanuel Jim\u00e9nez.<\/p><\/div>\n<p>&nbsp;<\/p>\n<p>Para 25 millones de estudiantes en M\u00e9xico, las vacaciones de verano son el periodo m\u00e1s largo del a\u00f1o para hacer el viaje so\u00f1ado por lejanas tierras o en las paradisiacas playas de nuestro pa\u00eds. Incluir en los preparativos un seguro de viaje supone una protecci\u00f3n que se traducir\u00e1 en mayor tranquilidad y garant\u00eda para salvaguardar la inversi\u00f3n y enfrentar desembolsos eventuales.<\/p>\n<p>Como cada a\u00f1o, durante este periodo que termina hasta el 19 de agosto, se eleva la incidencia de contratiempos. Algunos podr\u00e1n sortearse sin mayores consecuencias, pero otros podr\u00edan desestabilizar las finanzas familiares.<\/p>\n<p>La diferencia ante estas eventualidades la hace tener la protecci\u00f3n de un seguro de viaje.<\/p>\n<p><strong>Emmanuel Jim\u00e9nez<\/strong>, responsable de seguros de consumo de <em>AIG Seguros M\u00e9xico, <\/em>dijo: \u201cno es posible vaticinar todo lo que puede ocurrir durante las vacaciones.<\/p>\n<p>Para muchos podr\u00eda parecer suficiente tener un seguro de gastos m\u00e9dicos mayores para estar protegidos, pero una p\u00f3liza de seguro y asistencia en viajes ayuda a enfrentar muchas otras eventualidades que pueden generar gastos inesperados y repercutir en la econom\u00eda familiar: gastos m\u00e9dicos, accidentes, da\u00f1os materiales en alg\u00fan lugar tur\u00edstico, cancelaciones de vuelos, cambios de horario, p\u00e9rdida de equipaje, etc\u00e9tera\u201d.<\/p>\n<p>La aseguradora cuenta con diversas modalidades para cada tipo de viaje bajo su seguro de viaje <em>Travel Guard.<\/em> \u201cM\u00e9xico Seguro\u201d es ideal para tener cobertura en toda la Rep\u00fablica Mexicana con una prima para toda la familia, desde el reci\u00e9n nacido hasta el adulto mayor con un l\u00edmite de 80 a\u00f1os. <em>Global Travel Protection<\/em> indicado en viajes internacionales para estar protegido en cualquier lugar del mundo a la hora que se necesite.<\/p>\n<p>Si las vacaciones son en altamar, <em>Cruise Protection<\/em> tiene cobertura nacional o internacional con protecci\u00f3n desde que se contrata el viaje hasta el regreso, puede ser hasta 30 d\u00edas y la cobertura incluye cancelaci\u00f3n del crucero, demoras, p\u00e9rdida de equipaje, responsabilidad civil, gastos m\u00e9dicos, traslados de emergencia, fallecimiento, entre otros. Para el Viajero Frecuente, hay un seguro espec\u00edfico que se adquiere una sola vez y ampara todos los viajes que se realicen en un a\u00f1o.<\/p>\n<p>Todos los productos de <em>AIG Travel Guard<\/em> incluyen una amplia gama de servicios m\u00e9dicos de viaje y de asistencia personal para resolver problemas y manejar riesgos.<\/p>\n<p>Adem\u00e1s, como parte de esa asistencia integral al viajero, <em>Travel Guard<\/em> ofrece un servicio de <em>concierge<\/em> personal para hacer consultas de requisitos migratorios, reservaciones en restaurantes, espect\u00e1culos y compra de boletos de museos y atracciones, en algunos casos a precios preferentes.<\/p>\n<p>\u201cAIG tiene una probada capacidad operativa y un equipo de especialistas altamente calificado para brindar asistencia y calidad en el servicio para nuestros clientes. Nuestro compromiso es brindar la mejor atenci\u00f3n en cualquier momento, siendo oportunos, eficaces y acompa\u00f1\u00e1ndolo en todo el proceso\u201d, explic\u00f3 <strong>Jim\u00e9nez<\/strong>.<\/p>\n<p>\u2730\u2730\u2730\u2730\u2730 Hist\u00f3ricamente los perros han sido los animales dom\u00e9sticos m\u00e1s populares: su fidelidad y car\u00e1cter amigable han acompa\u00f1ado al ser humano a lo largo de los a\u00f1os. Conscientes de esta relaci\u00f3n cada vez m\u00e1s cercana entre humanos y mascotas, <em>Marriott International<\/em> invita a sus hu\u00e9spedes a incluir a su mejor amigo de cuatro patas dentro de sus viajes y disfrutar de alguno de los 18 hoteles <em>pet friendly <\/em>que el portafolio de la marca ofrece en M\u00e9xico.<\/p>\n<p>Aprovechando que ma\u00f1ana s\u00e1bado 21 de julio es el Dia International del Perro, la cadena hotelera comparte algunas recomendaciones para celebrar a nuestros amigos de cuatro patas:<\/p>\n<p><em>W punta de Mita <\/em>ofrecer\u00e1 este fin de semana el <em>WOOF Brunch<\/em> en el <em>Venaz\u00fa Restaurante<\/em>, al cual podr\u00e1n acudir con su mascota. El <em>Brunch <\/em>contar\u00e1 no s\u00f3lo con exquisita comida sino tambi\u00e9n la posibilidad de tener una sesi\u00f3n de fotograf\u00edas incre\u00edbles con sus perros, las que se podr\u00e1n realizar en el colorido camino huichol o en una tabla de surf, de la mano de <em>Foto Tour Perruno, <\/em>de igual manera, los visitantes tendr\u00e1n la oportunidad de apoyar a otros amigos de cuatro patas con donaciones a la asociaci\u00f3n <em>MexiPerr<\/em>o.<\/p>\n<p><em>The Westin Santa Fe<\/em> en esta ocasi\u00f3n especial tendr\u00e1 masajistas especializadas en mascotas que atender\u00e1n a los mejores amigos de sus visitantes, ofrecer\u00e1 charlas acerca de c\u00f3mo viajar con tus mascotas y pasar un momento dedicado y divertido con ellos.<\/p>\n<p><em>W Mexico City<\/em> tendr\u00e1 para hu\u00e9spedes y sus perros una clase de Doga (Yoga con perros), impartida por el reconocido maestro <strong>Marcos Jassan<\/strong>. Los asistentes ser\u00e1n parte de una clase especialmente dise\u00f1ada para perros y humanos llevada a cabo en la tranquila terraza del hotel.<\/p>\n<p><em>St. Regis Mexico City,<\/em> invita a sus hu\u00e9spedes a unirse a la causa de <em>Foto Tour Perruno,<\/em> que, a cambio de una donaci\u00f3n de alimento para perro, les ofrecer\u00e1 una sesi\u00f3n de fotos incre\u00edble para ellos y sus mascotas en las instalaciones del hotel, mismas fotos que podr\u00e1n presumir en todas sus redes sociales.<\/p>\n<p><em>Le M\u00e9ridien Mexico City,<\/em> ofrece consentir a sus visitantes y a sus perros con una exclusiva experiencia, disfrutando de una estad\u00eda con todas las amenidades necesarias para los perros, como una camita extra y plato, as\u00ed como un men\u00fa internacional del restaurante <em>C\u2019est la vie <\/em>que permite la entrada de mascotas.<\/p>\n<p><em>Sheraton Mexico City Maria Isabel Ho<\/em>tel, est\u00e1 preparado para darle a los visitantes caninos un trato \u00fanico con amenidades que har\u00e1n su estancia m\u00e1s placentera, para perros de menos de 18 kilogramos. De igual manera, en el restaurante <em>Amici<\/em> podr\u00e1n probar lo mejor de la gastronom\u00eda mexicana e internacional, mientras toman el sol en una de las terrazas m\u00e1s bonitas de la ciudad, con vista al \u00c1ngel de la Independencia.<\/p>\n<p><em>The Westin Guadalajara<\/em>, recibe a sus visitantes de cuatro patas ofreciendo una <em>heavenly bed <\/em>para mascotas, as\u00ed como, amenidades especiales para estos acompa\u00f1antes. Invitando a sus visitantes a disfrutar con sus mascotas los atractivos de la Perla Tapat\u00eda.<\/p>\n<p><em>Sheraton Buganvilias Resort &amp; Convention Center<\/em> Se adelant\u00f3 a esta celebraci\u00f3n e invit\u00f3 a los viajeros y personas locales de Vallarta a disfrutar de una ma\u00f1ana llena de ladridos y diversi\u00f3n.<\/p>\n<p>Los invitados de cuatro patas jugaron, comieron distintos platillos preparados especialmente para ellos y tuvieron una sesi\u00f3n de fotos con sus mejores amigos como recuerdo de ese magn\u00edfico d\u00eda. Al terminar, todos recibieron un masaje para poder recuperarse tras un d\u00eda de tanta actividad. Marriott Internacional invita a vivir un experiencia inolvidable en compa\u00f1\u00eda de nuestros perros cualquier d\u00eda del a\u00f1o.<\/p>\n<p><em><a href=\"mailto:victoriagprado@gmail.com\" target=\"_blank\" rel=\"noopener\">victoriagprado@gmail.com<\/a><\/em><br \/>\n<em> Twitter: <a href=\"https:\/\/twitter.com\/victoriagprado\" target=\"_blank\" rel=\"noopener\">@victoriagprado<\/a><\/em><\/p>\n","protected":false},"excerpt":{"rendered":"<p>Para 25 millones de estudiantes en M\u00e9xico, las vacaciones de verano son el periodo m\u00e1s largo del a\u00f1o para hacer el viaje so\u00f1ado por lejanas tierras o en las paradisiacas playas de nuestro pa\u00eds. Incluir en los preparativos un seguro de viaje supone una protecci\u00f3n que se traducir\u00e1 en mayor tranquilidad y garant\u00eda para salvaguardar la inversi\u00f3n y enfrentar desembolsos eventuales.<\/p>\n","protected":false},"author":3,"featured_media":386436,"comment_status":"open","ping_status":"open","sticky":false,"template":"","format":"standard","meta":{"_monsterinsights_skip_tracking":false,"_monsterinsights_sitenote_active":false,"_monsterinsights_sitenote_note":"","_monsterinsights_sitenote_category":0,"footnotes":""},"categories":[11],"tags":[107,43674,43681,106],"class_list":["post-386301","post","type-post","status-publish","format-standard","has-post-thumbnail","hentry","category-turismo","tag-de-cinco-estrellas","tag-opinion","tag-turismo","tag-victoria-gonzalez-prado"],"_links":{"self":[{"href":"https:\/\/www.diarioimagen.net\/index.php?rest_route=\/wp\/v2\/posts\/386301","targetHints":{"allow":["GET"]}}],"collection":[{"href":"https:\/\/www.diarioimagen.net\/index.php?rest_route=\/wp\/v2\/posts"}],"about":[{"href":"https:\/\/www.diarioimagen.net\/index.php?rest_route=\/wp\/v2\/types\/post"}],"author":[{"embeddable":true,"href":"https:\/\/www.diarioimagen.net\/index.php?rest_route=\/wp\/v2\/users\/3"}],"replies":[{"embeddable":true,"href":"https:\/\/www.diarioimagen.net\/index.php?rest_route=%2Fwp%2Fv2%2Fcomments&post=386301"}],"version-history":[{"count":0,"href":"https:\/\/www.diarioimagen.net\/index.php?rest_route=\/wp\/v2\/posts\/386301\/revisions"}],"wp:featuredmedia":[{"embeddable":true,"href":"https:\/\/www.diarioimagen.net\/index.php?rest_route=\/wp\/v2\/media\/386436"}],"wp:attachment":[{"href":"https:\/\/www.diarioimagen.net\/index.php?rest_route=%2Fwp%2Fv2%2Fmedia&parent=386301"}],"wp:term":[{"taxonomy":"category","embeddable":true,"href":"https:\/\/www.diarioimagen.net\/index.php?rest_route=%2Fwp%2Fv2%2Fcategories&post=386301"},{"taxonomy":"post_tag","embeddable":true,"href":"https:\/\/www.diarioimagen.net\/index.php?rest_route=%2Fwp%2Fv2%2Ftags&post=386301"}],"curies":[{"name":"wp","href":"https:\/\/api.w.org\/{rel}","templated":true}]}}