{"id":386329,"date":"2018-07-20T00:03:07","date_gmt":"2018-07-20T05:03:07","guid":{"rendered":"http:\/\/www.diarioimagen.net\/?p=386329"},"modified":"2018-07-20T04:09:42","modified_gmt":"2018-07-20T09:09:42","slug":"osorio-se-despide-del-tri-este-fin-de-semana","status":"publish","type":"post","link":"https:\/\/www.diarioimagen.net\/?p=386329","title":{"rendered":"Osorio se despide del Tri, este fin de semana"},"content":{"rendered":"<ul>\n<li><em><strong>\u201cEl Piojo\u201d Herrera espera su revancha<\/strong><\/em><\/li>\n<li><em><strong>Dice el colombiano que llegar a la Selecci\u00f3n Mexicana fue un sue\u00f1o<\/strong><\/em><\/li>\n<\/ul>\n<p>&nbsp;<\/p>\n<div id=\"attachment_386432\" style=\"width: 470px\" class=\"wp-caption aligncenter\"><a href=\"http:\/\/www.diarioimagen.net\/?attachment_id=386432\" rel=\"attachment wp-att-386432\"><img loading=\"lazy\" decoding=\"async\" aria-describedby=\"caption-attachment-386432\" class=\"size-large wp-image-386432\" src=\"http:\/\/www.diarioimagen.net\/wp-content\/uploads\/2018\/07\/OSORIO-3145-460x259.jpg\" alt=\"\" width=\"460\" height=\"259\" srcset=\"https:\/\/www.diarioimagen.net\/wp-content\/uploads\/2018\/07\/OSORIO-3145-460x259.jpg 460w, https:\/\/www.diarioimagen.net\/wp-content\/uploads\/2018\/07\/OSORIO-3145-240x135.jpg 240w, https:\/\/www.diarioimagen.net\/wp-content\/uploads\/2018\/07\/OSORIO-3145-235x132.jpg 235w, https:\/\/www.diarioimagen.net\/wp-content\/uploads\/2018\/07\/OSORIO-3145-202x114.jpg 202w, https:\/\/www.diarioimagen.net\/wp-content\/uploads\/2018\/07\/OSORIO-3145-350x196.jpg 350w, https:\/\/www.diarioimagen.net\/wp-content\/uploads\/2018\/07\/OSORIO-3145-220x123.jpg 220w, https:\/\/www.diarioimagen.net\/wp-content\/uploads\/2018\/07\/OSORIO-3145-237x132.jpg 237w, https:\/\/www.diarioimagen.net\/wp-content\/uploads\/2018\/07\/OSORIO-3145.jpg 480w\" sizes=\"auto, (max-width: 460px) 100vw, 460px\" \/><\/a><p id=\"caption-attachment-386432\" class=\"wp-caption-text\">Este fin de semana se dar\u00e1 a conocer oficialmente la salida de Juan Carlos Osorio de la Selecci\u00f3n Mexicana.<\/p><\/div>\n<p>&nbsp;<\/p>\n<p>El t\u00e9cnico colombiano Juan Carlos Osorio asegur\u00f3 que ser\u00e1 este fin de semana cuando d\u00e9 su respuesta sobre continuar al frente de la Selecci\u00f3n Mexicana, tras el Mundial de Rusia 2018.<\/p>\n<p>El timonel lleg\u00f3 a Colombia para participar en un amistoso en apoyo a la Fundaci\u00f3n Asosdivalle.<\/p>\n<p>\u201cEste fin de semana tenemos que darle una definitiva a nuestros jefes en M\u00e9xico. Como siempre lo he expresado, lo he manifestado, estamos eternamente agradecidos con la Federaci\u00f3n Mexicana por la oportunidad que nos dio\u201d, explic\u00f3 Osorio en una entrevista que se le hizo en el aeropuerto de Cali y que public\u00f3 el medio <em>El Pa\u00eds-Cali<\/em>.<\/p>\n<p>\u201cNunca ha sido un secreto que llegar a la selecci\u00f3n ha sido un sue\u00f1o, despu\u00e9s le pusimos un proceso y se convirti\u00f3 en objetivo personal\u201d. Osorio coment\u00f3 que aprendi\u00f3 muchas cosas en la Copa del Mundo y que el Tri no tuvo miedo.<\/p>\n<p>\u201cEl Mundial nos dej\u00f3 muchas reflexiones, uno debe jugar por el amor a ganar y no por el temor a perder. Eso es decisi\u00f3n del l\u00edder, del que dirige y yo creo que la Selecci\u00f3n Mexicana mostr\u00f3 esa capacidad de jugar de igual a igual\u201d.<\/p>\n<p>Se espera que el estratega colombiano se entreviste en los pr\u00f3ximos d\u00edas con los directivos de la FMF para comunicarles su decisi\u00f3n, ya que Guillermo Cant\u00fa est\u00e1 de vacaciones y Yon de Luisa tom\u00f3 posesi\u00f3n como nuevo presidente del organismo el pasado lunes.<\/p>\n<p style=\"text-align: center;\"><strong>Mat\u00edas Almeyda<\/strong><\/p>\n<p>Mat\u00edas Almeyda habr\u00eda perdido fuerza para ocupar el cargo que estar\u00e1 vacante, luego de que terminara oficialmente el contrato de Juan Carlos Osorio como director t\u00e9cnico del Tri.<\/p>\n<p>De acuerdo con comentaristas, el entrenador argentino no entrar\u00eda en planes de los due\u00f1os de los equipos para ser el pr\u00f3ximo t\u00e9cnico del combinado mexicano, pues en la reuni\u00f3n que tuvieron en Los \u00c1ngeles previo a los encuentros de Supercopa y Campe\u00f3n de Campeones el pasado fin de semana, la mayor\u00eda tienen otros planes en mente.<\/p>\n<p style=\"text-align: center;\"><strong>\u00a0<\/strong><strong>Ricardo Ferretti<\/strong><\/p>\n<p>Tras la negativa de Osorio, tanto De Luisa, como los integrantes de la junta directiva, tendr\u00edan como segunda opci\u00f3n a Ricardo Ferretti por su amplio conocimiento del futbol mexicano. \u00c9sta luce complicada, pues en diversas ocasiones Ferretti ha dicho que no est\u00e1 interesado y que jam\u00e1s tomar\u00eda el puesto de entrenador de la selecci\u00f3n pues planea cumplir los a\u00f1os que le restan de contrato con Tigres.<\/p>\n<p style=\"text-align: center;\"><strong>Miguel Herrera<\/strong><\/p>\n<p>Es bien sabido por muchos que Miguel Herrera, actual estratega del Am\u00e9rica, se muere por volver al Tri. Tras su salida por un problema extracancha hace mas de dos a\u00f1os, el \u201cPiojo\u201d ha dejado ver en varias ocasiones que quiere regresar. Espera su revancha.<\/p>\n<p>Y con la llegada de Yon de Luisa como presidente de la FMF, el entrenador mexicano tendr\u00eda el visto bueno. Pero el gran impedimento son los due\u00f1os de los clubes, quienes no ven con buenos ojos una segunda etapa del estratega azteca.<\/p>\n<p>La FMF a\u00fan tiene tiempo para definir qui\u00e9n ser\u00e1 el siguiente timonel en el pr\u00f3ximo proceso mundialista, pues los siguientes compromisos amistosos se disputar\u00e1n hasta el mes de septiembre, por lo que posiblemente en las siguientes semanas conozcamos quien dirigir\u00e1 los partidos ante Uruguay y Estados Unidos en territorio norteamericano.<strong>\u00a0<\/strong><\/p>\n","protected":false},"excerpt":{"rendered":"<p>El t\u00e9cnico colombiano Juan Carlos Osorio asegur\u00f3 que ser\u00e1 este fin de semana cuando d\u00e9 su respuesta sobre continuar al frente de la Selecci\u00f3n Mexicana, tras el Mundial de Rusia 2018.<\/p>\n","protected":false},"author":3,"featured_media":386432,"comment_status":"open","ping_status":"open","sticky":false,"template":"","format":"standard","meta":{"_monsterinsights_skip_tracking":false,"_monsterinsights_sitenote_active":false,"_monsterinsights_sitenote_note":"","_monsterinsights_sitenote_category":0,"footnotes":""},"categories":[10],"tags":[43680,76201,61703,2825],"class_list":["post-386329","post","type-post","status-publish","format-standard","has-post-thumbnail","hentry","category-deportes","tag-deportes","tag-despide","tag-juan-carlos-osorio","tag-tri"],"_links":{"self":[{"href":"https:\/\/www.diarioimagen.net\/index.php?rest_route=\/wp\/v2\/posts\/386329","targetHints":{"allow":["GET"]}}],"collection":[{"href":"https:\/\/www.diarioimagen.net\/index.php?rest_route=\/wp\/v2\/posts"}],"about":[{"href":"https:\/\/www.diarioimagen.net\/index.php?rest_route=\/wp\/v2\/types\/post"}],"author":[{"embeddable":true,"href":"https:\/\/www.diarioimagen.net\/index.php?rest_route=\/wp\/v2\/users\/3"}],"replies":[{"embeddable":true,"href":"https:\/\/www.diarioimagen.net\/index.php?rest_route=%2Fwp%2Fv2%2Fcomments&post=386329"}],"version-history":[{"count":0,"href":"https:\/\/www.diarioimagen.net\/index.php?rest_route=\/wp\/v2\/posts\/386329\/revisions"}],"wp:featuredmedia":[{"embeddable":true,"href":"https:\/\/www.diarioimagen.net\/index.php?rest_route=\/wp\/v2\/media\/386432"}],"wp:attachment":[{"href":"https:\/\/www.diarioimagen.net\/index.php?rest_route=%2Fwp%2Fv2%2Fmedia&parent=386329"}],"wp:term":[{"taxonomy":"category","embeddable":true,"href":"https:\/\/www.diarioimagen.net\/index.php?rest_route=%2Fwp%2Fv2%2Fcategories&post=386329"},{"taxonomy":"post_tag","embeddable":true,"href":"https:\/\/www.diarioimagen.net\/index.php?rest_route=%2Fwp%2Fv2%2Ftags&post=386329"}],"curies":[{"name":"wp","href":"https:\/\/api.w.org\/{rel}","templated":true}]}}