{"id":386383,"date":"2018-07-20T00:08:24","date_gmt":"2018-07-20T05:08:24","guid":{"rendered":"http:\/\/www.diarioimagen.net\/?p=386383"},"modified":"2018-07-20T04:28:10","modified_gmt":"2018-07-20T09:28:10","slug":"ciudades-peligrosas","status":"publish","type":"post","link":"https:\/\/www.diarioimagen.net\/?p=386383","title":{"rendered":"Ciudades peligrosas"},"content":{"rendered":"<h2>Punto por punto<\/h2>\n<h5>Augusto Corro<\/h5>\n<p>&nbsp;<\/p>\n<div id=\"attachment_386462\" style=\"width: 470px\" class=\"wp-caption aligncenter\"><a href=\"http:\/\/www.diarioimagen.net\/?attachment_id=386462\" rel=\"attachment wp-att-386462\"><img loading=\"lazy\" decoding=\"async\" aria-describedby=\"caption-attachment-386462\" class=\"size-large wp-image-386462\" src=\"http:\/\/www.diarioimagen.net\/wp-content\/uploads\/2018\/07\/MORENA-SOBRE-DAMNIFICADOS-jose-luis-3145-460x398.jpg\" alt=\"\" width=\"460\" height=\"398\" srcset=\"https:\/\/www.diarioimagen.net\/wp-content\/uploads\/2018\/07\/MORENA-SOBRE-DAMNIFICADOS-jose-luis-3145-460x398.jpg 460w, https:\/\/www.diarioimagen.net\/wp-content\/uploads\/2018\/07\/MORENA-SOBRE-DAMNIFICADOS-jose-luis-3145-240x207.jpg 240w, https:\/\/www.diarioimagen.net\/wp-content\/uploads\/2018\/07\/MORENA-SOBRE-DAMNIFICADOS-jose-luis-3145-768x664.jpg 768w, https:\/\/www.diarioimagen.net\/wp-content\/uploads\/2018\/07\/MORENA-SOBRE-DAMNIFICADOS-jose-luis-3145.jpg 1200w\" sizes=\"auto, (max-width: 460px) 100vw, 460px\" \/><\/a><p id=\"caption-attachment-386462\" class=\"wp-caption-text\">Morena sobre damnificados&#8230; | Jos\u00e9 Luis<\/p><\/div>\n<p>&nbsp;<\/p>\n<p>En M\u00e9xico tres cuartas partes de la poblaci\u00f3n urbana consideran que vivir en su ciudad es inseguro o peligroso. El dato se obtuvo de la \u00faltima \u201cEncuesta Nacional de Seguridad P\u00fablica Urbana\u201d (ENSU).<\/p>\n<p>\u00bfQu\u00e9 hacer para que regrese la seguridad perdida?<\/p>\n<p>La soluci\u00f3n se encuentra en las autoridades de los tres niveles: municipal, estatal y federal; pero poco hacen combatirla.<\/p>\n<p>En algunos casos es la ineptitud de quienes gobiernan, en otros la negligencia de los mismos, y en unos m\u00e1s la asociaci\u00f3n criminal funcionarios p\u00fablicos y hampones.<\/p>\n<p>Los delincuentes se sienten protegidos por una procuraci\u00f3n de justicia laxa, con leyes que nadie aplica. Los responsables de los cr\u00edmenes gozan de impunidad.<\/p>\n<p>Un gran porcentaje de ciudades padece la delincuencia en mayor o menor grado, aunque son diferentes las causas que la originan.<\/p>\n<p>En algunas poblaciones la polic\u00eda y funcionarios p\u00fablicos coludidos con la delincuencia organizada se encargan de mantener a\u00a0 la sociedad en zozobra permanente.<\/p>\n<p>Los j\u00f3venes encuestados se\u00f1alaron a las ciudades con mayor percepci\u00f3n de inseguridad, entre otras las siguientes: Reynosa, Fresnillo, Canc\u00fan, norte y oriente de la Ciudad de M\u00e9xico y Ecatepec.<\/p>\n<p>Por cierto, es mayor la sensaci\u00f3n de inseguridad en las mujeres. Con justa raz\u00f3n. Para confirmar este dato basta con ver el \u00edndice elevado de feminicidios.<\/p>\n<p>\u00bfD\u00f3nde se encuentra el peligro?\u00a0 Pues en\u00a0 las calles, donde es escasa o nula la vigilancia policiaca; en los cajeros autom\u00e1ticos cuando se va a retirar dinero; \u00faltimamente se incrementaron los asaltos en los restaurantes;\u00a0 en el transporte p\u00fablico los delincuentes saben que tienen seguro el bot\u00edn. Tampoco hay que olvidar las extorsiones a los comerciantes.<\/p>\n<p>En fin, nada se gana con conocer la peligrosidad a la que se encuentra expuesta la sociedad.<\/p>\n<p>\u00bfCu\u00e1ndo regresar\u00e1 la seguridad? \u00bfAlguien tiene la respuesta?<\/p>\n<p><strong>Austeridad<\/strong><\/p>\n<p>Se dej\u00f3 sentir como un hurac\u00e1n el proyecto de austeridad que aplicar\u00e1 el pr\u00f3ximo gobierno del presidente Andr\u00e9s Manuel L\u00f3pez Obrador (AMLO). Se trata de poner orden en el manejo de las finanzas p\u00fablicas. Ning\u00fan funcionario p\u00fablico deber\u00e1 ganar m\u00e1s que el primer mandatario mexicano. Es decir, no m\u00e1s de 108 mil pesos.\u00a0 Eso est\u00e1 bien, porque la clase pol\u00edtica, que es la que ocupa los principales cargos p\u00fablicos siempre resultaba beneficiada por \u201cvivir del presupuesto\u201d. Todos los privilegios eran para ella.<\/p>\n<p>Y ya entrados en el problema, si de aplicar la austeridad se trata, les recomendamos echar un vistazo al gasto o derecho de recursos que practica el Instituto Nacional Electoral (INE).<\/p>\n<p>Un elefante blanco, que en esta ocasi\u00f3n se dedic\u00f3 a contar votos, algo que no requiere m\u00e1s que la aritm\u00e9tica elemental.<\/p>\n<p>Son miles de millones de pesos los que se invierten cada a\u00f1o como combustible para que funcione el INE y el Tribunal Electoral. El dinero que gastan y reparten entre los partidos pol\u00edticos hacen de la democracia en M\u00e9xico, una d las m\u00e1s caras del mundo.<\/p>\n<p>Por cierto, s\u00ed se deben revisar los sueldos de gente capacitada que rinde frutos en su desempe\u00f1o laboral. No ser\u00eda justo que por la indolencia de la \u201cburocracia dorada\u201d se afectara quien si tiene derecho a salarios altos.<\/p>\n<p>El plan de austeridad tambi\u00e9n eliminar\u00e1, quiero suponer, esos premios que reciben los legisladores por irse a sentar a mullidos sillones a levantar la mano, que consisten en salarios privilegiados, con vales para gasolina, boletos de avi\u00f3n, coche nuevo cada a\u00f1o, etc.\u00a0 Y como si lo anterior no fuera suficiente, los legisladores se encargan de asignarse sus aguinaldos y est\u00edmulos econ\u00f3micos millonarios. El dispendio total, pues.<\/p>\n<p>Se pens\u00f3, pues, que alg\u00fan d\u00eda se acabar\u00edan los abusos de la \u201cburocracia dorada\u201d y parece que ese d\u00eda ya lleg\u00f3.<\/p>\n<p>La oscura eleccion poblana<\/p>\n<p>El 1 de julio tambi\u00e9n se eligi\u00f3 al nuevo gobernador poblano. Participaron en la contienda electoral estatal Miguel Barbosa Huerta, por la Coalici\u00f3n Juntos Haremos Historia; y Martha Erika Alonso, por el Partido Acci\u00f3n Nacional (PAN).<\/p>\n<p>Se trat\u00f3 de una elecci\u00f3n violenta, con participaci\u00f3n de delincuentes, mapaches y de toda la fauna pol\u00edtica que enrareci\u00f3 el ambiente.<\/p>\n<p>Como si lo anterior no fuera suficiente, el desprestigiado INE acept\u00f3 el triunfo de Martha Erika Alonso, con las caracter\u00edsticas de presunto fraude electoral.<\/p>\n<p>El ex candidato de Morena, Barbosa Huerta, impugn\u00f3 ese reconocimiento de la autoridad electoral y el caso se encuentra en el Tribunal Electoral.<\/p>\n<p>Mientras, la lucha pol\u00edtica empez\u00f3 a definirse entre los seguidores de ambos partidos pol\u00edticos. Por lo pronto, el dirigente estatal de Morena en Puebla, Gabriel Biestro, pidi\u00f3 a alcaldes, legisladores locales y federales, evitar reuniones con el gobernador panista, Antonio Gali Fayad, a quien consideran un participe del citado fraude.<\/p>\n<p>El problema apenas empieza en Puebla, entidad considerada basti\u00f3n de Rafael Moreno Valle, el controvertido pol\u00edtico que so\u00f1\u00f3 en ser candidato presidencial.<\/p>\n<p style=\"text-align: right;\"><em><strong>Feliz fin de semana.<\/strong><\/em><\/p>\n<p><em><a href=\"mailto:aco2742@hotmail.com\" target=\"_blank\" rel=\"noopener\">aco2742@hotmail.com<\/a><\/em><\/p>\n","protected":false},"excerpt":{"rendered":"<p><span style=\"color: #005497;\"><strong>Augusto Corro<\/strong><\/span><br \/>\n<br \/>\nEn M\u00e9xico tres cuartas partes de la poblaci\u00f3n urbana consideran que vivir en su ciudad es inseguro o peligroso. El dato se obtuvo de la \u00faltima \u201cEncuesta Nacional de Seguridad P\u00fablica Urbana\u201d (ENSU).<\/p>\n","protected":false},"author":3,"featured_media":386462,"comment_status":"open","ping_status":"open","sticky":false,"template":"","format":"standard","meta":{"_monsterinsights_skip_tracking":false,"_monsterinsights_sitenote_active":false,"_monsterinsights_sitenote_note":"","_monsterinsights_sitenote_category":0,"footnotes":""},"categories":[157],"tags":[43686,43674,11515],"class_list":["post-386383","post","type-post","status-publish","format-standard","has-post-thumbnail","hentry","category-augusto-corro","tag-augusto-corro","tag-opinion","tag-punto-por-punto"],"_links":{"self":[{"href":"https:\/\/www.diarioimagen.net\/index.php?rest_route=\/wp\/v2\/posts\/386383","targetHints":{"allow":["GET"]}}],"collection":[{"href":"https:\/\/www.diarioimagen.net\/index.php?rest_route=\/wp\/v2\/posts"}],"about":[{"href":"https:\/\/www.diarioimagen.net\/index.php?rest_route=\/wp\/v2\/types\/post"}],"author":[{"embeddable":true,"href":"https:\/\/www.diarioimagen.net\/index.php?rest_route=\/wp\/v2\/users\/3"}],"replies":[{"embeddable":true,"href":"https:\/\/www.diarioimagen.net\/index.php?rest_route=%2Fwp%2Fv2%2Fcomments&post=386383"}],"version-history":[{"count":0,"href":"https:\/\/www.diarioimagen.net\/index.php?rest_route=\/wp\/v2\/posts\/386383\/revisions"}],"wp:featuredmedia":[{"embeddable":true,"href":"https:\/\/www.diarioimagen.net\/index.php?rest_route=\/wp\/v2\/media\/386462"}],"wp:attachment":[{"href":"https:\/\/www.diarioimagen.net\/index.php?rest_route=%2Fwp%2Fv2%2Fmedia&parent=386383"}],"wp:term":[{"taxonomy":"category","embeddable":true,"href":"https:\/\/www.diarioimagen.net\/index.php?rest_route=%2Fwp%2Fv2%2Fcategories&post=386383"},{"taxonomy":"post_tag","embeddable":true,"href":"https:\/\/www.diarioimagen.net\/index.php?rest_route=%2Fwp%2Fv2%2Ftags&post=386383"}],"curies":[{"name":"wp","href":"https:\/\/api.w.org\/{rel}","templated":true}]}}