{"id":386562,"date":"2018-07-23T00:02:50","date_gmt":"2018-07-23T05:02:50","guid":{"rendered":"http:\/\/www.diarioimagen.net\/?p=386562"},"modified":"2018-07-23T06:05:03","modified_gmt":"2018-07-23T11:05:03","slug":"lleva-oapas-a-las-bibliotecas-la-cultura-del-agua","status":"publish","type":"post","link":"https:\/\/www.diarioimagen.net\/?p=386562","title":{"rendered":"Lleva OAPAS a las bibliotecas la cultura del agua"},"content":{"rendered":"<div id=\"attachment_386665\" style=\"width: 470px\" class=\"wp-caption aligncenter\"><a href=\"http:\/\/www.diarioimagen.net\/?attachment_id=386665\" rel=\"attachment wp-att-386665\"><img loading=\"lazy\" decoding=\"async\" aria-describedby=\"caption-attachment-386665\" class=\"size-large wp-image-386665\" src=\"http:\/\/www.diarioimagen.net\/wp-content\/uploads\/2018\/07\/oapas-3416-460x259.jpg\" alt=\"\" width=\"460\" height=\"259\" srcset=\"https:\/\/www.diarioimagen.net\/wp-content\/uploads\/2018\/07\/oapas-3416-460x259.jpg 460w, https:\/\/www.diarioimagen.net\/wp-content\/uploads\/2018\/07\/oapas-3416-240x135.jpg 240w, https:\/\/www.diarioimagen.net\/wp-content\/uploads\/2018\/07\/oapas-3416-235x132.jpg 235w, https:\/\/www.diarioimagen.net\/wp-content\/uploads\/2018\/07\/oapas-3416-202x114.jpg 202w, https:\/\/www.diarioimagen.net\/wp-content\/uploads\/2018\/07\/oapas-3416-350x196.jpg 350w, https:\/\/www.diarioimagen.net\/wp-content\/uploads\/2018\/07\/oapas-3416-220x123.jpg 220w, https:\/\/www.diarioimagen.net\/wp-content\/uploads\/2018\/07\/oapas-3416-237x132.jpg 237w, https:\/\/www.diarioimagen.net\/wp-content\/uploads\/2018\/07\/oapas-3416.jpg 480w\" sizes=\"auto, (max-width: 460px) 100vw, 460px\" \/><\/a><p id=\"caption-attachment-386665\" class=\"wp-caption-text\">El presidente municipal, V\u00edctor Hugo G\u00e1lvez Astorga, inform\u00f3 que los CAP ofrecen a bajo costo orientaci\u00f3n psicol\u00f3gica, pl\u00e1ticas y talleres psicoeducativos.<\/p><\/div>\n<p>&nbsp;<\/p>\n<p><strong>Naucalpan, Estado de M\u00e9xico.-<\/strong> El Organismo de Agua Potable, Alcantarillado y Saneamiento de Naucalpan (OAPAS), realiza durante esta temporada vacacional jornadas de concientizaci\u00f3n sobre el uso racional del vital l\u00edquido en bibliotecas municipales.<\/p>\n<p>El alcalde, V\u00edctor Hugo G\u00e1lvez Astorga, dijo que personal del \u00e1rea de Cultura del Agua del organismo promueve entre los peque\u00f1os naucalpenses, el cuidado de este importante recurso h\u00eddrico, adem\u00e1s de ser una excelente opci\u00f3n para fomentar las visitas a las bibliotecas de la localidad.<\/p>\n","protected":false},"excerpt":{"rendered":"<p>El Organismo de Agua Potable, Alcantarillado y Saneamiento de Naucalpan (OAPAS), realiza durante esta temporada vacacional jornadas de concientizaci\u00f3n sobre el uso racional del vital l\u00edquido en bibliotecas municipales.<\/p>\n","protected":false},"author":3,"featured_media":386665,"comment_status":"open","ping_status":"open","sticky":false,"template":"","format":"standard","meta":{"_monsterinsights_skip_tracking":false,"_monsterinsights_sitenote_active":false,"_monsterinsights_sitenote_note":"","_monsterinsights_sitenote_category":0,"footnotes":""},"categories":[35155],"tags":[162,43685,43675,970],"class_list":["post-386562","post","type-post","status-publish","format-standard","has-post-thumbnail","hentry","category-estado-de-mexico-estado-de-mexico","tag-agua","tag-cultura","tag-estado-de-mexico","tag-naucalpan"],"_links":{"self":[{"href":"https:\/\/www.diarioimagen.net\/index.php?rest_route=\/wp\/v2\/posts\/386562","targetHints":{"allow":["GET"]}}],"collection":[{"href":"https:\/\/www.diarioimagen.net\/index.php?rest_route=\/wp\/v2\/posts"}],"about":[{"href":"https:\/\/www.diarioimagen.net\/index.php?rest_route=\/wp\/v2\/types\/post"}],"author":[{"embeddable":true,"href":"https:\/\/www.diarioimagen.net\/index.php?rest_route=\/wp\/v2\/users\/3"}],"replies":[{"embeddable":true,"href":"https:\/\/www.diarioimagen.net\/index.php?rest_route=%2Fwp%2Fv2%2Fcomments&post=386562"}],"version-history":[{"count":0,"href":"https:\/\/www.diarioimagen.net\/index.php?rest_route=\/wp\/v2\/posts\/386562\/revisions"}],"wp:featuredmedia":[{"embeddable":true,"href":"https:\/\/www.diarioimagen.net\/index.php?rest_route=\/wp\/v2\/media\/386665"}],"wp:attachment":[{"href":"https:\/\/www.diarioimagen.net\/index.php?rest_route=%2Fwp%2Fv2%2Fmedia&parent=386562"}],"wp:term":[{"taxonomy":"category","embeddable":true,"href":"https:\/\/www.diarioimagen.net\/index.php?rest_route=%2Fwp%2Fv2%2Fcategories&post=386562"},{"taxonomy":"post_tag","embeddable":true,"href":"https:\/\/www.diarioimagen.net\/index.php?rest_route=%2Fwp%2Fv2%2Ftags&post=386562"}],"curies":[{"name":"wp","href":"https:\/\/api.w.org\/{rel}","templated":true}]}}