{"id":386710,"date":"2018-07-24T00:05:45","date_gmt":"2018-07-24T05:05:45","guid":{"rendered":"http:\/\/www.diarioimagen.net\/?p=386710"},"modified":"2018-07-24T23:09:01","modified_gmt":"2018-07-25T04:09:01","slug":"mexico-pide-a-eu-frenar-hostilidades-en-negociacion-del-tlcan","status":"publish","type":"post","link":"https:\/\/www.diarioimagen.net\/?p=386710","title":{"rendered":"M\u00e9xico demanda a EU frenar las hostilidades"},"content":{"rendered":"<ul>\n<li><strong><em>En negociaci\u00f3n del TLCAN<\/em><\/strong><\/li>\n<\/ul>\n<p>&nbsp;<\/p>\n<div id=\"attachment_386711\" style=\"width: 470px\" class=\"wp-caption aligncenter\"><img loading=\"lazy\" decoding=\"async\" aria-describedby=\"caption-attachment-386711\" class=\"wp-image-386711 size-large\" src=\"http:\/\/www.diarioimagen.net\/wp-content\/uploads\/2018\/07\/TLC24-portal-460x268.jpg\" alt=\"\" width=\"460\" height=\"268\" srcset=\"https:\/\/www.diarioimagen.net\/wp-content\/uploads\/2018\/07\/TLC24-portal-460x268.jpg 460w, https:\/\/www.diarioimagen.net\/wp-content\/uploads\/2018\/07\/TLC24-portal-240x140.jpg 240w, https:\/\/www.diarioimagen.net\/wp-content\/uploads\/2018\/07\/TLC24-portal.jpg 480w\" sizes=\"auto, (max-width: 460px) 100vw, 460px\" \/><p id=\"caption-attachment-386711\" class=\"wp-caption-text\">El secretario de Econom\u00eda, Ildefonso Guajardo Villarreal, afirm\u00f3 que las pr\u00f3ximas conversaciones del TLCAN se deben hacer un ambiente de estabilidad.<\/p><\/div>\n<p>&nbsp;<\/p>\n<p>Ildefonso Guajardo Villarreal, secretario de Econom\u00eda, llam\u00f3 al gobierno de Estados Unidos a poner un alto a las hostilidades comerciales ante la reanudaci\u00f3n de la negociaci\u00f3n del Tratado de Libre Comercio de Am\u00e9rica del Norte (TLCAN), programada en Washington el pr\u00f3ximo 26 de julio.<\/p>\n<p>Tras participar en la inauguraci\u00f3n de la Alianza del Pac\u00edfico, bloque conformado por Colombia, Chile, Per\u00fa y M\u00e9xico, dijo que la delegaci\u00f3n mexicana ir\u00e1 a aquel pa\u00eds para definir su posici\u00f3n: \u201cpara que la paz llegue hay que tener una tregua\u201d.<\/p>\n<p>El encargado de la pol\u00edtica comercial apunt\u00f3 que las pr\u00f3ximas conversaciones del TLCAN se deben hacer un ambiente de estabilidad, y para que ello ocurra \u201ctiene que haber un alto a hostilidades\u201d. Sostuvo que se debe tener una tregua en la aplicaci\u00f3n de aranceles a las importaciones de insumos mexicanos, como el 25 por ciento al acero y 10 por ciento al aluminio, y sobre la actual investigaci\u00f3n de la Secci\u00f3n 232 para veh\u00edculos y autopartes.<\/p>\n<p>Al respecto, record\u00f3 que el gobierno mexicano inici\u00f3 el procedimiento de impugnaci\u00f3n ante la Organizaci\u00f3n Mundial del Comercio (OMC), pero independiente a ello se llegar\u00e1 a Washington con esa posici\u00f3n.<\/p>\n<p>Se\u00f1al\u00f3 que la presencia de Jes\u00fas Seade, propuesto para ser jefe negociador del TLCAN, y Graciela M\u00e1rquez, designada como posible titular de la Secretar\u00eda de Econom\u00eda (SE), es muy significativo.<\/p>\n<p>Guajardo Villarreal expuso que este mi\u00e9rcoles se reunir\u00e1 con la canciller de Canad\u00e1, Chrystia Freeland, en la Ciudad de M\u00e9xico y tendr\u00e1n la oportunidad de preparar una serie de temas que est\u00e1n pendientes y son complejos antes de las conversaciones en el pa\u00eds vecino del norte.<\/p>\n<p>En el encuentro realizado en un hotel en la zona Marina Vallarta, apunt\u00f3 que la ventana de oportunidad se encuentra en que el gobierno actual y el de transici\u00f3n comparten la misma visi\u00f3n para alcanzar un acuerdo trilateral entre M\u00e9xico, Estados Unidos\u00a0 y Canad\u00e1.<\/p>\n<p>\u201cEsta negociaci\u00f3n, qu\u00e9 implicar\u00eda si llegamos a un acuerdo, ser\u00eda respaldado por el gobierno que termina y el gobierno que inicia, les da m\u00e1s credibilidad el sostenimiento de lo negociado en el tiempo\u201d, a\u00f1adi\u00f3.<\/p>\n<p>Guajardo Villarreal apunt\u00f3 que entre ambos equipos sostienen el v\u00ednculo de tener una \u201cAm\u00e9rica unida y fuerte\u201d, como se ha mostrado al pasar tambi\u00e9n la estafeta del boque comercial entre Colombia, Chile, Per\u00fa y M\u00e9xico.<\/p>\n<p>En ese sentido, refiri\u00f3 que los cuatro pa\u00edses de la Alianza del Pac\u00edfico y las cuatro naciones candidatas a sumarse -Singapur, Nueva Zelanda, Canad\u00e1 y Australia- trazaron un mapa de ruta para los siguientes tres meses.<\/p>\n<p>\u201cCon ellos pretendemos finalizar el proceso de negociaci\u00f3n e integrarlos al protocolo de comercio de inversiones; hay pa\u00edses que en esta cumbre est\u00e1n alzando la mano, como Ecuador\u201d, expuso.<\/p>\n<p>A\u00f1adi\u00f3 que los pa\u00edses interesados en sumarse al bloque regional deben compartir la plataforma de principios, objetivo y, sobre todo, la conducci\u00f3n de econom\u00edas con certidumbre y de libre mercado.<\/p>\n","protected":false},"excerpt":{"rendered":"<p>Ildefonso Guajardo Villarreal, secretario de Econom\u00eda, llam\u00f3 al gobierno de Estados Unidos a poner un alto a las hostilidades comerciales ante la reanudaci\u00f3n de la negociaci\u00f3n del Tratado de Libre Comercio de Am\u00e9rica del Norte (TLCAN), programada en Washington el pr\u00f3ximo 26 de julio.<\/p>\n","protected":false},"author":5,"featured_media":386711,"comment_status":"open","ping_status":"open","sticky":false,"template":"","format":"standard","meta":{"_monsterinsights_skip_tracking":false,"footnotes":""},"categories":[8],"tags":[122,1197,76269,76268,43678,26964,43673,76270,2167],"class_list":["post-386710","post","type-post","status-publish","format-standard","has-post-thumbnail","hentry","category-finanzas","tag-chile","tag-colombia","tag-dialogo-este-jueves","tag-eu-frenar-hostilidades","tag-finanzas","tag-ildefonso-guajardo-villarreal","tag-nacional","tag-peru-y-mexico","tag-tlcan"],"_links":{"self":[{"href":"https:\/\/www.diarioimagen.net\/index.php?rest_route=\/wp\/v2\/posts\/386710","targetHints":{"allow":["GET"]}}],"collection":[{"href":"https:\/\/www.diarioimagen.net\/index.php?rest_route=\/wp\/v2\/posts"}],"about":[{"href":"https:\/\/www.diarioimagen.net\/index.php?rest_route=\/wp\/v2\/types\/post"}],"author":[{"embeddable":true,"href":"https:\/\/www.diarioimagen.net\/index.php?rest_route=\/wp\/v2\/users\/5"}],"replies":[{"embeddable":true,"href":"https:\/\/www.diarioimagen.net\/index.php?rest_route=%2Fwp%2Fv2%2Fcomments&post=386710"}],"version-history":[{"count":0,"href":"https:\/\/www.diarioimagen.net\/index.php?rest_route=\/wp\/v2\/posts\/386710\/revisions"}],"wp:featuredmedia":[{"embeddable":true,"href":"https:\/\/www.diarioimagen.net\/index.php?rest_route=\/wp\/v2\/media\/386711"}],"wp:attachment":[{"href":"https:\/\/www.diarioimagen.net\/index.php?rest_route=%2Fwp%2Fv2%2Fmedia&parent=386710"}],"wp:term":[{"taxonomy":"category","embeddable":true,"href":"https:\/\/www.diarioimagen.net\/index.php?rest_route=%2Fwp%2Fv2%2Fcategories&post=386710"},{"taxonomy":"post_tag","embeddable":true,"href":"https:\/\/www.diarioimagen.net\/index.php?rest_route=%2Fwp%2Fv2%2Ftags&post=386710"}],"curies":[{"name":"wp","href":"https:\/\/api.w.org\/{rel}","templated":true}]}}