{"id":386753,"date":"2018-07-24T00:11:58","date_gmt":"2018-07-24T05:11:58","guid":{"rendered":"http:\/\/www.diarioimagen.net\/?p=386753"},"modified":"2018-07-24T02:44:55","modified_gmt":"2018-07-24T07:44:55","slug":"instruyen-a-pequenos-en-temas-de-proteccion-civil","status":"publish","type":"post","link":"https:\/\/www.diarioimagen.net\/?p=386753","title":{"rendered":"Instruyen a peque\u00f1os en temas de protecci\u00f3n civil"},"content":{"rendered":"<h2>Arco Norte<\/h2>\n<h5>Jos\u00e9 Luis Monta\u00f1ez Aguilar<\/h5>\n<p>&nbsp;<\/p>\n<p><a href=\"http:\/\/www.diarioimagen.net\/?attachment_id=386856\" rel=\"attachment wp-att-386856\"><img loading=\"lazy\" decoding=\"async\" class=\"aligncenter size-large wp-image-386856\" src=\"http:\/\/www.diarioimagen.net\/wp-content\/uploads\/2018\/07\/arco-3417-460x259.jpg\" alt=\"\" width=\"460\" height=\"259\" srcset=\"https:\/\/www.diarioimagen.net\/wp-content\/uploads\/2018\/07\/arco-3417-460x259.jpg 460w, https:\/\/www.diarioimagen.net\/wp-content\/uploads\/2018\/07\/arco-3417-240x135.jpg 240w, https:\/\/www.diarioimagen.net\/wp-content\/uploads\/2018\/07\/arco-3417-235x132.jpg 235w, https:\/\/www.diarioimagen.net\/wp-content\/uploads\/2018\/07\/arco-3417-202x114.jpg 202w, https:\/\/www.diarioimagen.net\/wp-content\/uploads\/2018\/07\/arco-3417-350x196.jpg 350w, https:\/\/www.diarioimagen.net\/wp-content\/uploads\/2018\/07\/arco-3417-220x123.jpg 220w, https:\/\/www.diarioimagen.net\/wp-content\/uploads\/2018\/07\/arco-3417-237x132.jpg 237w, https:\/\/www.diarioimagen.net\/wp-content\/uploads\/2018\/07\/arco-3417.jpg 480w\" sizes=\"auto, (max-width: 460px) 100vw, 460px\" \/><\/a><\/p>\n<p>&nbsp;<\/p>\n<p>La Coordinaci\u00f3n General de Protecci\u00f3n Civil del Estado de M\u00e9xico lleva a cabo el 19\u00b0 Taller de Verano, titulado \u201cLa Protecci\u00f3n Civil en los Ni\u00f1os\u201d, cuyo prop\u00f3sito es fomentar una cultura en esta materia y que los ni\u00f1os sepan qu\u00e9 medidas de seguridad tomar y c\u00f3mo reaccionar ante fen\u00f3menos inesperados.<\/p>\n<p>A realizarse del 23 de julio al 10 de agosto, el taller est\u00e1 dirigido a menores de 6 a 12 a\u00f1os de edad, quienes participan en actividades f\u00edsicas y te\u00f3ricas de Protecci\u00f3n Civil, Derechos Humanos, Educaci\u00f3n Vial, Cuidado del Medio Ambiente, Cultura del Agua y Aire Limpio; as\u00ed como en temas que tienen que ver con la prevenci\u00f3n de accidentes en la casa, c\u00f3mo actuar ante un sismo, un incendio, o un evento de ahogamiento.<\/p>\n<p>Entre otros aspectos, los peque\u00f1os son capacitados en la prevenci\u00f3n de incendios forestales, as\u00ed como en el adecuado manejo de fuegos pirot\u00e9cnicos;\u00a0 algunas instituciones adiestran sobre las se\u00f1ales para que tengan cuidado con el tren, mientras que otras les hablan sobre la importancia de la autoestima y los valores, adem\u00e1s se les informa acerca de los n\u00fameros de emergencias, y cu\u00e1les son sus deberes y obligaciones.<\/p>\n<p>Tambi\u00e9n se realizan actividades recreativas, entre las que destacan las de los \u201cPoliyasos\u201d, que son payasitos disfrazados de polic\u00eda, quienes se encargan de divertir a los peque\u00f1os, al tiempo de hablarles de los efectos que tienen temas como el bullying en los centros escolares.<\/p>\n<p>El teatro gui\u00f1ol tambi\u00e9n forma parte de las din\u00e1micas orientadas\u00a0 hacia los m\u00e1s peque\u00f1os.<\/p>\n<p>Estas actividades y los cursos se desarrollan desde el a\u00f1o 2000, para crear una cultura de prevenci\u00f3n y contribuir a la inhibici\u00f3n de delitos; tambi\u00e9n se cuenta con una exhibici\u00f3n canina, en la que tambi\u00e9n hay presencia de obst\u00e1culos y rescate canino en la b\u00fasqueda de ni\u00f1os que pudieran estar desaparecidos.<\/p>\n<p>Una de las estrategias para promover esta cultura de prevenci\u00f3n es direccionar la educaci\u00f3n hacia la base de la poblaci\u00f3n integrada por el sector infantil; de esta manera, los ni\u00f1os ser\u00e1n los encargados de conformar y formar a las generaciones futuras, con una visi\u00f3n de fortalecimiento de la cultura de prevenci\u00f3n y del cuidado del medio ambiente.<\/p>\n<p><em><a href=\"mailto:montanezaguilar@gmail.com\" target=\"_blank\" rel=\"noopener\">montanezaguilar@gmail.com<\/a><\/em><\/p>\n","protected":false},"excerpt":{"rendered":"<p><span style=\"color: #005497;\">Jos\u00e9 Luis Monta\u00f1ez Aguilar<\/span><br \/>\n<br \/>\nLa Coordinaci\u00f3n General de Protecci\u00f3n Civil del Estado de M\u00e9xico lleva a cabo el 19\u00b0 Taller de Verano, titulado \u201cLa Protecci\u00f3n Civil en los Ni\u00f1os\u201d, cuyo prop\u00f3sito es fomentar una cultura en esta materia y que los ni\u00f1os sepan qu\u00e9 medidas de seguridad tomar y c\u00f3mo reaccionar ante fen\u00f3menos inesperados.<\/p>\n","protected":false},"author":3,"featured_media":386856,"comment_status":"open","ping_status":"open","sticky":false,"template":"","format":"standard","meta":{"_monsterinsights_skip_tracking":false,"_monsterinsights_sitenote_active":false,"_monsterinsights_sitenote_note":"","_monsterinsights_sitenote_category":0,"footnotes":""},"categories":[5],"tags":[13284,43704,43674],"class_list":["post-386753","post","type-post","status-publish","format-standard","has-post-thumbnail","hentry","category-estado-de-mexico","tag-arco-norte","tag-jose-luis-montanez-aguilar","tag-opinion"],"_links":{"self":[{"href":"https:\/\/www.diarioimagen.net\/index.php?rest_route=\/wp\/v2\/posts\/386753","targetHints":{"allow":["GET"]}}],"collection":[{"href":"https:\/\/www.diarioimagen.net\/index.php?rest_route=\/wp\/v2\/posts"}],"about":[{"href":"https:\/\/www.diarioimagen.net\/index.php?rest_route=\/wp\/v2\/types\/post"}],"author":[{"embeddable":true,"href":"https:\/\/www.diarioimagen.net\/index.php?rest_route=\/wp\/v2\/users\/3"}],"replies":[{"embeddable":true,"href":"https:\/\/www.diarioimagen.net\/index.php?rest_route=%2Fwp%2Fv2%2Fcomments&post=386753"}],"version-history":[{"count":0,"href":"https:\/\/www.diarioimagen.net\/index.php?rest_route=\/wp\/v2\/posts\/386753\/revisions"}],"wp:featuredmedia":[{"embeddable":true,"href":"https:\/\/www.diarioimagen.net\/index.php?rest_route=\/wp\/v2\/media\/386856"}],"wp:attachment":[{"href":"https:\/\/www.diarioimagen.net\/index.php?rest_route=%2Fwp%2Fv2%2Fmedia&parent=386753"}],"wp:term":[{"taxonomy":"category","embeddable":true,"href":"https:\/\/www.diarioimagen.net\/index.php?rest_route=%2Fwp%2Fv2%2Fcategories&post=386753"},{"taxonomy":"post_tag","embeddable":true,"href":"https:\/\/www.diarioimagen.net\/index.php?rest_route=%2Fwp%2Fv2%2Ftags&post=386753"}],"curies":[{"name":"wp","href":"https:\/\/api.w.org\/{rel}","templated":true}]}}