{"id":386775,"date":"2018-07-24T00:09:35","date_gmt":"2018-07-24T05:09:35","guid":{"rendered":"http:\/\/www.diarioimagen.net\/?p=386775"},"modified":"2018-07-24T02:36:44","modified_gmt":"2018-07-24T07:36:44","slug":"tecnologia-logro-que-el-performance-se-desplace-a-espacios-virtuales","status":"publish","type":"post","link":"https:\/\/www.diarioimagen.net\/?p=386775","title":{"rendered":"Tecnolog\u00eda logr\u00f3 que el performance se desplace a espacios virtuales"},"content":{"rendered":"<p><a href=\"http:\/\/www.diarioimagen.net\/?attachment_id=386876\" rel=\"attachment wp-att-386876\"><img loading=\"lazy\" decoding=\"async\" class=\"aligncenter size-large wp-image-386876\" src=\"http:\/\/www.diarioimagen.net\/wp-content\/uploads\/2018\/07\/UAEM-3417-460x259.jpg\" alt=\"\" width=\"460\" height=\"259\" srcset=\"https:\/\/www.diarioimagen.net\/wp-content\/uploads\/2018\/07\/UAEM-3417-460x259.jpg 460w, https:\/\/www.diarioimagen.net\/wp-content\/uploads\/2018\/07\/UAEM-3417-240x135.jpg 240w, https:\/\/www.diarioimagen.net\/wp-content\/uploads\/2018\/07\/UAEM-3417-235x132.jpg 235w, https:\/\/www.diarioimagen.net\/wp-content\/uploads\/2018\/07\/UAEM-3417-202x114.jpg 202w, https:\/\/www.diarioimagen.net\/wp-content\/uploads\/2018\/07\/UAEM-3417-350x196.jpg 350w, https:\/\/www.diarioimagen.net\/wp-content\/uploads\/2018\/07\/UAEM-3417-220x123.jpg 220w, https:\/\/www.diarioimagen.net\/wp-content\/uploads\/2018\/07\/UAEM-3417-237x132.jpg 237w, https:\/\/www.diarioimagen.net\/wp-content\/uploads\/2018\/07\/UAEM-3417.jpg 480w\" sizes=\"auto, (max-width: 460px) 100vw, 460px\" \/><\/a><\/p>\n<p>&nbsp;<\/p>\n<p><strong>Toluca, Estado de M\u00e9xico<\/strong>.-El performance rompe con los c\u00e1nones establecidos y los convencionalismos est\u00e9ticos, dijo la acad\u00e9mica de la Facultad de Artes de la Universidad Aut\u00f3noma del Estado de M\u00e9xico, Ana Rosa Barrios Tovares, al dictar la conferencia \u201cPerformance en la era medi\u00e1tica\u201d, en el marco del Primer Coloquio \u201cLa Literatura y otras Derivaciones Est\u00e9ticas\u201d.<\/p>\n<p>En la Facultad de Humanidades de la UAEM, la especialista asever\u00f3 que en la actualidad, quien realiza un acto perfom\u00e1tico establece conexiones con el p\u00fablico a trav\u00e9s de las redes sociales y el video. La tecnolog\u00eda logr\u00f3 que el performance se desplace a espacios virtuales.<\/p>\n","protected":false},"excerpt":{"rendered":"<p>El performance rompe con los c\u00e1nones establecidos y los convencionalismos est\u00e9ticos, dijo la acad\u00e9mica de la Facultad de Artes de la Universidad Aut\u00f3noma del Estado de M\u00e9xico, Ana Rosa Barrios Tovares, al dictar la conferencia \u201cPerformance en la era medi\u00e1tica\u201d, en el marco del Primer Coloquio \u201cLa Literatura y otras Derivaciones Est\u00e9ticas\u201d.<\/p>\n","protected":false},"author":3,"featured_media":386876,"comment_status":"open","ping_status":"open","sticky":false,"template":"","format":"standard","meta":{"_monsterinsights_skip_tracking":false,"_monsterinsights_sitenote_active":false,"_monsterinsights_sitenote_note":"","_monsterinsights_sitenote_category":0,"footnotes":""},"categories":[35155],"tags":[46970,43675,452,1491,75463],"class_list":["post-386775","post","type-post","status-publish","format-standard","has-post-thumbnail","hentry","category-estado-de-mexico-estado-de-mexico","tag-espacio","tag-estado-de-mexico","tag-toluca","tag-uaem","tag-virtual"],"_links":{"self":[{"href":"https:\/\/www.diarioimagen.net\/index.php?rest_route=\/wp\/v2\/posts\/386775","targetHints":{"allow":["GET"]}}],"collection":[{"href":"https:\/\/www.diarioimagen.net\/index.php?rest_route=\/wp\/v2\/posts"}],"about":[{"href":"https:\/\/www.diarioimagen.net\/index.php?rest_route=\/wp\/v2\/types\/post"}],"author":[{"embeddable":true,"href":"https:\/\/www.diarioimagen.net\/index.php?rest_route=\/wp\/v2\/users\/3"}],"replies":[{"embeddable":true,"href":"https:\/\/www.diarioimagen.net\/index.php?rest_route=%2Fwp%2Fv2%2Fcomments&post=386775"}],"version-history":[{"count":0,"href":"https:\/\/www.diarioimagen.net\/index.php?rest_route=\/wp\/v2\/posts\/386775\/revisions"}],"wp:featuredmedia":[{"embeddable":true,"href":"https:\/\/www.diarioimagen.net\/index.php?rest_route=\/wp\/v2\/media\/386876"}],"wp:attachment":[{"href":"https:\/\/www.diarioimagen.net\/index.php?rest_route=%2Fwp%2Fv2%2Fmedia&parent=386775"}],"wp:term":[{"taxonomy":"category","embeddable":true,"href":"https:\/\/www.diarioimagen.net\/index.php?rest_route=%2Fwp%2Fv2%2Fcategories&post=386775"},{"taxonomy":"post_tag","embeddable":true,"href":"https:\/\/www.diarioimagen.net\/index.php?rest_route=%2Fwp%2Fv2%2Ftags&post=386775"}],"curies":[{"name":"wp","href":"https:\/\/api.w.org\/{rel}","templated":true}]}}