{"id":387008,"date":"2018-07-25T00:01:45","date_gmt":"2018-07-25T05:01:45","guid":{"rendered":"http:\/\/www.diarioimagen.net\/?p=387008"},"modified":"2018-07-25T03:46:35","modified_gmt":"2018-07-25T08:46:35","slug":"copa-airlines-reconocida-por-skytrax-como-la-mejor-aerolinea-de-centroamerica-y-el-caribe-y-mejor-personal-de-aerolinea-en-centroamerica-y-el-caribe","status":"publish","type":"post","link":"https:\/\/www.diarioimagen.net\/?p=387008","title":{"rendered":"<em>Copa Airlines<\/em>, reconocida por <em>Skytrax<\/em> como la \u201cMejor Aerol\u00ednea de Centroam\u00e9rica y el Caribe\u201d y \u201cMejor Personal de Aerol\u00ednea en Centroam\u00e9rica y el Caribe\u201d"},"content":{"rendered":"<h2>De cinco estrellas<\/h2>\n<h5>Victoria Gonz\u00e1lez Prado<\/h5>\n<p>&nbsp;<\/p>\n<ul>\n<li><em><strong>El Aeropuerto Internacional de Puebla Hermanos Serd\u00e1n increment\u00f3 en 34.8% el n\u00famero de visitantes<\/strong><\/em><\/li>\n<li><em><strong>Prev\u00e9 <\/strong><\/em><strong>PriceTravel Holding<\/strong><em><strong> importante crecimiento este verano, al venderse alrededor de 120 mil cuartos-noche en destinos de sol y playa<\/strong><\/em><\/li>\n<li><em><strong>El turismo m\u00e9dico en M\u00e9xico vale m\u00e1s de 3 mmdd y est\u00e1 en peligro por la inseguridad en el pa\u00eds<\/strong><\/em><\/li>\n<\/ul>\n<p>&nbsp;<\/p>\n<div id=\"attachment_387104\" style=\"width: 470px\" class=\"wp-caption aligncenter\"><a href=\"http:\/\/www.diarioimagen.net\/?attachment_id=387104\" rel=\"attachment wp-att-387104\"><img loading=\"lazy\" decoding=\"async\" aria-describedby=\"caption-attachment-387104\" class=\"size-large wp-image-387104\" src=\"http:\/\/www.diarioimagen.net\/wp-content\/uploads\/2018\/07\/turismo-3418-460x259.jpg\" alt=\"\" width=\"460\" height=\"259\" srcset=\"https:\/\/www.diarioimagen.net\/wp-content\/uploads\/2018\/07\/turismo-3418-460x259.jpg 460w, https:\/\/www.diarioimagen.net\/wp-content\/uploads\/2018\/07\/turismo-3418-240x135.jpg 240w, https:\/\/www.diarioimagen.net\/wp-content\/uploads\/2018\/07\/turismo-3418-235x132.jpg 235w, https:\/\/www.diarioimagen.net\/wp-content\/uploads\/2018\/07\/turismo-3418-202x114.jpg 202w, https:\/\/www.diarioimagen.net\/wp-content\/uploads\/2018\/07\/turismo-3418-350x196.jpg 350w, https:\/\/www.diarioimagen.net\/wp-content\/uploads\/2018\/07\/turismo-3418-220x123.jpg 220w, https:\/\/www.diarioimagen.net\/wp-content\/uploads\/2018\/07\/turismo-3418-237x132.jpg 237w, https:\/\/www.diarioimagen.net\/wp-content\/uploads\/2018\/07\/turismo-3418.jpg 480w\" sizes=\"auto, (max-width: 460px) 100vw, 460px\" \/><\/a><p id=\"caption-attachment-387104\" class=\"wp-caption-text\">Katherine Katsudas y George Mazulis recibieron el premio.<\/p><\/div>\n<p><em>\u00a0<\/em><\/p>\n<p><em>Copa Airlines,<\/em> miembro de la red global <em>Star Alliance<\/em>, ha sido reconocida por la compa\u00f1\u00eda internacional <em>Skytrax,<\/em> como la \u201cMejor Aerol\u00ednea de Centroam\u00e9rica y el Caribe\u201d y \u201cMejor Personal de Aerol\u00ednea en Centroam\u00e9rica y el Caribe\u201d, reconocimientos que representan la lealtad y preferencia de los pasajeros que disfrutan de los servicios de la compa\u00f1\u00eda y que la calificaron positivamente en la encuesta de servicio al cliente, organizada anualmente por la empresa auditora para definir el ranking de los <em>World Airline Awards,<\/em> que miden aspectos claves de la satisfacci\u00f3n al cliente.<\/p>\n<p><strong>Pedro Heilbron<\/strong>, presidente ejecutivo de la aerol\u00ednea, dijo: \u201crecibir estos premios <em>Skytrax,<\/em> considerados los Oscar en la industria de la aviaci\u00f3n, son el resultado del trabajo diario de todos los colaboradores de <em>Copa Airlines<\/em>. Su compromiso y dedicaci\u00f3n hacen posible que nuestros pasajeros disfruten de un servicio de Clase Mundial. Estos premios ratifican una vez m\u00e1s que el servicio y la puntualidad de nuestros vuelos son factores de diferenciaci\u00f3n clave para permitirnos consolidarnos como la aerol\u00ednea l\u00edder en la regi\u00f3n\u201d.<\/p>\n<p>Por su parte, <strong>Edward Plaisted<\/strong>, CEO de <em>Skytrax,<\/em> subray\u00f3: \u201cla aerol\u00ednea cuenta con un gran nivel de lealtad y reconocimiento por los encuestados, y esto claramente es un testimonio importante de la calidad de la experiencia en productos y servicios que hace que la aerol\u00ednea sea recompensada una vez m\u00e1s por su excelencia\u201d.<\/p>\n<p>\u2730\u2730\u2730\u2730\u2730 El Aeropuerto Internacional de Puebla Hermanos Serd\u00e1n, en los primeros seis meses del a\u00f1o, registr\u00f3 un incremento de pasajeros, al pasar de 230 mil 471, a 310 mil 633 visitantes, lo que representa un crecimiento de 34.8 por ciento en comparaci\u00f3n con igual periodo del 2017.<\/p>\n<p>En este lapso realiz\u00f3 m\u00e1s de 10 mil operaciones a\u00e9reas y en materia de transporte de carga a\u00e9rea transportada, alcanz\u00f3 el movimiento de 540 mil 315 kilogramos, cifra que la convierte en la de mayor demanda en la Red de Aeropuertos y Servicios Auxiliares (ASA).<\/p>\n<p><strong>\u00a0<\/strong>\u2730\u2730\u2730\u2730\u2730 De acuerdo con datos de\u00a0 <em>PriceTravel Holding<\/em>, se prev\u00e9 la venta de 120 mil cuartos-noche en esta temporada vacacional de verano, lo que representa una oportunidad para fortalecer el turismo nacional.<\/p>\n<p>En la tercera semana de julio se registra el mayor porcentaje en ventas respecto a otros meses y para 2018 se estima un crecimiento del 15 por ciento en venta de productos terrestres, a partir de lo registrado en 2017.<\/p>\n<p>Durante el periodo de enero a abril de 2018 el porcentaje de ocupaci\u00f3n hotelera fue de 62.9 por ciento, de acuerdo con datos de la Secretar\u00eda de Turismo Federal (Sectur), que se fortalece durante la pr\u00f3xima temporada vacacional, gracias a la demanda de los viajeros.<\/p>\n<p>Los destinos de sol y playa concentran el mayor n\u00famero de reservaciones, como es el caso de Canc\u00fan, Puerto Vallarta, Huatulco, Riviera Maya, Los Cabos, Riviera Nayarit, Mazatl\u00e1n, Ixtapa y Acapulco.<\/p>\n<p><strong>Mariano Garc\u00eda<\/strong>, gerente de Ventas en l\u00ednea de la <em>online, <\/em>dijo: \u201clas playas del Caribe y el Pac\u00edfico son preferidas por los viajeros, gracias a la amplia oferta de actividades y deportes acu\u00e1ticos que se pueden llevar a cabo. Adem\u00e1s, existe la posibilidad de complementar su experiencia de viaje con tours o circuitos, a trav\u00e9s de los cuales pueden conocer los lugares m\u00e1s representativos del destino\u201d.<\/p>\n<p>Pese a que el turismo dom\u00e9stico predomina durante el verano, los destinos internacionales que reciben un mayor n\u00famero de turistas mexicanos en este periodo vacacional son Madrid, Las Vegas, Orlando, Nueva York, Punta Cana y Londres, de acuerdo con el n\u00famero de reservas registradas por la agencia de viajes en l\u00ednea.<\/p>\n<p><strong>\u00a0<\/strong>\u2730\u2730\u2730\u2730\u2730 El turismo m\u00e9dico en M\u00e9xico tiene un valor de m\u00e1s de 3 mil millones de d\u00f3lares y crecimiento anual de 21 por ciento, pero la\u00a0 delincuencia puede acabar con este sector econ\u00f3mico, alerta <strong>Alejandro Desfassiaux<\/strong>, autor de \u201cC\u00f3mo poner un alto a la inseguridad en M\u00e9xico\u201d.<\/p>\n<p>El tambi\u00e9n presidente del Consejo Nacional de Seguridad Privada, se\u00f1ala: \u201cnuestro pa\u00eds ocupa el segundo lugar mundial en atenci\u00f3n m\u00e9dica a extranjeros con 1.2 millones de pacientes, detr\u00e1s de Tailandia con 1.8 millones. Existen riesgos que no pueden soslayarse, pues el crimen cuesta 42 mil millones de pesos a la iniciativa privada\u201d.<\/p>\n<p>El <em>boom<\/em> de los viajes emprendidos al pa\u00eds para obtener diagn\u00f3stico, tratamiento m\u00e9dico, cura, rehabilitaci\u00f3n o cirug\u00eda, se debe b\u00e1sicamente a que M\u00e9xico tiene un cuerpo m\u00e9dico de clase mundial y cuenta con servicios m\u00e9dicos que no cubren la mayor\u00eda de las naciones, como odontolog\u00eda, oftalmolog\u00eda, est\u00e9ticos, fertilidad y bariatr\u00eda.<\/p>\n<p>\u201cSin embargo, se multiplican riesgos por descontrol en los accesos hospitalarios, robo hormiga, fallas en el control en el resguardo de f\u00e1rmacos o sustancias controladas, mal manejo de residuos peligrosos o infect\u00f3logos, ignorancia del personal para responder ante emergencias m\u00e9dicas y robo de f\u00e1rmacos controlados, precursores o psicotr\u00f3picos\u201d, menciona el autor.<\/p>\n<p><strong>Defassiaux <\/strong>menciona que en hospitales y laboratorios m\u00e9dicos el retorno sobre la inversi\u00f3n en la seguridad o costo\/beneficio es de los m\u00e1s altos\u201d, refiere el experto en seguridad.<\/p>\n<p>\u201cLa entidad donde m\u00e1s empresas se pierden por los actos delictivos es la Ciudad de M\u00e9xico, con 5 mil 700, en segundo lugar el Estado de M\u00e9xico, con 4 mil 800, Guerrero, 2 mil 800, Guanajuato, 2 mil 500 y Tamaulipas, 2 mil 400, entidades relevantes\u201d.<\/p>\n<p>Contamos con un sector econ\u00f3mico boyante por la calidad de los servicios m\u00e9dicos privados, buen precio en los tratamientos y atractivos tur\u00edsticos del pa\u00eds, pero de los turistas que viajan a M\u00e9xico por motivos de salud, 80 por ciento son estadounidenses.<\/p>\n<p>A estos datos <strong>Desfassiaux,<\/strong> asegur\u00f3: \u201cEstados Unidos alerta a sus ciudadanos sobre la violencia en Cabo San Lucas, San Jos\u00e9 del Cabo, La Paz, Canc\u00fan, Cozumel, Playa del Carmen, la Riviera Maya, Isla Mujeres, Holbox, Quer\u00e9taro, Ciudad de M\u00e9xico, Guadalajara, Puerto Vallarta, Riviera Nayarita, Punta Mita, Nuevo Vallarta, Guanajuato, San Miguel de Allende, M\u00e9rida, Puebla, Palenque y Campeche\u201d.<\/p>\n<p>Los anteriores son destinos principales para el llamado turismo <em>wellness<\/em> o de bienestar y ocupa el primer lugar en Latinoam\u00e9rica en este turismo contra el <em>estr\u00e9s<\/em>, por lo que <strong>Desfassiaux<\/strong> invita a generar todos los protocolos de seguridad en estos lugares.<\/p>\n<p><em><a href=\"mailto:victoriagprado@gmail.com\" target=\"_blank\" rel=\"noopener\">victoriagprado@gmail.com<\/a><\/em><br \/>\n<em> Twitter: <a href=\"https:\/\/twitter.com\/victoriagprado\" target=\"_blank\" rel=\"noopener\">@victoriagprado<\/a><\/em><\/p>\n","protected":false},"excerpt":{"rendered":"<p><em>Copa Airlines,<\/em> miembro de la red global <em>Star Alliance<\/em>, ha sido reconocida por la compa\u00f1\u00eda internacional <em>Skytrax,<\/em> como la \u201cMejor Aerol\u00ednea de Centroam\u00e9rica y el Caribe\u201d y \u201cMejor Personal de Aerol\u00ednea en Centroam\u00e9rica y el Caribe\u201d, reconocimientos que representan la lealtad y preferencia de los pasajeros que disfrutan de los servicios de la compa\u00f1\u00eda y que la calificaron positivamente en la encuesta de servicio al cliente, organizada anualmente por la empresa auditora para definir el ranking de los <em>World Airline Awards,<\/em> que miden aspectos claves de la satisfacci\u00f3n al cliente.<\/p>\n","protected":false},"author":3,"featured_media":387104,"comment_status":"open","ping_status":"open","sticky":false,"template":"","format":"standard","meta":{"_monsterinsights_skip_tracking":false,"_monsterinsights_sitenote_active":false,"_monsterinsights_sitenote_note":"","_monsterinsights_sitenote_category":0,"footnotes":""},"categories":[11],"tags":[107,43674,43681,106],"class_list":["post-387008","post","type-post","status-publish","format-standard","has-post-thumbnail","hentry","category-turismo","tag-de-cinco-estrellas","tag-opinion","tag-turismo","tag-victoria-gonzalez-prado"],"_links":{"self":[{"href":"https:\/\/www.diarioimagen.net\/index.php?rest_route=\/wp\/v2\/posts\/387008","targetHints":{"allow":["GET"]}}],"collection":[{"href":"https:\/\/www.diarioimagen.net\/index.php?rest_route=\/wp\/v2\/posts"}],"about":[{"href":"https:\/\/www.diarioimagen.net\/index.php?rest_route=\/wp\/v2\/types\/post"}],"author":[{"embeddable":true,"href":"https:\/\/www.diarioimagen.net\/index.php?rest_route=\/wp\/v2\/users\/3"}],"replies":[{"embeddable":true,"href":"https:\/\/www.diarioimagen.net\/index.php?rest_route=%2Fwp%2Fv2%2Fcomments&post=387008"}],"version-history":[{"count":0,"href":"https:\/\/www.diarioimagen.net\/index.php?rest_route=\/wp\/v2\/posts\/387008\/revisions"}],"wp:featuredmedia":[{"embeddable":true,"href":"https:\/\/www.diarioimagen.net\/index.php?rest_route=\/wp\/v2\/media\/387104"}],"wp:attachment":[{"href":"https:\/\/www.diarioimagen.net\/index.php?rest_route=%2Fwp%2Fv2%2Fmedia&parent=387008"}],"wp:term":[{"taxonomy":"category","embeddable":true,"href":"https:\/\/www.diarioimagen.net\/index.php?rest_route=%2Fwp%2Fv2%2Fcategories&post=387008"},{"taxonomy":"post_tag","embeddable":true,"href":"https:\/\/www.diarioimagen.net\/index.php?rest_route=%2Fwp%2Fv2%2Ftags&post=387008"}],"curies":[{"name":"wp","href":"https:\/\/api.w.org\/{rel}","templated":true}]}}