{"id":387017,"date":"2018-07-25T00:08:30","date_gmt":"2018-07-25T05:08:30","guid":{"rendered":"http:\/\/www.diarioimagen.net\/?p=387017"},"modified":"2018-07-25T03:51:10","modified_gmt":"2018-07-25T08:51:10","slug":"hijos-de-policias-de-naucalpan-disfrutan-curso-de-verano","status":"publish","type":"post","link":"https:\/\/www.diarioimagen.net\/?p=387017","title":{"rendered":"Hijos de polic\u00edas de Naucalpan disfrutan curso de verano"},"content":{"rendered":"<p><a href=\"http:\/\/www.diarioimagen.net\/?attachment_id=387110\" rel=\"attachment wp-att-387110\"><img loading=\"lazy\" decoding=\"async\" class=\"aligncenter size-large wp-image-387110\" src=\"http:\/\/www.diarioimagen.net\/wp-content\/uploads\/2018\/07\/NAUCALPAN-3418-460x259.jpg\" alt=\"\" width=\"460\" height=\"259\" srcset=\"https:\/\/www.diarioimagen.net\/wp-content\/uploads\/2018\/07\/NAUCALPAN-3418-460x259.jpg 460w, https:\/\/www.diarioimagen.net\/wp-content\/uploads\/2018\/07\/NAUCALPAN-3418-240x135.jpg 240w, https:\/\/www.diarioimagen.net\/wp-content\/uploads\/2018\/07\/NAUCALPAN-3418-235x132.jpg 235w, https:\/\/www.diarioimagen.net\/wp-content\/uploads\/2018\/07\/NAUCALPAN-3418-202x114.jpg 202w, https:\/\/www.diarioimagen.net\/wp-content\/uploads\/2018\/07\/NAUCALPAN-3418-350x196.jpg 350w, https:\/\/www.diarioimagen.net\/wp-content\/uploads\/2018\/07\/NAUCALPAN-3418-220x123.jpg 220w, https:\/\/www.diarioimagen.net\/wp-content\/uploads\/2018\/07\/NAUCALPAN-3418-237x132.jpg 237w, https:\/\/www.diarioimagen.net\/wp-content\/uploads\/2018\/07\/NAUCALPAN-3418.jpg 480w\" sizes=\"auto, (max-width: 460px) 100vw, 460px\" \/><\/a><\/p>\n<p>&nbsp;<\/p>\n<p><strong>Naucalpan, Estado de M\u00e9xico<\/strong><strong>.-<\/strong> Por tercer a\u00f1o consecutivo, el gobierno de Naucalpan, a trav\u00e9s de la Direcci\u00f3n General de Seguridad Ciudadana y Tr\u00e1nsito Municipal, realiza el curso de verano \u201cPeque\u00f1o Cadete 2018\u201d, donde los hijos de polic\u00edas, se divierten, aprenden y realizan varias visitas guiadas.<\/p>\n<p>Con el mensaje \u201cdeben sentirse orgullosos de la labor que desempe\u00f1an sus pap\u00e1s\u201d, donde m\u00e1s de cien peque\u00f1os forman parte de esta experiencia que brinda este curso de verano dirigido por personal de la Subdirecci\u00f3n de Prevenci\u00f3n del Delito, Grupo D.A.R.E., Orientaci\u00f3n Escolar, Polic\u00eda de G\u00e9nero, Grupo ORI\u00d3N y Circuito Vial.<\/p>\n","protected":false},"excerpt":{"rendered":"<p>Por tercer a\u00f1o consecutivo, el gobierno de Naucalpan, a trav\u00e9s de la Direcci\u00f3n General de Seguridad Ciudadana y Tr\u00e1nsito Municipal, realiza el curso de verano \u201cPeque\u00f1o Cadete 2018\u201d, donde los hijos de polic\u00edas, se divierten, aprenden y realizan varias visitas guiadas.<\/p>\n","protected":false},"author":3,"featured_media":387110,"comment_status":"open","ping_status":"open","sticky":false,"template":"","format":"standard","meta":{"_monsterinsights_skip_tracking":false,"_monsterinsights_sitenote_active":false,"_monsterinsights_sitenote_note":"","_monsterinsights_sitenote_category":0,"footnotes":""},"categories":[35155],"tags":[43675,970,1126,42538],"class_list":["post-387017","post","type-post","status-publish","format-standard","has-post-thumbnail","hentry","category-estado-de-mexico-estado-de-mexico","tag-estado-de-mexico","tag-naucalpan","tag-policias","tag-verano"],"_links":{"self":[{"href":"https:\/\/www.diarioimagen.net\/index.php?rest_route=\/wp\/v2\/posts\/387017","targetHints":{"allow":["GET"]}}],"collection":[{"href":"https:\/\/www.diarioimagen.net\/index.php?rest_route=\/wp\/v2\/posts"}],"about":[{"href":"https:\/\/www.diarioimagen.net\/index.php?rest_route=\/wp\/v2\/types\/post"}],"author":[{"embeddable":true,"href":"https:\/\/www.diarioimagen.net\/index.php?rest_route=\/wp\/v2\/users\/3"}],"replies":[{"embeddable":true,"href":"https:\/\/www.diarioimagen.net\/index.php?rest_route=%2Fwp%2Fv2%2Fcomments&post=387017"}],"version-history":[{"count":0,"href":"https:\/\/www.diarioimagen.net\/index.php?rest_route=\/wp\/v2\/posts\/387017\/revisions"}],"wp:featuredmedia":[{"embeddable":true,"href":"https:\/\/www.diarioimagen.net\/index.php?rest_route=\/wp\/v2\/media\/387110"}],"wp:attachment":[{"href":"https:\/\/www.diarioimagen.net\/index.php?rest_route=%2Fwp%2Fv2%2Fmedia&parent=387017"}],"wp:term":[{"taxonomy":"category","embeddable":true,"href":"https:\/\/www.diarioimagen.net\/index.php?rest_route=%2Fwp%2Fv2%2Fcategories&post=387017"},{"taxonomy":"post_tag","embeddable":true,"href":"https:\/\/www.diarioimagen.net\/index.php?rest_route=%2Fwp%2Fv2%2Ftags&post=387017"}],"curies":[{"name":"wp","href":"https:\/\/api.w.org\/{rel}","templated":true}]}}