{"id":387020,"date":"2018-07-25T00:07:30","date_gmt":"2018-07-25T05:07:30","guid":{"rendered":"http:\/\/www.diarioimagen.net\/?p=387020"},"modified":"2018-07-25T03:57:25","modified_gmt":"2018-07-25T08:57:25","slug":"el-alcalde-adan-barron-cumple-compromisos-de-urbanizacion","status":"publish","type":"post","link":"https:\/\/www.diarioimagen.net\/?p=387020","title":{"rendered":"El alcalde Ad\u00e1n Barr\u00f3n cumple compromisos de urbanizaci\u00f3n"},"content":{"rendered":"<ul>\n<li><strong><em>Supervisa las obras en curso para entregarlas<\/em><\/strong><\/li>\n<\/ul>\n<p>&nbsp;<\/p>\n<div id=\"attachment_387113\" style=\"width: 470px\" class=\"wp-caption aligncenter\"><a href=\"http:\/\/www.diarioimagen.net\/?attachment_id=387113\" rel=\"attachment wp-att-387113\"><img loading=\"lazy\" decoding=\"async\" aria-describedby=\"caption-attachment-387113\" class=\"size-large wp-image-387113\" src=\"http:\/\/www.diarioimagen.net\/wp-content\/uploads\/2018\/07\/TULTITLAN-3418-460x259.jpg\" alt=\"\" width=\"460\" height=\"259\" srcset=\"https:\/\/www.diarioimagen.net\/wp-content\/uploads\/2018\/07\/TULTITLAN-3418-460x259.jpg 460w, https:\/\/www.diarioimagen.net\/wp-content\/uploads\/2018\/07\/TULTITLAN-3418-240x135.jpg 240w, https:\/\/www.diarioimagen.net\/wp-content\/uploads\/2018\/07\/TULTITLAN-3418-235x132.jpg 235w, https:\/\/www.diarioimagen.net\/wp-content\/uploads\/2018\/07\/TULTITLAN-3418-202x114.jpg 202w, https:\/\/www.diarioimagen.net\/wp-content\/uploads\/2018\/07\/TULTITLAN-3418-350x196.jpg 350w, https:\/\/www.diarioimagen.net\/wp-content\/uploads\/2018\/07\/TULTITLAN-3418-220x123.jpg 220w, https:\/\/www.diarioimagen.net\/wp-content\/uploads\/2018\/07\/TULTITLAN-3418-237x132.jpg 237w, https:\/\/www.diarioimagen.net\/wp-content\/uploads\/2018\/07\/TULTITLAN-3418.jpg 480w\" sizes=\"auto, (max-width: 460px) 100vw, 460px\" \/><\/a><p id=\"caption-attachment-387113\" class=\"wp-caption-text\">Acompa\u00f1ado por el cuerpo edilicio y directores, de la delegada del Comit\u00e9 de Participaci\u00f3n Social de Ampliaci\u00f3n Buenavista y por ciudadanos, el alcalde se comprometi\u00f3 a enjtregar todas las obras emprendidas.<\/p><\/div>\n<p>&nbsp;<\/p>\n<p><strong>Tultitl\u00e1n, Estado de M\u00e9xico<\/strong>.- En respuesta a las necesidades de urbanizaci\u00f3n que prevalecen en el municipio, el gobierno que preside Jorge Ad\u00e1n Barr\u00f3n Elizalde, a trav\u00e9s de la Direcci\u00f3n General de Obras P\u00fablicas, acude de manera permanente a la revisi\u00f3n de\u00a0 los trabajos de pavimentaci\u00f3n con concreto hidr\u00e1ulico que se realizan en la Av. Pachuca \u2013sita en Ampliaci\u00f3n Buenavista Centro- y en la calle Santa Rosa, continuaci\u00f3n de Tulipanes, en Rinconada San Marcos. Esto, con la finalidad de cerciorarse de que dichas obras se est\u00e9n llevando a cabo con calidad.<\/p>\n<p>Acompa\u00f1ado por el cuerpo edilicio y directores, as\u00ed como de la delegada del Comit\u00e9 de Participaci\u00f3n Social de Ampliaci\u00f3n Buenavista y por ciudadanos, el edil asegur\u00f3 que su gobierno tiene el firme compromiso de cumplir con la ciudadan\u00eda haciendo obras de calidad. \u201cTenemos la clara convicci\u00f3n de dar respuesta a las promesas de campa\u00f1a\u201d.<\/p>\n<p>Asimismo, el titular de Obras P\u00fablicas Gregorio Polo Virgilio, coment\u00f3 que los trabajos de pavimentaci\u00f3n con concreto hidr\u00e1ulico ser\u00e1n complementados con registros de descarga sanitaria, construcci\u00f3n de guarniciones, banquetas, reductores de velocidad y pintura, entre otras acciones.<\/p>\n<p>Vecinos de las calles en proceso, agradecieron al edil por esta gran obra p\u00fablica ya que sin duda va a mejorar la imagen urbana del Municipio y los transportes podr\u00e1n transitar sin sufrir ning\u00fan da\u00f1o o percance.<\/p>\n","protected":false},"excerpt":{"rendered":"<p>En respuesta a las necesidades de urbanizaci\u00f3n que prevalecen en el municipio, el gobierno que preside Jorge Ad\u00e1n Barr\u00f3n Elizalde, a trav\u00e9s de la Direcci\u00f3n General de Obras P\u00fablicas, acude de manera permanente a la revisi\u00f3n de  los trabajos de pavimentaci\u00f3n con concreto hidr\u00e1ulico que se realizan en la Av. Pachuca \u2013sita en Ampliaci\u00f3n Buenavista Centro- y en la calle Santa Rosa, continuaci\u00f3n de Tulipanes, en Rinconada San Marcos. <\/p>\n","protected":false},"author":3,"featured_media":387113,"comment_status":"open","ping_status":"open","sticky":false,"template":"","format":"standard","meta":{"_monsterinsights_skip_tracking":false,"_monsterinsights_sitenote_active":false,"_monsterinsights_sitenote_note":"","_monsterinsights_sitenote_category":0,"footnotes":""},"categories":[35155],"tags":[70880,43675,578,76363],"class_list":["post-387020","post","type-post","status-publish","format-standard","has-post-thumbnail","hentry","category-estado-de-mexico-estado-de-mexico","tag-cumple","tag-estado-de-mexico","tag-tultitlan","tag-urbanizacion"],"_links":{"self":[{"href":"https:\/\/www.diarioimagen.net\/index.php?rest_route=\/wp\/v2\/posts\/387020","targetHints":{"allow":["GET"]}}],"collection":[{"href":"https:\/\/www.diarioimagen.net\/index.php?rest_route=\/wp\/v2\/posts"}],"about":[{"href":"https:\/\/www.diarioimagen.net\/index.php?rest_route=\/wp\/v2\/types\/post"}],"author":[{"embeddable":true,"href":"https:\/\/www.diarioimagen.net\/index.php?rest_route=\/wp\/v2\/users\/3"}],"replies":[{"embeddable":true,"href":"https:\/\/www.diarioimagen.net\/index.php?rest_route=%2Fwp%2Fv2%2Fcomments&post=387020"}],"version-history":[{"count":0,"href":"https:\/\/www.diarioimagen.net\/index.php?rest_route=\/wp\/v2\/posts\/387020\/revisions"}],"wp:featuredmedia":[{"embeddable":true,"href":"https:\/\/www.diarioimagen.net\/index.php?rest_route=\/wp\/v2\/media\/387113"}],"wp:attachment":[{"href":"https:\/\/www.diarioimagen.net\/index.php?rest_route=%2Fwp%2Fv2%2Fmedia&parent=387020"}],"wp:term":[{"taxonomy":"category","embeddable":true,"href":"https:\/\/www.diarioimagen.net\/index.php?rest_route=%2Fwp%2Fv2%2Fcategories&post=387020"},{"taxonomy":"post_tag","embeddable":true,"href":"https:\/\/www.diarioimagen.net\/index.php?rest_route=%2Fwp%2Fv2%2Ftags&post=387020"}],"curies":[{"name":"wp","href":"https:\/\/api.w.org\/{rel}","templated":true}]}}