{"id":387214,"date":"2018-07-26T00:11:37","date_gmt":"2018-07-26T05:11:37","guid":{"rendered":"http:\/\/www.diarioimagen.net\/?p=387214"},"modified":"2018-07-26T04:51:13","modified_gmt":"2018-07-26T09:51:13","slug":"proponen-programa-de-educacion-gerontologica","status":"publish","type":"post","link":"https:\/\/www.diarioimagen.net\/?p=387214","title":{"rendered":"Proponen programa de educaci\u00f3n gerontol\u00f3gica"},"content":{"rendered":"<ul>\n<li><strong><em>Dirigido a estudiantes de nivel medio superior<\/em><\/strong><\/li>\n<\/ul>\n<p>&nbsp;<\/p>\n<div id=\"attachment_387315\" style=\"width: 470px\" class=\"wp-caption aligncenter\"><a href=\"http:\/\/www.diarioimagen.net\/?attachment_id=387315\" rel=\"attachment wp-att-387315\"><img loading=\"lazy\" decoding=\"async\" aria-describedby=\"caption-attachment-387315\" class=\"size-large wp-image-387315\" src=\"http:\/\/www.diarioimagen.net\/wp-content\/uploads\/2018\/07\/UAEM-3419-460x311.jpg\" alt=\"\" width=\"460\" height=\"311\" srcset=\"https:\/\/www.diarioimagen.net\/wp-content\/uploads\/2018\/07\/UAEM-3419-460x311.jpg 460w, https:\/\/www.diarioimagen.net\/wp-content\/uploads\/2018\/07\/UAEM-3419-240x162.jpg 240w, https:\/\/www.diarioimagen.net\/wp-content\/uploads\/2018\/07\/UAEM-3419.jpg 600w\" sizes=\"auto, (max-width: 460px) 100vw, 460px\" \/><\/a><p id=\"caption-attachment-387315\" class=\"wp-caption-text\">En la \u00faltima d\u00e9cada el porcentaje de poblaci\u00f3n envejecida se duplic\u00f3 y pas\u00f3 de 5.1 a 10.2 por ciento del total de la poblaci\u00f3n.<\/p><\/div>\n<p>&nbsp;<\/p>\n<p><strong>Toluca, Estado de M\u00e9xico<\/strong>.- Investigadoras de la Facultad de Enfermer\u00eda y Obstetricia de la Universidad Aut\u00f3noma del Estado de M\u00e9xico proponen un programa de educaci\u00f3n gerontol\u00f3gica dirigido a estudiantes de nivel medio superior, con el objetivo de generar actitudes de autocuidado, que a largo plazo permitir\u00e1n construir una sociedad fuerte y contrarrestar los efectos de la transici\u00f3n demogr\u00e1fica y epidemiol\u00f3gica que se prev\u00e9 para las dos pr\u00f3ximas d\u00e9cadas.<\/p>\n<p>La investigadora de la Facultad de Enfermer\u00eda y Obstetricia de la Universidad Aut\u00f3noma del Estado de M\u00e9xico, Patricia Cruz Bello, destac\u00f3 que de acuerdo con datos oficiales, hasta 2015, 18.40 de los mexicanos, es decir, alrededor de 22 millones, son j\u00f3venes cuyo bono demogr\u00e1fico representa una oportunidad para introducirlos a una vejez activa y responsable.<\/p>\n<p>Refiri\u00f3 que el programa que proponen presenta a la vejez como una etapa deseable y llena de oportunidades. Detall\u00f3 que la educaci\u00f3n es indispensable para prevenir enfermedades y promover la salud, pero especialmente para modificar conocimientos, actitudes y estilos de vida de forma oportuna. Al presentar el trabajo \u201cAdolescentes, una oportunidad para el desarrollo\u201d, la experta universitaria puntualiz\u00f3 que su an\u00e1lisis se sustenta en cifras oficiales que reportan que la esperanza de vida en M\u00e9xico se estima en 72.6 a\u00f1os para los hombres y 77.8 a\u00f1os para las mujeres.<\/p>\n<p>Asimismo, dijo, en la \u00faltima d\u00e9cada el porcentaje de poblaci\u00f3n envejecida se duplic\u00f3 y pas\u00f3 de 5.1 a 10.2 por ciento del total de la poblaci\u00f3n. Adem\u00e1s, abund\u00f3, este sector de la poblaci\u00f3n reporta casos de fragilidad, enfermedades cr\u00f3nicas, condiciones incapacitantes, problemas cognitivos, problemas sociales y familiares, que generan altos costos econ\u00f3micos en atenci\u00f3n m\u00e9dica y por los cuidados prolongados, as\u00ed como una p\u00e9rdida considerable de vida saludable. Sin embargo, asever\u00f3 Patricia Cruz Bello, en la actualidad hay personas mayores de 60 a\u00f1os que gozan de autonom\u00eda, calidad de vida y un buen estado de salud, lo que muestra que los problemas durante la vejez no radican en la longevidad y resaltan lo importante que es generar conciencia y prevenci\u00f3n, a trav\u00e9s de la educaci\u00f3n.<\/p>\n","protected":false},"excerpt":{"rendered":"<p>Investigadoras de la Facultad de Enfermer\u00eda y Obstetricia de la Universidad Aut\u00f3noma del Estado de M\u00e9xico proponen un programa de educaci\u00f3n gerontol\u00f3gica dirigido a estudiantes de nivel medio superior, con el objetivo de generar actitudes de autocuidado, que a largo plazo permitir\u00e1n construir una sociedad fuerte y contrarrestar los efectos de la transici\u00f3n demogr\u00e1fica y epidemiol\u00f3gica que se prev\u00e9 para las dos pr\u00f3ximas d\u00e9cadas.<\/p>\n","protected":false},"author":3,"featured_media":387315,"comment_status":"open","ping_status":"open","sticky":false,"template":"","format":"standard","meta":{"_monsterinsights_skip_tracking":false,"_monsterinsights_sitenote_active":false,"_monsterinsights_sitenote_note":"","_monsterinsights_sitenote_category":0,"footnotes":""},"categories":[5],"tags":[43675,76414,452],"class_list":["post-387214","post","type-post","status-publish","format-standard","has-post-thumbnail","hentry","category-estado-de-mexico","tag-estado-de-mexico","tag-facultad-de-enfermeria-y-obstetricia","tag-toluca"],"_links":{"self":[{"href":"https:\/\/www.diarioimagen.net\/index.php?rest_route=\/wp\/v2\/posts\/387214","targetHints":{"allow":["GET"]}}],"collection":[{"href":"https:\/\/www.diarioimagen.net\/index.php?rest_route=\/wp\/v2\/posts"}],"about":[{"href":"https:\/\/www.diarioimagen.net\/index.php?rest_route=\/wp\/v2\/types\/post"}],"author":[{"embeddable":true,"href":"https:\/\/www.diarioimagen.net\/index.php?rest_route=\/wp\/v2\/users\/3"}],"replies":[{"embeddable":true,"href":"https:\/\/www.diarioimagen.net\/index.php?rest_route=%2Fwp%2Fv2%2Fcomments&post=387214"}],"version-history":[{"count":0,"href":"https:\/\/www.diarioimagen.net\/index.php?rest_route=\/wp\/v2\/posts\/387214\/revisions"}],"wp:featuredmedia":[{"embeddable":true,"href":"https:\/\/www.diarioimagen.net\/index.php?rest_route=\/wp\/v2\/media\/387315"}],"wp:attachment":[{"href":"https:\/\/www.diarioimagen.net\/index.php?rest_route=%2Fwp%2Fv2%2Fmedia&parent=387214"}],"wp:term":[{"taxonomy":"category","embeddable":true,"href":"https:\/\/www.diarioimagen.net\/index.php?rest_route=%2Fwp%2Fv2%2Fcategories&post=387214"},{"taxonomy":"post_tag","embeddable":true,"href":"https:\/\/www.diarioimagen.net\/index.php?rest_route=%2Fwp%2Fv2%2Ftags&post=387214"}],"curies":[{"name":"wp","href":"https:\/\/api.w.org\/{rel}","templated":true}]}}