{"id":387249,"date":"2018-07-26T00:08:42","date_gmt":"2018-07-26T05:08:42","guid":{"rendered":"http:\/\/www.diarioimagen.net\/?p=387249"},"modified":"2018-07-26T08:42:13","modified_gmt":"2018-07-26T13:42:13","slug":"en-metepec-sistema-inteligente-de-bicicleta-publica-compartida","status":"publish","type":"post","link":"https:\/\/www.diarioimagen.net\/?p=387249","title":{"rendered":"En Metepec, Sistema Inteligente de Bicicleta P\u00fablica Compartida"},"content":{"rendered":"<ul>\n<li><strong><em>Arranque formal de Pimus y VBike<\/em><\/strong><\/li>\n<\/ul>\n<p>&nbsp;<\/p>\n<div id=\"attachment_387368\" style=\"width: 470px\" class=\"wp-caption aligncenter\"><a href=\"http:\/\/www.diarioimagen.net\/?attachment_id=387368\" rel=\"attachment wp-att-387368\"><img loading=\"lazy\" decoding=\"async\" aria-describedby=\"caption-attachment-387368\" class=\"size-large wp-image-387368\" src=\"http:\/\/www.diarioimagen.net\/wp-content\/uploads\/2018\/07\/METEPEC-3419-460x259.jpg\" alt=\"\" width=\"460\" height=\"259\" srcset=\"https:\/\/www.diarioimagen.net\/wp-content\/uploads\/2018\/07\/METEPEC-3419-460x259.jpg 460w, https:\/\/www.diarioimagen.net\/wp-content\/uploads\/2018\/07\/METEPEC-3419-240x135.jpg 240w, https:\/\/www.diarioimagen.net\/wp-content\/uploads\/2018\/07\/METEPEC-3419-235x132.jpg 235w, https:\/\/www.diarioimagen.net\/wp-content\/uploads\/2018\/07\/METEPEC-3419-202x114.jpg 202w, https:\/\/www.diarioimagen.net\/wp-content\/uploads\/2018\/07\/METEPEC-3419-350x196.jpg 350w, https:\/\/www.diarioimagen.net\/wp-content\/uploads\/2018\/07\/METEPEC-3419-220x123.jpg 220w, https:\/\/www.diarioimagen.net\/wp-content\/uploads\/2018\/07\/METEPEC-3419-237x132.jpg 237w, https:\/\/www.diarioimagen.net\/wp-content\/uploads\/2018\/07\/METEPEC-3419.jpg 480w\" sizes=\"auto, (max-width: 460px) 100vw, 460px\" \/><\/a><p id=\"caption-attachment-387368\" class=\"wp-caption-text\">El alcalde David L\u00f3pez C\u00e1rdenas refiri\u00f3 que la puesta en marcha de este nuevo sistema de transporte p\u00fablico, es un trabajo de corresponsabilidad social entre el gobierno, la iniciativa privada y la ciudadan\u00eda.<\/p><\/div>\n<p>&nbsp;<\/p>\n<p><strong>Metepec, Estado de M\u00e9xico<\/strong>.- Metepec arranc\u00f3 formalmente el Sistema Inteligente de Bicicleta P\u00fablica Compartida, esquema que abona al cumplimiento de los principales objetivos del Programa Integral de Movilidad Urbana Sustentable (PIMUS).<\/p>\n<p>Durante la presentaci\u00f3n e inicio del proyecto consolidado en alianza con la iniciativa privada, ya que la implantaci\u00f3n es realizada por la Startup mexicana VBike, se dio a conocer que se aprovecha la tecnolog\u00eda de los tel\u00e9fonos inteligentes, con los que ya cuenta la ciudadan\u00eda a trav\u00e9s de una app, para formar el primer esquema de uso compartido de bicicletas que no requiere cicloestaciones (dockless).<\/p>\n<p>Con la presencia de Ricardo P\u00e9rez de Lara y Federico Polakoff, director Ejecutivo y director de Operaciones de la empresa VBike, respectivamente, el alcalde David L\u00f3pez C\u00e1rdenas, refiri\u00f3 que el proyecto ser\u00e1 una herramienta de empoderamiento ciudapues los involucra de manera particular y directa en la implementaci\u00f3n de soluciones que mejorar\u00e1n la vida cotidiana de toda la comunidad.\u00a0 \u201cLa participaci\u00f3n de cada usuario en este sistema, es un ejercicio colectivo que ser\u00e1 fundamental para concretar el \u00e9xito del proyecto\u201d.<\/p>\n<p>Agreg\u00f3 que la puesta en marcha de este nuevo sistema de transporte p\u00fablico, es un trabajo de corresponsabilidad social entre el gobierno, la iniciativa privada y la ciudadan\u00eda, que buscar\u00e1 concretar los objetivos del PIMUS al ser parte de la reconstrucci\u00f3n del tejido urbano a trav\u00e9s de una alternativa de transporte ecol\u00f3gico, de f\u00e1cil acceso y menos invasivo que el veh\u00edculo automotor.<\/p>\n<p>En su oportunidad, Federico Polakoff, dio a conocer el mecanismo para acceder al uso de la bicicleta as\u00ed como su operaci\u00f3n; \u201cquien desee hacer uso de las bicicletas s\u00f3lo tiene que descargar la app de VBike M\u00e9xico en su dispositivo m\u00f3vil, registrarse, dar de alta su forma de pago (tarjeta de d\u00e9bito o cr\u00e9dito o una cuenta Pay Pal), y buscar la bicicleta m\u00e1s cercana a su\u00a0 ubicaci\u00f3n.<\/p>\n<p>\u201cAl escanear el c\u00f3digo QR de la bici, quedar\u00e1 desbloqueada y podr\u00e1 ser utilizada de acuerdo al esquema de renta que se hayan elegido durante el registro.<\/p>\n<p>Tras su uso, no es necesario regresar la bicicleta a una estaci\u00f3n, s\u00f3lo se deber\u00e1n buscar las zonas de estacionamiento designadas y cerrar el candado nuevamente\u201d. Cabe destacar que las bicicletas est\u00e1n monitoreadas con dispositivo GPS para su localizaci\u00f3n y ubicaci\u00f3n, y que el usuario cuenta con un seguro contra accidente.<\/p>\n<p>El proyecto VBike pretende, como Ecobici en la Ciudad de M\u00e9xico o Mibici en la Ciudad de Guadalajara, que los ciudadanos se involucren de manera directa y cuenten con alternativas de transportaste p\u00fablico amigables con el medio ambiente y la movilidad urbana.<\/p>\n<p>El nuevo sistema de transporte estar\u00e1 acompa\u00f1ado por programas de creaci\u00f3n de biciestacionamientos, manuales para el ciclista, designaci\u00f3n de zonas de tr\u00e1nsito y rehabilitaci\u00f3n de ciclo v\u00edas, lo anterior con el objetivo de incentivar el uso de la bicicleta y garantizar el \u00e9xito del proyecto.<\/p>\n<p>Para mayor informaci\u00f3n, el usuario podar consultar la p\u00e1gina oficial www.vbike.mx o en las cuentas de Twitter: @vbike_escucha; @Vbike_mx, Facebook: VBike M\u00e9xico (@tubiciverde), e Instragram: @vbike_mx<\/p>\n<p style=\"text-align: center;\"><strong>Para tomar en cuenta:<\/strong><\/p>\n<p>Estar\u00e1n en operaci\u00f3n y dispuestas para la ciudadan\u00eda 300 bicicletas que podr\u00e1n estacionarse en varios paraderos especiales y los cuales ya est\u00e1n identificados.<\/p>\n<p>Existen dos formas de usar VBike: por membres\u00eda con tres planes: anual ($399), semestral ($229) ymensual ($49) con las que se tendr\u00e1n viajes ilimitados de dos horas durante el periodo elegido; y el pago por viaje ($10) con el que se puede usar la bici durante toda una hora.<\/p>\n","protected":false},"excerpt":{"rendered":"<p>Metepec arranc\u00f3 formalmente el Sistema Inteligente de Bicicleta P\u00fablica Compartida, esquema que abona al cumplimiento de los principales objetivos del Programa Integral de Movilidad Urbana Sustentable (PIMUS).<\/p>\n","protected":false},"author":3,"featured_media":387368,"comment_status":"open","ping_status":"open","sticky":false,"template":"","format":"standard","meta":{"_monsterinsights_skip_tracking":false,"_monsterinsights_sitenote_active":false,"_monsterinsights_sitenote_note":"","_monsterinsights_sitenote_category":0,"footnotes":""},"categories":[35155],"tags":[43675,876,76419],"class_list":["post-387249","post","type-post","status-publish","format-standard","has-post-thumbnail","hentry","category-estado-de-mexico-estado-de-mexico","tag-estado-de-mexico","tag-metepec","tag-sistema-inteligente-de-bicicleta-publica-compartida"],"_links":{"self":[{"href":"https:\/\/www.diarioimagen.net\/index.php?rest_route=\/wp\/v2\/posts\/387249","targetHints":{"allow":["GET"]}}],"collection":[{"href":"https:\/\/www.diarioimagen.net\/index.php?rest_route=\/wp\/v2\/posts"}],"about":[{"href":"https:\/\/www.diarioimagen.net\/index.php?rest_route=\/wp\/v2\/types\/post"}],"author":[{"embeddable":true,"href":"https:\/\/www.diarioimagen.net\/index.php?rest_route=\/wp\/v2\/users\/3"}],"replies":[{"embeddable":true,"href":"https:\/\/www.diarioimagen.net\/index.php?rest_route=%2Fwp%2Fv2%2Fcomments&post=387249"}],"version-history":[{"count":0,"href":"https:\/\/www.diarioimagen.net\/index.php?rest_route=\/wp\/v2\/posts\/387249\/revisions"}],"wp:featuredmedia":[{"embeddable":true,"href":"https:\/\/www.diarioimagen.net\/index.php?rest_route=\/wp\/v2\/media\/387368"}],"wp:attachment":[{"href":"https:\/\/www.diarioimagen.net\/index.php?rest_route=%2Fwp%2Fv2%2Fmedia&parent=387249"}],"wp:term":[{"taxonomy":"category","embeddable":true,"href":"https:\/\/www.diarioimagen.net\/index.php?rest_route=%2Fwp%2Fv2%2Fcategories&post=387249"},{"taxonomy":"post_tag","embeddable":true,"href":"https:\/\/www.diarioimagen.net\/index.php?rest_route=%2Fwp%2Fv2%2Ftags&post=387249"}],"curies":[{"name":"wp","href":"https:\/\/api.w.org\/{rel}","templated":true}]}}