{"id":387251,"date":"2018-07-26T00:06:07","date_gmt":"2018-07-26T05:06:07","guid":{"rendered":"http:\/\/www.diarioimagen.net\/?p=387251"},"modified":"2018-07-26T08:43:21","modified_gmt":"2018-07-26T13:43:21","slug":"el-cris-de-huixquilucan-ya-es-un-centro-de-rehabilitacion-regional","status":"publish","type":"post","link":"https:\/\/www.diarioimagen.net\/?p=387251","title":{"rendered":"El CRIS de Huixquilucan ya es un Centro de Rehabilitaci\u00f3n Regional"},"content":{"rendered":"<ul>\n<li><strong><em>Parte del Complejo Rosa M\u00edstica<\/em><\/strong><\/li>\n<\/ul>\n<p>&nbsp;<\/p>\n<div id=\"attachment_387371\" style=\"width: 470px\" class=\"wp-caption aligncenter\"><a href=\"http:\/\/www.diarioimagen.net\/?attachment_id=387371\" rel=\"attachment wp-att-387371\"><img loading=\"lazy\" decoding=\"async\" aria-describedby=\"caption-attachment-387371\" class=\"size-large wp-image-387371\" src=\"http:\/\/www.diarioimagen.net\/wp-content\/uploads\/2018\/07\/cis-3419-460x259.jpg\" alt=\"\" width=\"460\" height=\"259\" srcset=\"https:\/\/www.diarioimagen.net\/wp-content\/uploads\/2018\/07\/cis-3419-460x259.jpg 460w, https:\/\/www.diarioimagen.net\/wp-content\/uploads\/2018\/07\/cis-3419-240x135.jpg 240w, https:\/\/www.diarioimagen.net\/wp-content\/uploads\/2018\/07\/cis-3419-235x132.jpg 235w, https:\/\/www.diarioimagen.net\/wp-content\/uploads\/2018\/07\/cis-3419-202x114.jpg 202w, https:\/\/www.diarioimagen.net\/wp-content\/uploads\/2018\/07\/cis-3419-350x196.jpg 350w, https:\/\/www.diarioimagen.net\/wp-content\/uploads\/2018\/07\/cis-3419-220x123.jpg 220w, https:\/\/www.diarioimagen.net\/wp-content\/uploads\/2018\/07\/cis-3419-237x132.jpg 237w, https:\/\/www.diarioimagen.net\/wp-content\/uploads\/2018\/07\/cis-3419.jpg 480w\" sizes=\"auto, (max-width: 460px) 100vw, 460px\" \/><\/a><p id=\"caption-attachment-387371\" class=\"wp-caption-text\">En 15 meses de operaci\u00f3n, el CRIS se ha afianzado como un centro regional de atenci\u00f3n.<\/p><\/div>\n<p>&nbsp;<\/p>\n<p><strong>Huixquilucan, Estado de M\u00e9xico<\/strong>.-Brindar m\u00e1s de 45 mil servicios en lo que va de este 2018 en el Centro de Rehabilitaci\u00f3n e Integraci\u00f3n Social (CRIS), es la consolidaci\u00f3n de un sue\u00f1o de la actual administraci\u00f3n encabezada por el alcalde Enrique Vargas del Villar y la presidenta del sistema para el Desarrollo Integral de la Familia (DIF), Romina Contreras Carrasco, asegur\u00f3 Mar\u00eda de Lourdes Hern\u00e1ndez Salda\u00f1a, subdirectora de Atenci\u00f3n a la Discapacidad del DIF.<\/p>\n<p>En 15 meses de operaci\u00f3n, el CRIS se ha afianzado como un centro regional de atenci\u00f3n, en donde personas de municipios vecinos y algunas delegaciones de la Ciudad de M\u00e9xico, acuden a recibir terapias de rehabilitaci\u00f3n, con gran \u00e9xito.<\/p>\n<p>Al primer semestre del a\u00f1o, se han otorgado 45 mil 936 servicios, en beneficio de 26 mil 775 personas, destacado las 17 mil 320 terapias f\u00edsicas aplicadas, 10 mil 802 de lenguaje y las 3 mil 610 ocupacionales, as\u00ed como las mil 692 consultas, 2 mil 481 atenciones en el \u00e1rea de psicolog\u00eda y mil 486 servicios de estimulaci\u00f3n temprana.<\/p>\n<p>Con los n\u00fameros alcanzados durante el 2018, la meta del CRIS es atender a cerca de 90 mil usuarios anualmente, ya que el personal que ah\u00ed labora y los resultados positivos, lo han colocado como punto de referencia a nivel Estatal y Nacional.<\/p>\n<p>El Centro de Rehabilitaci\u00f3n e Integraci\u00f3n Social, como parte del complejo Rosa M\u00edstica, contribuye al fortalecimiento del tejido social ya que las personas han encontrado en este lugar, un trato digno para una rehabilitaci\u00f3n integral, en donde la solidaridad y el acompa\u00f1amiento se hacen presentes todos los d\u00edas.<\/p>\n","protected":false},"excerpt":{"rendered":"<p>Brindar m\u00e1s de 45 mil servicios en lo que va de este 2018 en el Centro de Rehabilitaci\u00f3n e Integraci\u00f3n Social (CRIS), es la consolidaci\u00f3n de un sue\u00f1o de la actual administraci\u00f3n encabezada por el alcalde Enrique Vargas del Villar y la presidenta del sistema para el Desarrollo Integral de la Familia (DIF), Romina Contreras Carrasco, asegur\u00f3 Mar\u00eda de Lourdes Hern\u00e1ndez Salda\u00f1a, subdirectora de Atenci\u00f3n a la Discapacidad del DIF.<\/p>\n","protected":false},"author":3,"featured_media":387371,"comment_status":"open","ping_status":"open","sticky":false,"template":"","format":"standard","meta":{"_monsterinsights_skip_tracking":false,"_monsterinsights_sitenote_active":false,"_monsterinsights_sitenote_note":"","_monsterinsights_sitenote_category":0,"footnotes":""},"categories":[35155],"tags":[76420,43675,1097,75163],"class_list":["post-387251","post","type-post","status-publish","format-standard","has-post-thumbnail","hentry","category-estado-de-mexico-estado-de-mexico","tag-centro-de-rehabilitacion-regional","tag-estado-de-mexico","tag-huixquilucan","tag-cris"],"_links":{"self":[{"href":"https:\/\/www.diarioimagen.net\/index.php?rest_route=\/wp\/v2\/posts\/387251","targetHints":{"allow":["GET"]}}],"collection":[{"href":"https:\/\/www.diarioimagen.net\/index.php?rest_route=\/wp\/v2\/posts"}],"about":[{"href":"https:\/\/www.diarioimagen.net\/index.php?rest_route=\/wp\/v2\/types\/post"}],"author":[{"embeddable":true,"href":"https:\/\/www.diarioimagen.net\/index.php?rest_route=\/wp\/v2\/users\/3"}],"replies":[{"embeddable":true,"href":"https:\/\/www.diarioimagen.net\/index.php?rest_route=%2Fwp%2Fv2%2Fcomments&post=387251"}],"version-history":[{"count":0,"href":"https:\/\/www.diarioimagen.net\/index.php?rest_route=\/wp\/v2\/posts\/387251\/revisions"}],"wp:featuredmedia":[{"embeddable":true,"href":"https:\/\/www.diarioimagen.net\/index.php?rest_route=\/wp\/v2\/media\/387371"}],"wp:attachment":[{"href":"https:\/\/www.diarioimagen.net\/index.php?rest_route=%2Fwp%2Fv2%2Fmedia&parent=387251"}],"wp:term":[{"taxonomy":"category","embeddable":true,"href":"https:\/\/www.diarioimagen.net\/index.php?rest_route=%2Fwp%2Fv2%2Fcategories&post=387251"},{"taxonomy":"post_tag","embeddable":true,"href":"https:\/\/www.diarioimagen.net\/index.php?rest_route=%2Fwp%2Fv2%2Ftags&post=387251"}],"curies":[{"name":"wp","href":"https:\/\/api.w.org\/{rel}","templated":true}]}}