{"id":387257,"date":"2018-07-26T00:03:21","date_gmt":"2018-07-26T05:03:21","guid":{"rendered":"http:\/\/www.diarioimagen.net\/?p=387257"},"modified":"2018-07-26T08:47:38","modified_gmt":"2018-07-26T13:47:38","slug":"festejos-a-santa-maria-magdalena-caguacan-en-nicolas-romero","status":"publish","type":"post","link":"https:\/\/www.diarioimagen.net\/?p=387257","title":{"rendered":"Festejos a Santa Mar\u00eda Magdalena Caguac\u00e1n en Nicol\u00e1s Romero"},"content":{"rendered":"<p><a href=\"http:\/\/www.diarioimagen.net\/?attachment_id=387381\" rel=\"attachment wp-att-387381\"><img loading=\"lazy\" decoding=\"async\" class=\"aligncenter size-large wp-image-387381\" src=\"http:\/\/www.diarioimagen.net\/wp-content\/uploads\/2018\/07\/NICOLAS-3419-460x460.jpg\" alt=\"\" width=\"460\" height=\"460\" srcset=\"https:\/\/www.diarioimagen.net\/wp-content\/uploads\/2018\/07\/NICOLAS-3419-460x460.jpg 460w, https:\/\/www.diarioimagen.net\/wp-content\/uploads\/2018\/07\/NICOLAS-3419-150x150.jpg 150w, https:\/\/www.diarioimagen.net\/wp-content\/uploads\/2018\/07\/NICOLAS-3419-240x240.jpg 240w, https:\/\/www.diarioimagen.net\/wp-content\/uploads\/2018\/07\/NICOLAS-3419-50x50.jpg 50w, https:\/\/www.diarioimagen.net\/wp-content\/uploads\/2018\/07\/NICOLAS-3419-75x75.jpg 75w, https:\/\/www.diarioimagen.net\/wp-content\/uploads\/2018\/07\/NICOLAS-3419-70x70.jpg 70w, https:\/\/www.diarioimagen.net\/wp-content\/uploads\/2018\/07\/NICOLAS-3419.jpg 700w\" sizes=\"auto, (max-width: 460px) 100vw, 460px\" \/><\/a><\/p>\n<p>&nbsp;<\/p>\n<p>Angelina Carre\u00f1o Mijares, presidenta municipal de Nicol\u00e1s Romero, acompa\u00f1ada de su familia e integrantes del cabildo, acudieron a presenciar las tradicionales fiestas de Santa Mar\u00eda Magdalena Caguac\u00e1n, felicitando a los organizadores del evento, por seguir promocionando costumbres y tradiciones del citado pueblo, destac\u00e1ndose en este festejo la fiesta charra, efectuada en el lienzo Jorge Jim\u00e9nez Cant\u00fa.<\/p>\n","protected":false},"excerpt":{"rendered":"<p>Angelina Carre\u00f1o Mijares, presidenta municipal de Nicol\u00e1s Romero, acompa\u00f1ada de su familia e integrantes del cabildo, acudieron a presenciar las tradicionales fiestas de Santa Mar\u00eda Magdalena Caguac\u00e1n, felicitando a los organizadores del evento, por seguir promocionando costumbres y tradiciones del citado pueblo, destac\u00e1ndose en este festejo la fiesta charra, efectuada en el lienzo Jorge Jim\u00e9nez Cant\u00fa. <\/p>\n","protected":false},"author":3,"featured_media":387381,"comment_status":"open","ping_status":"open","sticky":false,"template":"","format":"standard","meta":{"_monsterinsights_skip_tracking":false,"_monsterinsights_sitenote_active":false,"_monsterinsights_sitenote_note":"","_monsterinsights_sitenote_category":0,"footnotes":""},"categories":[35155],"tags":[47248,76421],"class_list":["post-387257","post","type-post","status-publish","format-standard","has-post-thumbnail","hentry","category-estado-de-mexico-estado-de-mexico","tag-angelina-carreno-mijares","tag-coguacan"],"_links":{"self":[{"href":"https:\/\/www.diarioimagen.net\/index.php?rest_route=\/wp\/v2\/posts\/387257","targetHints":{"allow":["GET"]}}],"collection":[{"href":"https:\/\/www.diarioimagen.net\/index.php?rest_route=\/wp\/v2\/posts"}],"about":[{"href":"https:\/\/www.diarioimagen.net\/index.php?rest_route=\/wp\/v2\/types\/post"}],"author":[{"embeddable":true,"href":"https:\/\/www.diarioimagen.net\/index.php?rest_route=\/wp\/v2\/users\/3"}],"replies":[{"embeddable":true,"href":"https:\/\/www.diarioimagen.net\/index.php?rest_route=%2Fwp%2Fv2%2Fcomments&post=387257"}],"version-history":[{"count":0,"href":"https:\/\/www.diarioimagen.net\/index.php?rest_route=\/wp\/v2\/posts\/387257\/revisions"}],"wp:featuredmedia":[{"embeddable":true,"href":"https:\/\/www.diarioimagen.net\/index.php?rest_route=\/wp\/v2\/media\/387381"}],"wp:attachment":[{"href":"https:\/\/www.diarioimagen.net\/index.php?rest_route=%2Fwp%2Fv2%2Fmedia&parent=387257"}],"wp:term":[{"taxonomy":"category","embeddable":true,"href":"https:\/\/www.diarioimagen.net\/index.php?rest_route=%2Fwp%2Fv2%2Fcategories&post=387257"},{"taxonomy":"post_tag","embeddable":true,"href":"https:\/\/www.diarioimagen.net\/index.php?rest_route=%2Fwp%2Fv2%2Ftags&post=387257"}],"curies":[{"name":"wp","href":"https:\/\/api.w.org\/{rel}","templated":true}]}}