{"id":387442,"date":"2018-07-27T00:11:32","date_gmt":"2018-07-27T05:11:32","guid":{"rendered":"http:\/\/www.diarioimagen.net\/?p=387442"},"modified":"2018-07-27T04:38:27","modified_gmt":"2018-07-27T09:38:27","slug":"identifican-organizaciones-delictivas-para-combatirlas","status":"publish","type":"post","link":"https:\/\/www.diarioimagen.net\/?p=387442","title":{"rendered":"Identifican organizaciones delictivas para combatirlas"},"content":{"rendered":"<h2>Arco Norte<\/h2>\n<h5>Jos\u00e9 Luis Monta\u00f1ez Aguilar<\/h5>\n<p>&nbsp;<\/p>\n<p><a href=\"http:\/\/www.diarioimagen.net\/?attachment_id=387521\" rel=\"attachment wp-att-387521\"><img loading=\"lazy\" decoding=\"async\" class=\"aligncenter size-large wp-image-387521\" src=\"http:\/\/www.diarioimagen.net\/wp-content\/uploads\/2018\/07\/arco-3420-460x259.jpg\" alt=\"\" width=\"460\" height=\"259\" srcset=\"https:\/\/www.diarioimagen.net\/wp-content\/uploads\/2018\/07\/arco-3420-460x259.jpg 460w, https:\/\/www.diarioimagen.net\/wp-content\/uploads\/2018\/07\/arco-3420-240x135.jpg 240w, https:\/\/www.diarioimagen.net\/wp-content\/uploads\/2018\/07\/arco-3420-235x132.jpg 235w, https:\/\/www.diarioimagen.net\/wp-content\/uploads\/2018\/07\/arco-3420-202x114.jpg 202w, https:\/\/www.diarioimagen.net\/wp-content\/uploads\/2018\/07\/arco-3420-350x196.jpg 350w, https:\/\/www.diarioimagen.net\/wp-content\/uploads\/2018\/07\/arco-3420-220x123.jpg 220w, https:\/\/www.diarioimagen.net\/wp-content\/uploads\/2018\/07\/arco-3420-237x132.jpg 237w, https:\/\/www.diarioimagen.net\/wp-content\/uploads\/2018\/07\/arco-3420.jpg 480w\" sizes=\"auto, (max-width: 460px) 100vw, 460px\" \/><\/a><\/p>\n<p>&nbsp;<\/p>\n<p>Maribel Cervantes Guerrero, secretaria de Seguridad, afirm\u00f3 que ya se tienen identificados los grupos delictivos y las personas que est\u00e1n detr\u00e1s de los homicidios registrados en las \u00faltimas semanas en diferentes municipios, principalmente del oriente de la entidad, y que se trabaja en coordinaci\u00f3n con los tres niveles de gobierno para lograr su captura y desarticulaci\u00f3n.<\/p>\n<p>Al t\u00e9rmino de la reuni\u00f3n del Grupo T\u00e1ctico Operativo (GTO), destac\u00f3 que por instrucciones del gobernador Alfredo Del Mazo Maza, estos trabajos deben realizarse de manera coordinada con las fuerzas federales y con los municipios En la reuni\u00f3n, efectuada en la Zona Militar n\u00famero 37 de Santa Luc\u00eda, la funcionaria insisti\u00f3 que estos trabajos deben realizarse de manera coordinada con las fuerzas federales y con los municipios, y llam\u00f3 principalmente a las polic\u00edas locales para que se sumen a la estrategia de la atenci\u00f3n integral de\u00a0 combate al delito en la entidad.<\/p>\n<p>Destac\u00f3 que se sigue trabajando con los presidentes municipales en la estrategia de Corredores Seguros, los que se van modificando, ampliando cada semana, o cada quincena de acuerdo como se vaya comportando el delito en cada municipio.<\/p>\n<p style=\"text-align: center;\"><strong>Autoriza Legislatura decreto para refinanciar deuda p\u00fablica <\/strong><\/p>\n<p>\u00a0Con el objetivo de generar ahorros en los recursos p\u00fablicos para el pago de intereses de la deuda, la LIX Legislatura local aprob\u00f3 el proyecto de Decreto para el refinanciamiento de los actuales cr\u00e9ditos que forman parte de la deuda p\u00fablica estatal.<\/p>\n<p>El proyecto de decreto que fue enviado por el Ejecutivo estatal no generar\u00e1 deuda adicional y se refinanciar\u00e1 la deuda p\u00fablica en beneficio de los mexiquenses.<\/p>\n<p>Para lograrlo, este refinanciamiento prev\u00e9 mejorar las condiciones en t\u00e9rminos de tasa de inter\u00e9s y plazo, para generar ahorros por concepto de pago de intereses a los bancos acreedores.<\/p>\n<p>El secretario de Finanzas estatal, Rodrigo Jarque Lira, indic\u00f3 que este ahorro ha sido posible, ya que actualmente se presentan buenas condiciones de mercado, existe confianza en las finanzas p\u00fablicas estatales y a su calificaci\u00f3n de la deuda, la cual ha subido nueve escalones desde 2004, logrando llegar a un nivel de A+, que ha sido otorgada por agencias cali-<\/p>\n<p>ficadoras internacionales.<\/p>\n<p>El responsable de las finanzas estatales se\u00f1al\u00f3 que los beneficios del refinanciamiento de la deuda se traducen en ahorros potenciales, que podr\u00edan representar 876 millones de pesos al a\u00f1o y que para la presente administraci\u00f3n significar\u00edan ahorros en un rango que va de los 4 mil 500 a los 5 mil millones de pesos, que ahora ser\u00edan canalizados a sectores prioritarios como educaci\u00f3n, seguridad, combate a la pobreza, entre otros, en vez de realizar pagos a los bancos acreedores por intereses de la deuda.<\/p>\n<p>A\u00f1adi\u00f3 que con este Decreto no se generar\u00e1 incremento alguno en la deuda de largo plazo.<\/p>\n<p>Rodrigo Jarque agreg\u00f3 que tambi\u00e9n se aprob\u00f3 el proyecto del programa de Emisi\u00f3n de Certificados de la Tesorer\u00eda del Estado de M\u00e9xico, el cual permitir\u00e1 contar con recursos de manera inmediata para atender las necesidades prioritarias de los mexiquenses.<\/p>\n<p>Lo anterior convierte a este programa en una innovaci\u00f3n sin precedente a nivel nacional, para lograr mejores condiciones de liquidez de corto plazo, todo esto con una mayor rendici\u00f3n de cuentas y transparencia.<\/p>\n<p><em><a href=\"mailto:montanezaguilar@gmail.com\" target=\"_blank\" rel=\"noopener\">montanezaguilar@gmail.com<\/a><\/em><\/p>\n","protected":false},"excerpt":{"rendered":"<p><span style=\"color: #005497;\">Jos\u00e9 Luis Monta\u00f1ez Aguilar<\/span><br \/>\n<br \/>\nMaribel Cervantes Guerrero, secretaria de Seguridad, afirm\u00f3 que ya se tienen identificados los grupos delictivos y las personas que est\u00e1n detr\u00e1s de los homicidios registrados en las \u00faltimas<\/p>\n","protected":false},"author":3,"featured_media":387521,"comment_status":"open","ping_status":"open","sticky":false,"template":"","format":"standard","meta":{"_monsterinsights_skip_tracking":false,"_monsterinsights_sitenote_active":false,"_monsterinsights_sitenote_note":"","_monsterinsights_sitenote_category":0,"footnotes":""},"categories":[5],"tags":[13284,43704,43674],"class_list":["post-387442","post","type-post","status-publish","format-standard","has-post-thumbnail","hentry","category-estado-de-mexico","tag-arco-norte","tag-jose-luis-montanez-aguilar","tag-opinion"],"_links":{"self":[{"href":"https:\/\/www.diarioimagen.net\/index.php?rest_route=\/wp\/v2\/posts\/387442","targetHints":{"allow":["GET"]}}],"collection":[{"href":"https:\/\/www.diarioimagen.net\/index.php?rest_route=\/wp\/v2\/posts"}],"about":[{"href":"https:\/\/www.diarioimagen.net\/index.php?rest_route=\/wp\/v2\/types\/post"}],"author":[{"embeddable":true,"href":"https:\/\/www.diarioimagen.net\/index.php?rest_route=\/wp\/v2\/users\/3"}],"replies":[{"embeddable":true,"href":"https:\/\/www.diarioimagen.net\/index.php?rest_route=%2Fwp%2Fv2%2Fcomments&post=387442"}],"version-history":[{"count":0,"href":"https:\/\/www.diarioimagen.net\/index.php?rest_route=\/wp\/v2\/posts\/387442\/revisions"}],"wp:featuredmedia":[{"embeddable":true,"href":"https:\/\/www.diarioimagen.net\/index.php?rest_route=\/wp\/v2\/media\/387521"}],"wp:attachment":[{"href":"https:\/\/www.diarioimagen.net\/index.php?rest_route=%2Fwp%2Fv2%2Fmedia&parent=387442"}],"wp:term":[{"taxonomy":"category","embeddable":true,"href":"https:\/\/www.diarioimagen.net\/index.php?rest_route=%2Fwp%2Fv2%2Fcategories&post=387442"},{"taxonomy":"post_tag","embeddable":true,"href":"https:\/\/www.diarioimagen.net\/index.php?rest_route=%2Fwp%2Fv2%2Ftags&post=387442"}],"curies":[{"name":"wp","href":"https:\/\/api.w.org\/{rel}","templated":true}]}}