{"id":387483,"date":"2018-07-27T00:06:10","date_gmt":"2018-07-27T05:06:10","guid":{"rendered":"http:\/\/www.diarioimagen.net\/?p=387483"},"modified":"2018-07-27T04:48:15","modified_gmt":"2018-07-27T09:48:15","slug":"huixquilucan-sede-del-xxi-festival-puro-teatro","status":"publish","type":"post","link":"https:\/\/www.diarioimagen.net\/?p=387483","title":{"rendered":"Huixquilucan, sede del XXI Festival \u201cPuro Teatro\u201d"},"content":{"rendered":"<p><a href=\"http:\/\/www.diarioimagen.net\/?attachment_id=387569\" rel=\"attachment wp-att-387569\"><img loading=\"lazy\" decoding=\"async\" class=\"aligncenter size-large wp-image-387569\" src=\"http:\/\/www.diarioimagen.net\/wp-content\/uploads\/2018\/07\/HUIXQUILUCAN-3420-460x259.jpg\" alt=\"\" width=\"460\" height=\"259\" srcset=\"https:\/\/www.diarioimagen.net\/wp-content\/uploads\/2018\/07\/HUIXQUILUCAN-3420-460x259.jpg 460w, https:\/\/www.diarioimagen.net\/wp-content\/uploads\/2018\/07\/HUIXQUILUCAN-3420-240x135.jpg 240w, https:\/\/www.diarioimagen.net\/wp-content\/uploads\/2018\/07\/HUIXQUILUCAN-3420-235x132.jpg 235w, https:\/\/www.diarioimagen.net\/wp-content\/uploads\/2018\/07\/HUIXQUILUCAN-3420-202x114.jpg 202w, https:\/\/www.diarioimagen.net\/wp-content\/uploads\/2018\/07\/HUIXQUILUCAN-3420-350x196.jpg 350w, https:\/\/www.diarioimagen.net\/wp-content\/uploads\/2018\/07\/HUIXQUILUCAN-3420-220x123.jpg 220w, https:\/\/www.diarioimagen.net\/wp-content\/uploads\/2018\/07\/HUIXQUILUCAN-3420-237x132.jpg 237w, https:\/\/www.diarioimagen.net\/wp-content\/uploads\/2018\/07\/HUIXQUILUCAN-3420.jpg 480w\" sizes=\"auto, (max-width: 460px) 100vw, 460px\" \/><\/a><\/p>\n<p>&nbsp;<\/p>\n<p><strong>Huixquilucan, Estado de M\u00e9xico<\/strong><strong>.- <\/strong>El gobierno local, que encabeza Enrique Vargas del Villar, llevar\u00e1 a cabo el XXI festival \u201cPuro Teatro\u201d, que se celebrar\u00e1 del 30 de julio al 5 de agosto en diversos espacios de la demarcaci\u00f3n, llevando as\u00ed espect\u00e1culos culturales a todas las zonas del municipio, sin costo. Con 24 puestas en escena de gran calidad, \u201cPuro Teatro\u201d pone al alcance de las familias huixquiluquenses espect\u00e1culos para todas las edades, por lo que se invita a las familias a que asistan a estos eventos.<\/p>\n","protected":false},"excerpt":{"rendered":"<p>El gobierno local, que encabeza Enrique Vargas del Villar, llevar\u00e1 a cabo el XXI festival \u201cPuro Teatro\u201d, que se celebrar\u00e1 del 30 de julio al 5 de agosto en diversos espacios de la demarcaci\u00f3n, llevando as\u00ed espect\u00e1culos culturales a todas las zonas del municipio, sin costo. Con 24 puestas en escena de gran calidad, \u201cPuro Teatro\u201d pone al alcance de las familias huixquiluquenses espect\u00e1culos para todas las edades, por lo que se invita a las familias a que asistan a estos eventos.<\/p>\n","protected":false},"author":3,"featured_media":387569,"comment_status":"open","ping_status":"open","sticky":false,"template":"","format":"standard","meta":{"_monsterinsights_skip_tracking":false,"_monsterinsights_sitenote_active":false,"_monsterinsights_sitenote_note":"","_monsterinsights_sitenote_category":0,"footnotes":""},"categories":[35155],"tags":[43675,1097,76315],"class_list":["post-387483","post","type-post","status-publish","format-standard","has-post-thumbnail","hentry","category-estado-de-mexico-estado-de-mexico","tag-estado-de-mexico","tag-huixquilucan","tag-puro-teatro"],"_links":{"self":[{"href":"https:\/\/www.diarioimagen.net\/index.php?rest_route=\/wp\/v2\/posts\/387483","targetHints":{"allow":["GET"]}}],"collection":[{"href":"https:\/\/www.diarioimagen.net\/index.php?rest_route=\/wp\/v2\/posts"}],"about":[{"href":"https:\/\/www.diarioimagen.net\/index.php?rest_route=\/wp\/v2\/types\/post"}],"author":[{"embeddable":true,"href":"https:\/\/www.diarioimagen.net\/index.php?rest_route=\/wp\/v2\/users\/3"}],"replies":[{"embeddable":true,"href":"https:\/\/www.diarioimagen.net\/index.php?rest_route=%2Fwp%2Fv2%2Fcomments&post=387483"}],"version-history":[{"count":0,"href":"https:\/\/www.diarioimagen.net\/index.php?rest_route=\/wp\/v2\/posts\/387483\/revisions"}],"wp:featuredmedia":[{"embeddable":true,"href":"https:\/\/www.diarioimagen.net\/index.php?rest_route=\/wp\/v2\/media\/387569"}],"wp:attachment":[{"href":"https:\/\/www.diarioimagen.net\/index.php?rest_route=%2Fwp%2Fv2%2Fmedia&parent=387483"}],"wp:term":[{"taxonomy":"category","embeddable":true,"href":"https:\/\/www.diarioimagen.net\/index.php?rest_route=%2Fwp%2Fv2%2Fcategories&post=387483"},{"taxonomy":"post_tag","embeddable":true,"href":"https:\/\/www.diarioimagen.net\/index.php?rest_route=%2Fwp%2Fv2%2Ftags&post=387483"}],"curies":[{"name":"wp","href":"https:\/\/api.w.org\/{rel}","templated":true}]}}