{"id":387485,"date":"2018-07-27T00:05:10","date_gmt":"2018-07-27T05:05:10","guid":{"rendered":"http:\/\/www.diarioimagen.net\/?p=387485"},"modified":"2018-07-27T04:50:16","modified_gmt":"2018-07-27T09:50:16","slug":"programa-de-mejoramiento-urbano-no-para-en-tultepec-mayor-movilidad","status":"publish","type":"post","link":"https:\/\/www.diarioimagen.net\/?p=387485","title":{"rendered":"Programa de mejoramiento urbano no para en Tultepec; mayor movilidad"},"content":{"rendered":"<ul>\n<li><strong><em>Conectividad m\u00e1s r\u00e1pida y segura<\/em><\/strong><\/li>\n<\/ul>\n<p>&nbsp;<\/p>\n<div id=\"attachment_387572\" style=\"width: 470px\" class=\"wp-caption aligncenter\"><a href=\"http:\/\/www.diarioimagen.net\/?attachment_id=387572\" rel=\"attachment wp-att-387572\"><img loading=\"lazy\" decoding=\"async\" aria-describedby=\"caption-attachment-387572\" class=\"size-large wp-image-387572\" src=\"http:\/\/www.diarioimagen.net\/wp-content\/uploads\/2018\/07\/TULTEPEC-3420-460x259.jpg\" alt=\"\" width=\"460\" height=\"259\" srcset=\"https:\/\/www.diarioimagen.net\/wp-content\/uploads\/2018\/07\/TULTEPEC-3420-460x259.jpg 460w, https:\/\/www.diarioimagen.net\/wp-content\/uploads\/2018\/07\/TULTEPEC-3420-240x135.jpg 240w, https:\/\/www.diarioimagen.net\/wp-content\/uploads\/2018\/07\/TULTEPEC-3420-235x132.jpg 235w, https:\/\/www.diarioimagen.net\/wp-content\/uploads\/2018\/07\/TULTEPEC-3420-202x114.jpg 202w, https:\/\/www.diarioimagen.net\/wp-content\/uploads\/2018\/07\/TULTEPEC-3420-350x196.jpg 350w, https:\/\/www.diarioimagen.net\/wp-content\/uploads\/2018\/07\/TULTEPEC-3420-220x123.jpg 220w, https:\/\/www.diarioimagen.net\/wp-content\/uploads\/2018\/07\/TULTEPEC-3420-237x132.jpg 237w, https:\/\/www.diarioimagen.net\/wp-content\/uploads\/2018\/07\/TULTEPEC-3420.jpg 480w\" sizes=\"auto, (max-width: 460px) 100vw, 460px\" \/><\/a><p id=\"caption-attachment-387572\" class=\"wp-caption-text\">Est\u00e1n por concluir los \u00faltimos detalles en la construcci\u00f3n de la nueva escuela primaria Benito Ju\u00e1rez, en la colonia Emiqu\u00eda, en Tultepec.<\/p><\/div>\n<p>&nbsp;<\/p>\n<p><strong>Tultepec, Estado de M\u00e9xico<\/strong>.- Para brindar una mayor movilidad y una conectividad m\u00e1s r\u00e1pida y segura en el traslado de personas y mercanc\u00edas en todo el territorio municipal, contin\u00faa el programa de pavimentaci\u00f3n de obras en beneficio de toda la poblaci\u00f3n, el mejoramiento de la imagen urbana y la activaci\u00f3n y desarrollo comercial de Tultepec, as\u00ed como la calidad de vida de los habitantes del lugar.<\/p>\n<p>De esta forma, el municipio hoy d\u00eda sorprende a propios y extra\u00f1os gracias a la positiva transformaci\u00f3n de su infraestructura e imagen urbana de los \u00faltimos a\u00f1os, donde con obras de calidad se ha mejorado considerablemente la calidad de vida de sus habitantes.<\/p>\n<p>\u00d3scar Ram\u00edrez Peralta, director de Obras P\u00fablicas, inform\u00f3 que se concluy\u00f3 la pavimentaci\u00f3n con concreto hidr\u00e1ulico del cuerpo norte de la Avenida Toluca, que atraviesa de punta a punta la zona de fraccionamientos hasta la colindancia con Cuautitl\u00e1n, es decir de la Avenida Doctores hasta la Avenida La Antigua y en unos d\u00edas ser\u00e1 abierta a la circulaci\u00f3n en su \u00faltimo tramo.<\/p>\n<p>De igual forma, est\u00e1n por concluir los \u00faltimos detalles en la construcci\u00f3n de la nueva escuela primaria Benito Ju\u00e1rez, en la colonia Emiqu\u00eda, donde se realiza la colocaci\u00f3n de puertas, ventanas, barandales y canceler\u00eda; as\u00ed como en el estacionamiento y cancha deportiva, la cual estar\u00e1 lista para que los alumnos la estrenen el ciclo escolar que est\u00e1 por iniciar en el mes de agosto.<\/p>\n<p>El funcionario precis\u00f3 que igualmente est\u00e1 por finalizar la continuaci\u00f3n de la pavimentaci\u00f3n con concreto hidr\u00e1ulico de la Avenida Doctores en la colonia 10 de Junio, as\u00ed como la remodelaci\u00f3n de la plaza c\u00edvica de la escuela primaria Otilio Monta\u00f1o en esa misma comunidad. Y el t\u00e9rmino de obras del Parque Gladiolas en el Fraccionamiento Real de Tultepec.<\/p>\n<p>En tanto que en el fraccionamiento CTM se trabaja en la remodelaci\u00f3n de la cl\u00ednica que opera el DIF municipal, la cual adem\u00e1s ser\u00e1 modernizada en el equipamiento para brindar un servicio m\u00e9dico de mayor calidad y a bajo costo, al alcance de aquellas personas que no cuentan con alg\u00fan tipo de seguridad social.<\/p>\n<p>En este programa de obras tambi\u00e9n est\u00e1 por concluirse el drenaje y la pavimentaci\u00f3n con concreto hidr\u00e1ulico de la 4\u00aa Avenida y Lerdo de Tejada en el barrio San Rafael, dos calles cerradas en 5 de Mayo, las calles Luz Corona, Jes\u00fas de Los Reyes y 2\u00aa Cerrada de Joaqu\u00edn Montenegro en el barrio San Mart\u00edn, la Maclovio Herrera en el barrio San Juan y la construcci\u00f3n de guarniciones y banquetas en la calle Calicanto.<\/p>\n","protected":false},"excerpt":{"rendered":"<p>Para brindar una mayor movilidad y una conectividad m\u00e1s r\u00e1pida y segura en el traslado de personas y mercanc\u00edas en todo el territorio municipal, contin\u00faa el programa de pavimentaci\u00f3n de obras en beneficio de toda la poblaci\u00f3n, el mejoramiento de la imagen urbana y la activaci\u00f3n y desarrollo comercial de Tultepec, as\u00ed como la calidad de vida de los habitantes del lugar.<\/p>\n","protected":false},"author":3,"featured_media":387572,"comment_status":"open","ping_status":"open","sticky":false,"template":"","format":"standard","meta":{"_monsterinsights_skip_tracking":false,"_monsterinsights_sitenote_active":false,"_monsterinsights_sitenote_note":"","_monsterinsights_sitenote_category":0,"footnotes":""},"categories":[35155],"tags":[43675,76463,3802,64369],"class_list":["post-387485","post","type-post","status-publish","format-standard","has-post-thumbnail","hentry","category-estado-de-mexico-estado-de-mexico","tag-estado-de-mexico","tag-mobilidad","tag-tultepec","tag-urbano"],"_links":{"self":[{"href":"https:\/\/www.diarioimagen.net\/index.php?rest_route=\/wp\/v2\/posts\/387485","targetHints":{"allow":["GET"]}}],"collection":[{"href":"https:\/\/www.diarioimagen.net\/index.php?rest_route=\/wp\/v2\/posts"}],"about":[{"href":"https:\/\/www.diarioimagen.net\/index.php?rest_route=\/wp\/v2\/types\/post"}],"author":[{"embeddable":true,"href":"https:\/\/www.diarioimagen.net\/index.php?rest_route=\/wp\/v2\/users\/3"}],"replies":[{"embeddable":true,"href":"https:\/\/www.diarioimagen.net\/index.php?rest_route=%2Fwp%2Fv2%2Fcomments&post=387485"}],"version-history":[{"count":0,"href":"https:\/\/www.diarioimagen.net\/index.php?rest_route=\/wp\/v2\/posts\/387485\/revisions"}],"wp:featuredmedia":[{"embeddable":true,"href":"https:\/\/www.diarioimagen.net\/index.php?rest_route=\/wp\/v2\/media\/387572"}],"wp:attachment":[{"href":"https:\/\/www.diarioimagen.net\/index.php?rest_route=%2Fwp%2Fv2%2Fmedia&parent=387485"}],"wp:term":[{"taxonomy":"category","embeddable":true,"href":"https:\/\/www.diarioimagen.net\/index.php?rest_route=%2Fwp%2Fv2%2Fcategories&post=387485"},{"taxonomy":"post_tag","embeddable":true,"href":"https:\/\/www.diarioimagen.net\/index.php?rest_route=%2Fwp%2Fv2%2Ftags&post=387485"}],"curies":[{"name":"wp","href":"https:\/\/api.w.org\/{rel}","templated":true}]}}