{"id":387490,"date":"2018-07-27T00:03:05","date_gmt":"2018-07-27T05:03:05","guid":{"rendered":"http:\/\/www.diarioimagen.net\/?p=387490"},"modified":"2018-07-27T05:48:09","modified_gmt":"2018-07-27T10:48:09","slug":"asumen-cargo-nuevos-funcionarios-en-naucalpan","status":"publish","type":"post","link":"https:\/\/www.diarioimagen.net\/?p=387490","title":{"rendered":"Asumen cargo nuevos funcionarios en Naucalpan"},"content":{"rendered":"<p><a href=\"http:\/\/www.diarioimagen.net\/?attachment_id=387578\" rel=\"attachment wp-att-387578\"><img loading=\"lazy\" decoding=\"async\" class=\"aligncenter size-large wp-image-387578\" src=\"http:\/\/www.diarioimagen.net\/wp-content\/uploads\/2018\/07\/NAUCALPAN-3420-460x259.jpg\" alt=\"\" width=\"460\" height=\"259\" srcset=\"https:\/\/www.diarioimagen.net\/wp-content\/uploads\/2018\/07\/NAUCALPAN-3420-460x259.jpg 460w, https:\/\/www.diarioimagen.net\/wp-content\/uploads\/2018\/07\/NAUCALPAN-3420-240x135.jpg 240w, https:\/\/www.diarioimagen.net\/wp-content\/uploads\/2018\/07\/NAUCALPAN-3420-235x132.jpg 235w, https:\/\/www.diarioimagen.net\/wp-content\/uploads\/2018\/07\/NAUCALPAN-3420-202x114.jpg 202w, https:\/\/www.diarioimagen.net\/wp-content\/uploads\/2018\/07\/NAUCALPAN-3420-350x196.jpg 350w, https:\/\/www.diarioimagen.net\/wp-content\/uploads\/2018\/07\/NAUCALPAN-3420-220x123.jpg 220w, https:\/\/www.diarioimagen.net\/wp-content\/uploads\/2018\/07\/NAUCALPAN-3420-237x132.jpg 237w, https:\/\/www.diarioimagen.net\/wp-content\/uploads\/2018\/07\/NAUCALPAN-3420.jpg 480w\" sizes=\"auto, (max-width: 460px) 100vw, 460px\" \/><\/a><\/p>\n<p>&nbsp;<\/p>\n<p><strong>Naucalpan, Estado de M\u00e9xico.-<\/strong> El cabildo local aprob\u00f3 por unanimidad los nombramientos de Arturo Rodr\u00edguez Rivera, como titular de la Direcci\u00f3n General de Medio Ambiente; Martha M\u00f3nica V\u00e1zquez Padr\u00f3n, como contralora interna y Edmundo Francisco Esquivel Fuentes, como secretario t\u00e9cnico del Consejo Municipal de Seguridad P\u00fablica.<\/p>\n<p>Los integrantes del cuerpo edilicio tomaron la protesta de ley a los nuevos funcionarios naucalpenses que continuar\u00e1n con las acciones que ven\u00edan realizando sus antecesores, en beneficio de la ciudadan\u00eda.<\/p>\n","protected":false},"excerpt":{"rendered":"<p>El cabildo local aprob\u00f3 por unanimidad los nombramientos de Arturo Rodr\u00edguez Rivera, como titular de la Direcci\u00f3n General de Medio Ambiente; Martha M\u00f3nica V\u00e1zquez Padr\u00f3n, como contralora interna y Edmundo Francisco Esquivel Fuentes, como secretario t\u00e9cnico del Consejo Municipal de Seguridad P\u00fablica.<\/p>\n","protected":false},"author":3,"featured_media":387578,"comment_status":"open","ping_status":"open","sticky":false,"template":"","format":"standard","meta":{"_monsterinsights_skip_tracking":false,"_monsterinsights_sitenote_active":false,"_monsterinsights_sitenote_note":"","_monsterinsights_sitenote_category":0,"footnotes":""},"categories":[35155],"tags":[23586,43675,10491,970],"class_list":["post-387490","post","type-post","status-publish","format-standard","has-post-thumbnail","hentry","category-estado-de-mexico-estado-de-mexico","tag-cargo","tag-estado-de-mexico","tag-funcionarios","tag-naucalpan"],"_links":{"self":[{"href":"https:\/\/www.diarioimagen.net\/index.php?rest_route=\/wp\/v2\/posts\/387490","targetHints":{"allow":["GET"]}}],"collection":[{"href":"https:\/\/www.diarioimagen.net\/index.php?rest_route=\/wp\/v2\/posts"}],"about":[{"href":"https:\/\/www.diarioimagen.net\/index.php?rest_route=\/wp\/v2\/types\/post"}],"author":[{"embeddable":true,"href":"https:\/\/www.diarioimagen.net\/index.php?rest_route=\/wp\/v2\/users\/3"}],"replies":[{"embeddable":true,"href":"https:\/\/www.diarioimagen.net\/index.php?rest_route=%2Fwp%2Fv2%2Fcomments&post=387490"}],"version-history":[{"count":0,"href":"https:\/\/www.diarioimagen.net\/index.php?rest_route=\/wp\/v2\/posts\/387490\/revisions"}],"wp:featuredmedia":[{"embeddable":true,"href":"https:\/\/www.diarioimagen.net\/index.php?rest_route=\/wp\/v2\/media\/387578"}],"wp:attachment":[{"href":"https:\/\/www.diarioimagen.net\/index.php?rest_route=%2Fwp%2Fv2%2Fmedia&parent=387490"}],"wp:term":[{"taxonomy":"category","embeddable":true,"href":"https:\/\/www.diarioimagen.net\/index.php?rest_route=%2Fwp%2Fv2%2Fcategories&post=387490"},{"taxonomy":"post_tag","embeddable":true,"href":"https:\/\/www.diarioimagen.net\/index.php?rest_route=%2Fwp%2Fv2%2Ftags&post=387490"}],"curies":[{"name":"wp","href":"https:\/\/api.w.org\/{rel}","templated":true}]}}