{"id":387664,"date":"2018-07-30T00:01:23","date_gmt":"2018-07-30T05:01:23","guid":{"rendered":"http:\/\/www.diarioimagen.net\/?p=387664"},"modified":"2018-07-30T05:07:52","modified_gmt":"2018-07-30T10:07:52","slug":"jose-maria-giraldo-director-general-de-american-airlines-en-mexico-y-vicky-uzal-directora-comercial-anuncian-el-vuelo-ciudad-de-mexico-filadelfia","status":"publish","type":"post","link":"https:\/\/www.diarioimagen.net\/?p=387664","title":{"rendered":"Jos\u00e9 Mar\u00eda Giraldo, director general de <em>American Airlines<\/em> en M\u00e9xico, y Vicky Uzal, directora comercial, anuncian el vuelo Ciudad de M\u00e9xico-Filadelfia"},"content":{"rendered":"<h2>De cinco estrellas<\/h2>\n<h5>Victoria Gonz\u00e1lez Prado<\/h5>\n<p><strong>\u00a0<\/strong><\/p>\n<ul>\n<li><em><strong>San Miguel de Allende, Guanajuato, por segunda ocasi\u00f3n, es denominada \u201cMejor Ciudad del Mundo\u201d<\/strong><\/em><\/li>\n<\/ul>\n<p><strong>\u00a0<\/strong><\/p>\n<div id=\"attachment_387734\" style=\"width: 470px\" class=\"wp-caption aligncenter\"><a href=\"http:\/\/www.diarioimagen.net\/?attachment_id=387734\" rel=\"attachment wp-att-387734\"><img loading=\"lazy\" decoding=\"async\" aria-describedby=\"caption-attachment-387734\" class=\"size-large wp-image-387734\" src=\"http:\/\/www.diarioimagen.net\/wp-content\/uploads\/2018\/07\/turismo-3421-460x259.jpg\" alt=\"\" width=\"460\" height=\"259\" srcset=\"https:\/\/www.diarioimagen.net\/wp-content\/uploads\/2018\/07\/turismo-3421-460x259.jpg 460w, https:\/\/www.diarioimagen.net\/wp-content\/uploads\/2018\/07\/turismo-3421-240x135.jpg 240w, https:\/\/www.diarioimagen.net\/wp-content\/uploads\/2018\/07\/turismo-3421-235x132.jpg 235w, https:\/\/www.diarioimagen.net\/wp-content\/uploads\/2018\/07\/turismo-3421-202x114.jpg 202w, https:\/\/www.diarioimagen.net\/wp-content\/uploads\/2018\/07\/turismo-3421-350x196.jpg 350w, https:\/\/www.diarioimagen.net\/wp-content\/uploads\/2018\/07\/turismo-3421-220x123.jpg 220w, https:\/\/www.diarioimagen.net\/wp-content\/uploads\/2018\/07\/turismo-3421-237x132.jpg 237w, https:\/\/www.diarioimagen.net\/wp-content\/uploads\/2018\/07\/turismo-3421.jpg 480w\" sizes=\"auto, (max-width: 460px) 100vw, 460px\" \/><\/a><p id=\"caption-attachment-387734\" class=\"wp-caption-text\">Arturo Varela, Vicky Uzal y Jos\u00e9 Mar\u00eda Giraldo.<\/p><\/div>\n<p>&nbsp;<\/p>\n<p><strong>Jos\u00e9 Mar\u00eda Giraldo<\/strong>, director general de American Airlines en M\u00e9xico, anunci\u00f3 el vuelo entre la Ciudad de M\u00e9xico y Filadelfia, Pensilvania, que inici\u00f3 operaciones el pasado 5 de julio en un avi\u00f3n <em>Airbus A3<\/em>19 con capacidad para 128 pasajeros, que permitir\u00e1 a m\u00e1s mexicanos un mayor alcance a la red global de la l\u00ednea a\u00e9rea, que en temporada alta tiene hasta 428 salidas al d\u00eda, se\u00f1al\u00f3 el directivo.<\/p>\n<p>Con la presencia de agentes de viajes a los que se les dio detalles sobre la nueva ruta, el ejecutivo hizo el anuncio oficial y reconoci\u00f3 el trabajo de los profesionales de este sector, como su principal canal de ventas.<\/p>\n<p>Al dar la bienvenida, acompa\u00f1ado de <strong>Vicky Uzal<\/strong>, directora comercial de la aerol\u00ednea y <strong>Arturo Varela<\/strong>, director de Relaciones P\u00fablicas de <strong>Visit Philly<\/strong>, <strong>Jos\u00e9 Mar\u00eda Giraldo<\/strong>, agreg\u00f3: \u201cel inicio de operaciones de esta nueva ruta reafirma nuestro compromiso con M\u00e9xico y con nuestros clientes en el pa\u00eds. Filadelfia es uno de nuestros centros de conexiones m\u00e1s importantes y ofrece a nuestros clientes mexicanos mayor conectividad y acceso a nuestra red global\u201d.<\/p>\n<p>Con el nuevo servicio ya son 12 los vuelos diarios y sin escalas que parten desde la Ciudad de M\u00e9xico a los centros de conexiones de American en Charlotte, Dallas\/ Fort Worth, Miami, Phoenix y ahora Filadelfia.<\/p>\n<p>Por su parte, <strong>Vicky Uzal<\/strong>, directora comercial de <em>American Airlines,<\/em> habl\u00f3 de la red de destinos que tiene en nuestro pa\u00eds, la cual llegar\u00e1 a 22 en diciembre con su vuelo Dallas-Oaxaca.<\/p>\n<p>Explic\u00f3 a los agentes de viajes, la amplia gama de producto que tienen para todo tipo de pasajero, ya que su familia tarifaria abarca <em>Flagship First, Flagship Business, Premium Economy,<\/em> as\u00ed como <em>Main Cabin, Main Cabin Extra<\/em> y <em>Basic Economy<\/em> y destac\u00f3 la importancia de que los agentes de viaje conozcan e identifiquen a la hora de reservar qu\u00e9 tipo de servicio es el adecuado para sus clientes.<\/p>\n<p>\u201cEstamos compitiendo con las <em>low cost,<\/em> pero con los beneficios de una mejor flota y una mayor conectividad\u201d, coment\u00f3. Asimismo, dijo que otros de los beneficios que tiene la l\u00ednea a\u00e9rea, \u201ces la conexi\u00f3n <em>wifi<\/em> y su moderna <em>app <\/em>m\u00f3vil que permite hacer <em>check in<\/em>, obtener pase de abordar, elegir asiento y verificar el estatus por si se desea hacer un <em>upgrade.<\/em><\/p>\n<p>Por \u00faltimo, <strong>Vicky<\/strong> asegur\u00f3: \u201dcontamos con la funci\u00f3n de alertas y para la clase ejecutiva, la <em>app<\/em> permite seleccionar el men\u00fa antes del viaje y, comparti\u00f3 los beneficios que ofrecer\u00e1 el nuevo servicio para los pasajeros mexicanos, incluyendo la oportunidad de conectar con los m\u00e1s de 380 vuelos diarios a 116 destinos de la aerol\u00ednea desde Filadelfia y la posibilidad de conectar con Praga y Budapest, dos de sus nuevas rutas para este verano.<\/p>\n<p><strong>Arturo Varela<\/strong>, al hacer uso de la palabra, asegur\u00f3: \u201cestamos muy entusiastas con el inicio de operaciones de esta nueva ruta. Filadelfia es una ciudad con un gran acervo hist\u00f3rico y cultural que abrir\u00e1 la puerta a nuevas posibilidades para los viajeros mexicanos\u201d, a\u00f1adi\u00f3.<\/p>\n<p>Cabe destacar que <em>American Airlines<\/em> incrementar\u00e1 su oferta hacia Latinoam\u00e9rica este a\u00f1o, con las rutas Buenos Aires-Los \u00c1ngeles, C\u00f3rdoba-Miami, Pereira (Colombia)-Miami, y Georgetown (Guyana)-Miami.<\/p>\n<p>Al concluir la reuni\u00f3n y en breve entrevista con los reporteros, <strong>Jos\u00e9 Mar\u00eda Giraldo<\/strong> asegur\u00f3 que el cambio de gobierno no afecta a sus planes de inversi\u00f3n. Rechaz\u00f3 que los planes de la compa\u00f1\u00eda vayan a cambiar una vez que comience la siguiente administraci\u00f3n federal. \u201cEl compromiso de American con M\u00e9xico es s\u00f3lido y fuerte, vamos a seguir con los planes de crecimiento e inversi\u00f3n en el pa\u00eds, y en marcha lo que tenemos contemplado con frecuencias y en equipo de aeronaves, la nueva ruta es parte de esa confianza en el pa\u00eds\u201d.<\/p>\n<p>De igual forma, indic\u00f3 \u201cesta temporada de verano, la aerol\u00ednea espera reportar n\u00fameros positivos respecto a los vuelos desde M\u00e9xico. Estamos viendo buenos factores de ocupaci\u00f3n y obviamente en lo que son destinos receptivos en el pa\u00eds como Canc\u00fan y Los Cabos, est\u00e1n llegando a M\u00e9xico pasajeros, por lo que estamos contentos con la perspectiva de esta temporada\u201d.<\/p>\n<p>\u2730\u2730\u2730\u2730\u2730 Los sanmiguelenses son responsables de que San Miguel de Allende obtenga por segundo a\u00f1o consecutivo el galard\u00f3n como \u201cMejor ciudad del mundo\u201d, reconoci\u00f3 <strong>Gonzalo Gonz\u00e1lez<\/strong>, presidente municipal, al recibir dos preseas en los <em>\u201cWorld\u2019s Best Awards 2018\u201d. <\/em><\/p>\n<p>La ceremonia tuvo lugar en Nueva York, donde el editor en jefe de la revista <em>Travel + Leisure,<\/em> <strong>Nathan Lump<\/strong> entreg\u00f3 las dos preseas al presidente municipal:\u00a0 <strong>\u00a0<\/strong>\u00a0\u201cMejor ciudad del mundo\u201d y \u201cMejor ciudad de M\u00e9xico\u201d.<\/p>\n<p>Ambas preseas rinden homenaje a los mejores destinos y proveedores tur\u00edsticos del mundo, conforme a las votaciones que hacen sus lectores en un periodo de seis meses; resultado de ello, tambi\u00e9n el hotel <em>Rosewood<\/em> y <em>Belmond Casa de Sierra Nevada<\/em> recibieron el galard\u00f3n como n\u00famero uno y n\u00famero 4 respectivamente en la categor\u00eda de \u201cMejor Hotel\u201d en la Rep\u00fablica Mexicana.<\/p>\n<p>En su oportunidad <strong>Gonzalo <\/strong>indic\u00f3: \u201csin excepci\u00f3n cada prestador de servicio, en todos sus niveles, es responsable de que San Miguel de Allende vuelva a reconocerse como la mejor ciudad del mundo para visitar; gracias por su entrega, por su servicio, por su vocaci\u00f3n\u201d.<\/p>\n<p>San Miguel de Allende es una de las tres ciudades que gana \u201dMejor ciudad del mundo\u201d durante dos a\u00f1os consecutivos; antes fueron Kyoto y Sydney; convirti\u00e9ndose en la \u00fanica ciudad en Am\u00e9rica en tener este reconocimiento.<\/p>\n<p>\u201cEl Coraz\u00f3n de M\u00e9xico\u201d es el identificador de San Miguel no s\u00f3lo por su ubicaci\u00f3n central, sino por su vasta historia y f\u00e9rreo inter\u00e9s en preservar las tradiciones y cultura mexicana.<\/p>\n<p>Actualmente, San Miguel de Allende tiene m\u00e1s de 80 hoteles, dos de los cuales pertenecen a la asociaci\u00f3n de viajes de lujo \u201cVirtuoso\u201d y un hotel \u201c<em>Design<\/em>\u201d, cuya caracter\u00edstica es mantener un dise\u00f1o y arquitectura \u00fanicas donde el lujo y el buen gusto sobresalen.<\/p>\n<p>Tiene 30 hoteles boutique, alrededor de 70 restaurantes de cocina mexicana e internacional, tres campos de golf y numerosas galer\u00edas de arte y Spas.<\/p>\n<p><em><a href=\"mailto:victoriagprado@gmail.com\" target=\"_blank\" rel=\"noopener\">victoriagprado@gmail.com<\/a><\/em><br \/>\n<em> Twitter: <a href=\"https:\/\/twitter.com\/victoriagprado\" target=\"_blank\" rel=\"noopener\">@victoriagprado<\/a><\/em><\/p>\n","protected":false},"excerpt":{"rendered":"<p><strong>Jos\u00e9 Mar\u00eda Giraldo<\/strong>, director general de American Airlines en M\u00e9xico, anunci\u00f3 el vuelo entre la Ciudad de M\u00e9xico y Filadelfia, Pensilvania, que inici\u00f3 operaciones el pasado 5 de julio en un avi\u00f3n <em>Airbus A3<\/em>19 con capacidad para 128 pasajeros, que permitir\u00e1 a m\u00e1s mexicanos un mayor alcance a la red global de la l\u00ednea a\u00e9rea, que en temporada alta tiene hasta 428 salidas al d\u00eda, se\u00f1al\u00f3 el directivo.<\/p>\n","protected":false},"author":3,"featured_media":387734,"comment_status":"open","ping_status":"open","sticky":false,"template":"","format":"standard","meta":{"_monsterinsights_skip_tracking":false,"_monsterinsights_sitenote_active":false,"_monsterinsights_sitenote_note":"","_monsterinsights_sitenote_category":0,"footnotes":""},"categories":[11],"tags":[107,43674,106],"class_list":["post-387664","post","type-post","status-publish","format-standard","has-post-thumbnail","hentry","category-turismo","tag-de-cinco-estrellas","tag-opinion","tag-victoria-gonzalez-prado"],"_links":{"self":[{"href":"https:\/\/www.diarioimagen.net\/index.php?rest_route=\/wp\/v2\/posts\/387664","targetHints":{"allow":["GET"]}}],"collection":[{"href":"https:\/\/www.diarioimagen.net\/index.php?rest_route=\/wp\/v2\/posts"}],"about":[{"href":"https:\/\/www.diarioimagen.net\/index.php?rest_route=\/wp\/v2\/types\/post"}],"author":[{"embeddable":true,"href":"https:\/\/www.diarioimagen.net\/index.php?rest_route=\/wp\/v2\/users\/3"}],"replies":[{"embeddable":true,"href":"https:\/\/www.diarioimagen.net\/index.php?rest_route=%2Fwp%2Fv2%2Fcomments&post=387664"}],"version-history":[{"count":0,"href":"https:\/\/www.diarioimagen.net\/index.php?rest_route=\/wp\/v2\/posts\/387664\/revisions"}],"wp:featuredmedia":[{"embeddable":true,"href":"https:\/\/www.diarioimagen.net\/index.php?rest_route=\/wp\/v2\/media\/387734"}],"wp:attachment":[{"href":"https:\/\/www.diarioimagen.net\/index.php?rest_route=%2Fwp%2Fv2%2Fmedia&parent=387664"}],"wp:term":[{"taxonomy":"category","embeddable":true,"href":"https:\/\/www.diarioimagen.net\/index.php?rest_route=%2Fwp%2Fv2%2Fcategories&post=387664"},{"taxonomy":"post_tag","embeddable":true,"href":"https:\/\/www.diarioimagen.net\/index.php?rest_route=%2Fwp%2Fv2%2Ftags&post=387664"}],"curies":[{"name":"wp","href":"https:\/\/api.w.org\/{rel}","templated":true}]}}