{"id":387673,"date":"2018-07-30T00:07:33","date_gmt":"2018-07-30T05:07:33","guid":{"rendered":"http:\/\/www.diarioimagen.net\/?p=387673"},"modified":"2018-07-30T07:22:08","modified_gmt":"2018-07-30T12:22:08","slug":"participa-tlalnepantla-en-xxiii-encuentro-iberoamericano-de-autoridades-locales","status":"publish","type":"post","link":"https:\/\/www.diarioimagen.net\/?p=387673","title":{"rendered":"Participa Tlalnepantla en XXIII Encuentro Iberoamericano de Autoridades Locales"},"content":{"rendered":"<ul>\n<li><strong><em>Presenta ponencia Denisse Ugalde Alegr\u00eda<\/em><\/strong><\/li>\n<\/ul>\n<p>&nbsp;<\/p>\n<div id=\"attachment_387786\" style=\"width: 470px\" class=\"wp-caption aligncenter\"><a href=\"http:\/\/www.diarioimagen.net\/?attachment_id=387786\" rel=\"attachment wp-att-387786\"><img loading=\"lazy\" decoding=\"async\" aria-describedby=\"caption-attachment-387786\" class=\"size-large wp-image-387786\" src=\"http:\/\/www.diarioimagen.net\/wp-content\/uploads\/2018\/07\/TLALNEPANTLA-3421-460x271.jpg\" alt=\"\" width=\"460\" height=\"271\" srcset=\"https:\/\/www.diarioimagen.net\/wp-content\/uploads\/2018\/07\/TLALNEPANTLA-3421-460x271.jpg 460w, https:\/\/www.diarioimagen.net\/wp-content\/uploads\/2018\/07\/TLALNEPANTLA-3421-240x142.jpg 240w, https:\/\/www.diarioimagen.net\/wp-content\/uploads\/2018\/07\/TLALNEPANTLA-3421.jpg 700w\" sizes=\"auto, (max-width: 460px) 100vw, 460px\" \/><\/a><p id=\"caption-attachment-387786\" class=\"wp-caption-text\">El programa Redes Vecinales de Seguridad, se basa en fortalecer la confianza para construir, con participaci\u00f3n ciudadana, ambientes para el orden, la seguridad, la justicia y la paz.<\/p><\/div>\n<p>&nbsp;<\/p>\n<p><strong>Tlalnepantla, Estado de M\u00e9xico<\/strong>.- Al participar en el XXIII Encuentro Iberoamericano de Autoridades Locales, la alcaldesa Denisse Ugalde Alegr\u00eda comparti\u00f3 la experiencia de Tlalnepantla en la construcci\u00f3n de paz y seguridad, a trav\u00e9s de la estrategia transversal de Redes Vecinales de Seguridad que impulsa el gobierno local.<\/p>\n<p>Durante su ponencia en el foro realizado en Orizaba, Veracruz, la presidenta municipal reconoci\u00f3 que \u201cla violencia y la inseguridad no s\u00f3lo tienen una causa, sino que es multifactorial, \u00a0por ello en Tlalnepantla hemos planteado una estrategia interdisciplinaria en donde participan todas las \u00e1reas y en la que la ciudadan\u00eda es corresponsable\u201d.<\/p>\n<p>El programa Redes Vecinales de Seguridad, se basa en fortalecer la confianza para construir, con participaci\u00f3n ciudadana, ambientes para el orden, la seguridad, la justicia y la paz, respondiendo as\u00ed a la mayor preocupaci\u00f3n de las familias tlalnepantlenses.<\/p>\n<p>Esta iniciativa se fundamenta en generar inteligencia social, para que la propia ciudadan\u00eda aporte informaci\u00f3n de d\u00f3nde, c\u00f3mo y cu\u00e1ndo se est\u00e1 cometiendo un delito y a partir de ah\u00ed, hacer inteligencia policial compartida con el estado y la federaci\u00f3n para que los operativos conjuntos sean mucho m\u00e1s eficientes.<\/p>\n<p>Esta estrategia se fundamenta as\u00ed en tres ejes, por un lado la justicia c\u00edvica, por otro lado la prevenci\u00f3n de la violencia y los delitos, la convivencia, la participaci\u00f3n ciudadana y las capacidades institucionales para la funci\u00f3n policial teniendo al centro en todo momento a la ciudadan\u00eda.<\/p>\n<p>Ante alcaldes de distintos pa\u00edses iberoamericanos que se dieron cita en este Encuentro Iberoamericano, Ugalde Alegr\u00eda inform\u00f3 que a la fecha 27,726 mil hogares del municipio est\u00e1n integrados a las Redes Vecinales y su participaci\u00f3n ha sido fundamental para lograr la puesta a disposici\u00f3n de m\u00e1s de 379 personas.<\/p>\n<p>Denisse Ugalde destac\u00f3 la participaci\u00f3n que las distintas \u00e1reas del gobierno local tienen en esta iniciativa, ya que su labor ha sido fundamental para construir territorios de paz y con ello trabajar en la reconstrucci\u00f3n del tejido social.<\/p>\n<p>Detall\u00f3 que la direcci\u00f3n de Servicios Urbanos contribuye en el mejoramiento de la imagen de cada comunidad, con la modernizaci\u00f3n del alumbrado p\u00fablico y trabajos de poda, clareo de ramas, bacheo, balizamiento y mejoramiento de la infraestructura urbana.<\/p>\n<p>En tanto que los Institutos de la Juventud, Cultura y las Artes, Mujeres, Educaci\u00f3n y Deporte \u00a0acercan a la comunidad diversas actividades de prevenci\u00f3n del delito y para su integraci\u00f3n vecinal.<\/p>\n","protected":false},"excerpt":{"rendered":"<p>Al participar en el XXIII Encuentro Iberoamericano de Autoridades Locales, la alcaldesa Denisse Ugalde Alegr\u00eda comparti\u00f3 la experiencia de Tlalnepantla en la construcci\u00f3n de paz y seguridad, a trav\u00e9s de la estrategia transversal de Redes Vecinales de Seguridad que impulsa el gobierno local.<\/p>\n","protected":false},"author":3,"featured_media":387786,"comment_status":"open","ping_status":"open","sticky":false,"template":"","format":"standard","meta":{"_monsterinsights_skip_tracking":false,"_monsterinsights_sitenote_active":false,"_monsterinsights_sitenote_note":"","_monsterinsights_sitenote_category":0,"footnotes":""},"categories":[35155],"tags":[76513,43675,169],"class_list":["post-387673","post","type-post","status-publish","format-standard","has-post-thumbnail","hentry","category-estado-de-mexico-estado-de-mexico","tag-encuentro-iberoamericano-de-autoridades-locales","tag-estado-de-mexico","tag-tlalnepantla"],"_links":{"self":[{"href":"https:\/\/www.diarioimagen.net\/index.php?rest_route=\/wp\/v2\/posts\/387673","targetHints":{"allow":["GET"]}}],"collection":[{"href":"https:\/\/www.diarioimagen.net\/index.php?rest_route=\/wp\/v2\/posts"}],"about":[{"href":"https:\/\/www.diarioimagen.net\/index.php?rest_route=\/wp\/v2\/types\/post"}],"author":[{"embeddable":true,"href":"https:\/\/www.diarioimagen.net\/index.php?rest_route=\/wp\/v2\/users\/3"}],"replies":[{"embeddable":true,"href":"https:\/\/www.diarioimagen.net\/index.php?rest_route=%2Fwp%2Fv2%2Fcomments&post=387673"}],"version-history":[{"count":0,"href":"https:\/\/www.diarioimagen.net\/index.php?rest_route=\/wp\/v2\/posts\/387673\/revisions"}],"wp:featuredmedia":[{"embeddable":true,"href":"https:\/\/www.diarioimagen.net\/index.php?rest_route=\/wp\/v2\/media\/387786"}],"wp:attachment":[{"href":"https:\/\/www.diarioimagen.net\/index.php?rest_route=%2Fwp%2Fv2%2Fmedia&parent=387673"}],"wp:term":[{"taxonomy":"category","embeddable":true,"href":"https:\/\/www.diarioimagen.net\/index.php?rest_route=%2Fwp%2Fv2%2Fcategories&post=387673"},{"taxonomy":"post_tag","embeddable":true,"href":"https:\/\/www.diarioimagen.net\/index.php?rest_route=%2Fwp%2Fv2%2Ftags&post=387673"}],"curies":[{"name":"wp","href":"https:\/\/api.w.org\/{rel}","templated":true}]}}