{"id":387707,"date":"2018-07-30T00:02:21","date_gmt":"2018-07-30T05:02:21","guid":{"rendered":"http:\/\/www.diarioimagen.net\/?p=387707"},"modified":"2018-07-30T02:30:57","modified_gmt":"2018-07-30T07:30:57","slug":"prohibe-eu-importar-de-mexico-pesquerias-y-mariscos-quiere-salvar-vaquitas-marinas","status":"publish","type":"post","link":"https:\/\/www.diarioimagen.net\/?p=387707","title":{"rendered":"Proh\u00edbe EU importar de M\u00e9xico pesquer\u00edas y mariscos; quiere salvar vaquitas marinas"},"content":{"rendered":"<h2>\u201cHora 14\u201d<\/h2>\n<h5>Mauricio Conde Olivares<\/h5>\n<p>&nbsp;<\/p>\n<p>Canc\u00fan Tech City A.C., da sus primeros pasos para generar un ecosistema de emprendimiento tecnol\u00f3gico integrado al momento por 15 empresas y con la meta puesta en hacerse de una sede.<\/p>\n<p>Luis Garc\u00eda, el nuevo presidente de esa\u00a0 asociaci\u00f3n civil, define el rumbo inmediato; trabajar en el Diagn\u00f3stico del Ecosistema del Emprendedor, un documento que habr\u00e1 de arrojar luz\u00a0 sobre qui\u00e9nes, d\u00f3nde y qu\u00e9 hacen el sector de la innovaci\u00f3n, el emprendedurismo y la tecnolog\u00eda en Canc\u00fan y el resto del Caribe mexicano.<\/p>\n<p>Hasta ahora han detectado a 55 empresas que se mueven en el segmento pero no ser\u00e1 sino cuando concluyan el mapa que sabr\u00e1n que hace falta para robustecer el ecosistema.<\/p>\n<p>Con un diagn\u00f3stico en la mano, el siguiente paso es emprender acciones para crecer y eso, a decir de Garc\u00eda, solo se puede hacer estableciendo pol\u00edticas de trabajo bien definidas para impulsar\u00a0 a los\u00a0 emprendedores y despu\u00e9s buscando fondos nacionales e internacionales para\u00a0 apoyarlos.<\/p>\n<p>Los\u00a0 que\u00a0 ya son parte de Canc\u00fan Tech City trabajan ahora mismo para generar startups y empresas nuevas, sin embargo, reconocen que hacen faltan universidades que aporten la academia para generar, por ejemplo, indicadores que les\u00a0 indiquen el camino.<\/p>\n<p>\u201cAl sector le hace falta infraestructura y pol\u00edticas empresariales y econ\u00f3micas que hagan de Canc\u00fan un\u00a0 semillero de emprendedores \u201c, mencion\u00f3. Eso ser\u00e1 parte de la segunda fase del proyecto.<\/p>\n<p>La primera fase ser\u00e1 presentada este a\u00f1o a las autoridades estatales y a la nueva administraci\u00f3n municipal en Benito Ju\u00e1rez\u00a0 en la versi\u00f3n del mapa del emprendedor.<\/p>\n<p>Canc\u00fan Tech City naci\u00f3 hace poco m\u00e1s de un a\u00f1o en Tech Garage Canc\u00fan, de la mano de Marco Erosa, presidente de Canieti Canc\u00fan, con la meta de convertir a Canc\u00fan en un destino tecno-tur\u00edstico de clase internacional al atraer empresas del ramo tecnol\u00f3gico y lograr que instalen parte de su operaci\u00f3n en este destino tur\u00edstico, algo que Luis Garc\u00eda asegura se ha venido dando de forma org\u00e1nica.<\/p>\n<p>\u201cPor ejemplo en las avenidas Bonampak y\u00a0 N\u00e1der, est\u00e1n asentadas algunas de las empresas tecnol\u00f3gicas y emprendedoras m\u00e1s representativas del sector\u201d, observ\u00f3.<\/p>\n<p>El gancho es la marca Canc\u00fan, aprovechar el renombre que tiene a nivel mundial\u00a0 este destino para captar la atenci\u00f3n de los inversionistas a quienes ya han buscado en las principales ferias de tecnolog\u00eda de Estados Unidos.<\/p>\n<p>Aquellos que acepten traer sus capitales y desarrollo de software a Canc\u00fan contar\u00e1n con la asesor\u00eda de por Pro Quintana Roo, la oficina de Gobierno Digital del\u00a0 Gobierno de Quintana Roo y el Parque Tecnol\u00f3gico de Canc\u00fan que promueven el proyecto.<\/p>\n<p>Erosa C\u00e1rdenas cree que esta es una inmejorable oportunidad de\u00a0 promover a Canc\u00fan no solo como un destino de sol y playa sino como un destino\u00a0 de\u00a0 tecnolog\u00eda\u00a0 y enriquecer el ecosistema tecnol\u00f3gico\u00a0 para abonar a la transferencia de conocimiento.<\/p>\n<p>Para lograrlo trabajan en establecer una red de oficinas virtuales o de coworking\u00a0 que les ofrezcan un programa de trabajo espec\u00edfico para sus necesidades de tal\u00a0 manera que al cabo de un tiempo tengan\u00a0 incluso una cifra de cu\u00e1ntos de esos turistas visitan el destino.<\/p>\n<p>Por otra parte, le informo que en respuesta a una demanda presentada por grupos conservacionistas, la Corte Internacional de Comercio de Estados Unidos orden\u00f3 a la administraci\u00f3n Trump prohibir las importaciones de pescados y mariscos de M\u00e9xico que son capturados con redes agalleras que capturan y matan a la vaquita marina en peligro cr\u00edtico de extinci\u00f3n.<\/p>\n<p>Con tan solo 15 vaquitas restantes, casi la mitad de la poblaci\u00f3n se ahoga en estas redes de pesca cada a\u00f1o. En ausencia de una protecci\u00f3n adicional inmediata, la peque\u00f1a marsopa podr\u00eda extinguirse en el 2021.<\/p>\n<p>\u201cLa prohibici\u00f3n de pescados y mariscos capturados con redes agalleras en el Golfo de California en M\u00e9xico es la l\u00ednea de vida que la vaquita necesita desesperadamente\u201d, dijo Giulia Good Stefani, abogada del Consejo de Defensa de Recursos Naturales, quien expuso el caso ante la corte.<\/p>\n<p>\u201cEn conjunto, nuestras organizaciones han pasado m\u00e1s de una d\u00e9cada trabajando para salvar a la vaquita, y nunca la extinci\u00f3n se sinti\u00f3 tan cerca, pero ahora, la marsopa m\u00e1s peque\u00f1a y m\u00e1s amenazada del mundo tiene lo que puede ser su \u00faltima oportunidad\u201d, a\u00f1adi\u00f3.<\/p>\n<p>La decisi\u00f3n surge de una demanda judicial presentada en marzo por el Consejo de Defensa de Recursos Naturales, el Instituto de Protecci\u00f3n de los Animales y el Centro para la Diversidad Biol\u00f3gica, donde se expone la facultad del Congreso en virtud de la Ley de Protecci\u00f3n de Mam\u00edferos Marinos que Estados Unidos protege no s\u00f3lo a los mam\u00edferos nacionales, sino tambi\u00e9n a las ballenas, delfines y marsopas de otros pa\u00edses.<\/p>\n<p>La prohibici\u00f3n de importaci\u00f3n incluye todos los pescados y productos del mar derivados de la pesca comercial de M\u00e9xico que utilizan redes agalleras dentro del rango de distribuci\u00f3n de la vaquita marina en el Alto Golfo de California.<\/p>\n<p>Esta incluye camar\u00f3n, curvina, sierra y chano de la regi\u00f3n.<\/p>\n<p>Las redes agalleras que se tienden en el agua de manera indiscriminada, capturan peces y otras criaturas marinas, incluyendo a la vaquita. Se estima que en 2017 se capturaron m\u00e1s de mil 400 toneladas de pescado con redes de enmalle. Ahora se ha prohibido el camar\u00f3n, con un valor de aproximadamente 16 millones de d\u00f3lares, que cruza la frontera para ser consumido en los Estados Unidos.<\/p>\n<p>\u201cCon la vaquita en el borde de la extinci\u00f3n, estas sanciones econ\u00f3micas son dolorosas, pero necesarias para presionar a las autoridades mexicanas de proteger finalmente a estas peque\u00f1as marsopas\u201d, explic\u00f3 Sarah Uhlemann, directora del programa internacional en el Centro para la Diversidad Biol\u00f3gica. \u201cDurante 20 a\u00f1os el gobierno mexicano ha prometido salvar a la vaquita, pero ha fallado en tomar una acci\u00f3n significativa. Eso tiene que cambiar o perderemos estos animales para siempre\u201d, refiri\u00f3.<\/p>\n<p>La Ley de Protecci\u00f3n de Mam\u00edferos Marinos faculta al gobierno estadounidense de prohibir las importaciones de pescados y mariscos extranjeros provenientes de la pesca que matan a los mam\u00edferos marinos, incluyendo la vaquita, a un ritmo tal que pueda contravenir los est\u00e1ndares para los pescadores nacionales de Estados Unidos.<\/p>\n<p>La tasa de mortalidad de la vaquita, de casi la mitad de la poblaci\u00f3n anual, supera por mucho las tasas de captura incidental de las pesquer\u00edas para los mam\u00edferos marinos permitidos en EU.<\/p>\n<p>\u201cEste fallo es una reivindicaci\u00f3n de un objetivo clave de la Ley de Protecci\u00f3n de Mam\u00edferos Marinos, y asegura que el mercado estadounidense no va a acelerar la extinci\u00f3n de una especie en peligro\u201d, dijo Susan Millward, directora del programa de animales marinos en el Instituto de Protecci\u00f3n de los Animales.<\/p>\n<p>\u201cEl gobierno mexicano debe ahora proteger a la vaquita de las redes agalleras antes de que sea demasiado tarde y esta especie desaparezca para siempre\u201d, argument\u00f3. En su decisi\u00f3n, el tribunal dice que: \u201cSe est\u00e1 excediendo el n\u00famero de muertes de vaquita permisibles [bajo la Ley de Protecci\u00f3n de Mam\u00edferos Marinos], que es un requisito legal de un embargo, y que la especie est\u00e1 en peligro de extinci\u00f3n\u201d.<\/p>\n<p>El tribunal dijo que el riesgo de extinci\u00f3n de la vaquita por la pesca con redes agalleras en el Golfo es mayor que los costos de un embargo, tomando nota de las declaraciones de los expertos que la \u201cExtinci\u00f3n es. . . inevitable a menos que las redes agalleras se eliminen completamente del h\u00e1bitat de la vaquita\u201d.<\/p>\n<p>El gobierno de M\u00e9xico no ha prohibido de forma permanente todas las redes agalleras en el h\u00e1bitat de la vaquita, a pesar de repetidas recomendaciones de los cient\u00edficos y la evidencia de que el uso de redes de enmalle por cualquier pesquer\u00eda, en o adyacente al h\u00e1bitat de la vaquita, sin lugar a dudas llevar\u00e1 a la extinci\u00f3n de la especie.<\/p>\n<p>El Centro para la Diversidad Biol\u00f3gica es una organizaci\u00f3n de conservaci\u00f3n nacional, sin fines de lucro con m\u00e1s de 1.6 millones de miembros y activistas en l\u00ednea dedicados a la protecci\u00f3n de especies en peligro de extinci\u00f3n y los lugares salvajes.<\/p>\n<p>El Consejo de Defensa de Recursos Naturales (NRDC) es una organizaci\u00f3n ambiental sin fines de lucro internacional con m\u00e1s de 3 millones de miembros y activistas en l\u00ednea. Desde 1970, sus abogados, cient\u00edficos y otros especialistas medioambientales han trabajado para proteger los recursos naturales del mundo, la salud p\u00fablica y el medio ambiente. NRDC tiene oficinas en Nueva York, Washington, DC, Los \u00c1ngeles, San Francisco, Chicago, Bozeman, MT, y Beijing; empero, lo anterior ser\u00e1 motivo de posterior an\u00e1lisis en otra entrega de <strong><em>Hora 14<\/em><\/strong>.<\/p>\n<p><em><a href=\"mailto:%20mauricio_conde@msn.com\" target=\"_blank\" rel=\"noopener\">mauricioconde59@outlook.com<\/a><\/em><br \/>\n<a href=\"https:\/\/mauriciocondeblog.wordpress.com\" target=\"_blank\" rel=\"noopener\"><em>https:\/\/mauriciocondeblog.wordpress.com<\/em><\/a><\/p>\n<p>###<\/p>\n<p>La Corte Internacional de Comercio de Estados Unidos orden\u00f3 a la administraci\u00f3n Trump prohibir las importaciones de pescados y mariscos de M\u00e9xico, que son capturados con redes agalleras, que capturan y matan a la vaquita marina.<\/p>\n","protected":false},"excerpt":{"rendered":"<p><span style=\"color: #005497;\"><strong>Mauricio Conde Olivares<\/strong><\/span><\/p>\n","protected":false},"author":3,"featured_media":0,"comment_status":"open","ping_status":"open","sticky":false,"template":"","format":"standard","meta":{"_monsterinsights_skip_tracking":false,"_monsterinsights_sitenote_active":false,"_monsterinsights_sitenote_note":"","_monsterinsights_sitenote_category":0,"footnotes":""},"categories":[35889],"tags":[43712,43674,44860],"class_list":["post-387707","post","type-post","status-publish","format-standard","hentry","category-mauricio-conde-olivares","tag-mauricio-conde-olivares","tag-opinion","tag-hora-14"],"_links":{"self":[{"href":"https:\/\/www.diarioimagen.net\/index.php?rest_route=\/wp\/v2\/posts\/387707","targetHints":{"allow":["GET"]}}],"collection":[{"href":"https:\/\/www.diarioimagen.net\/index.php?rest_route=\/wp\/v2\/posts"}],"about":[{"href":"https:\/\/www.diarioimagen.net\/index.php?rest_route=\/wp\/v2\/types\/post"}],"author":[{"embeddable":true,"href":"https:\/\/www.diarioimagen.net\/index.php?rest_route=\/wp\/v2\/users\/3"}],"replies":[{"embeddable":true,"href":"https:\/\/www.diarioimagen.net\/index.php?rest_route=%2Fwp%2Fv2%2Fcomments&post=387707"}],"version-history":[{"count":0,"href":"https:\/\/www.diarioimagen.net\/index.php?rest_route=\/wp\/v2\/posts\/387707\/revisions"}],"wp:attachment":[{"href":"https:\/\/www.diarioimagen.net\/index.php?rest_route=%2Fwp%2Fv2%2Fmedia&parent=387707"}],"wp:term":[{"taxonomy":"category","embeddable":true,"href":"https:\/\/www.diarioimagen.net\/index.php?rest_route=%2Fwp%2Fv2%2Fcategories&post=387707"},{"taxonomy":"post_tag","embeddable":true,"href":"https:\/\/www.diarioimagen.net\/index.php?rest_route=%2Fwp%2Fv2%2Ftags&post=387707"}],"curies":[{"name":"wp","href":"https:\/\/api.w.org\/{rel}","templated":true}]}}