{"id":387709,"date":"2018-07-30T00:03:25","date_gmt":"2018-07-30T05:03:25","guid":{"rendered":"http:\/\/www.diarioimagen.net\/?p=387709"},"modified":"2018-07-30T02:37:40","modified_gmt":"2018-07-30T07:37:40","slug":"tecnofondomonetaristas","status":"publish","type":"post","link":"https:\/\/www.diarioimagen.net\/?p=387709","title":{"rendered":"Tecnofondomonetaristas"},"content":{"rendered":"<h2>De pe a pa<\/h2>\n<h5>Alberto Vieyra G.<\/h5>\n<p>&nbsp;<\/p>\n<p>\u201cEs la econom\u00eda, est\u00fapidos\u201d. Con esa demoledora frase, ideada por el economista James Carville, Bill Clinton dio al traste en 1992 con la popularidad del 90 por ciento que ten\u00eda entre la poblaci\u00f3n norteamericana George Bush padre y acatarr\u00f3 a los gringos, haci\u00e9ndoles ver que el origen de todos sus males se encontraba en la econom\u00eda neoliberal de avasallante libre mercado, calificada por el papa Francisco: \u201cComo la econom\u00eda de la muerte\u201d. Bill Clinton gan\u00f3 arrolladoramente esas elecciones presidenciales.<\/p>\n<p>\u00bfPor qu\u00e9 hago historia?<\/p>\n<p>Mire usted: Hace poco m\u00e1s de una semana reapareci\u00f3 en la escena p\u00fablica nacional el ex presidente mexicano, de triste recuerdo, Carlos Salinas de Gortari, uno de los principales tecnofondomonetaristas que acatarr\u00f3 a los mexicanos con la tir\u00e1nica mentira de que el modelo econ\u00f3mico neoliberal pondr\u00eda a M\u00e9xico en <em>los cuernos de la luna<\/em> y que la naci\u00f3n azteca tendr\u00eda salarios de primer mundo.<\/p>\n<p>Dec\u00eda: \u201cHagamos pol\u00edtica, mucha pol\u00edtica neoliberal\u201d. \u00bfY qu\u00e9 cree? Que los <em>pri\u00edstas<\/em> aplaud\u00edan a rabiar, sin saber que esa maldita econom\u00eda neoliberal har\u00eda m\u00e1s ricos a los ricos empresarios y m\u00e1s pobres a los mexicanos <em>de abajo. <\/em>Esa econom\u00eda de la muerte es la que sigue partiendo el queso en M\u00e9xico y el mundo, est\u00e1 econom\u00eda es la culpable de que en muchas naciones del planeta se est\u00e9 gestando la vuelta al comunismo y al socialismo.<\/p>\n<p>Bueno, \u00bfY para qu\u00e9 demonios sac\u00f3 la cabeza? Don Carlos Salinas reapareci\u00f3 para dar consejos a los <em>pri\u00edstas<\/em> y refundar al PRI con otro nombre y hasta sugiri\u00f3 que el nuevo nombre de pila del partido tricolor podr\u00eda ser <em>solidaridad<\/em>, con lo cual se acabar\u00eda por fin, con el monumental odio e impopularidad de esa <em>lacra social<\/em>.<\/p>\n<p>El se\u00f1or Salinas quiere que el PRI se llame como su <em>hipr\u00f3crita<\/em> programa social de gobierno <em>solidaridad,<\/em> sin embargo, Carlos Salinas no nos dijo a los mexicanos que el PRI apesta no s\u00f3lo por la corrupci\u00f3n de los <em>gobernantes raterillos<\/em> emanados de sus filas, sino por esa maldita econom\u00eda neoliberal que \u00e9l hizo para que se sentara sus reales en M\u00e9xico.<\/p>\n<p style=\"text-align: center;\"><strong>As\u00ed que Carlos Salinas <\/strong><strong>no quiera dormir al velador <\/strong><\/p>\n<p>\u00c9l construy\u00f3 el <em>prianismo<\/em>, tras el fraude electoral de 1988 y ese ponzo\u00f1oso binomio de derecha que produjo las reformas m\u00e1s antipopulares y ultrajantes contra la poblaci\u00f3n mexicana, llev\u00f3 al PRI y al PAN a convertirlos en <em>perros rabioso<\/em>s. No fue la corrupci\u00f3n de Ricardo Anaya y mucho menos la divisi\u00f3n que provoc\u00f3 en ese partido con su imposici\u00f3n como candidato presidencial y no fue solamente el descr\u00e9dito pri\u00edsta por la corrupci\u00f3n de Javier Duarte, raterillo de Veracruz, C\u00e9sar Duarte en Chihuahua o Roberto Sandoval en Nayarit, No, no, la derrota del <em>prianismo<\/em> se debe fundamentalmente a la maldita macroeconom\u00eda neoliberal que s\u00f3lo privilegia los grandes oligopolios nacionales y extranjeros, en detrimento de los derechos de los trabajadores y del pueblo mexicano.<\/p>\n<p>Esa es la verdadera raz\u00f3n de la derrota del <em>prianismo<\/em> de derecha.<\/p>\n<p>Carlos Salinas lo sab\u00eda y tan lo sab\u00eda que junto con un pu\u00f1ado de empresarios y politicastros de los principales grupos pol\u00edticos del pa\u00eds decidieron acabar con el <em>prianismo<\/em> y crear el <em>PRIMOR<\/em>, d\u00e1ndole un giro al <em>prianismo<\/em> de la derecha a la izquierda con un socialdem\u00f3crata, llamado Andr\u00e9s Manuel L\u00f3pez Obrador. Aunque usted no lo crea\u2026<\/p>\n<p>Y <em>PRIMOR<\/em> tendremos para rato, porque en Morena y en el PRI se canta esa hermosa canci\u00f3n de Jos\u00e9 Alfredo Jim\u00e9nez que dice: \u201cSin nos dejan, nos vamos a quedar toda vida\u2026 si nos dejan\u2026\u201d.<\/p>\n<p><a href=\"mailto:%20%20info@agenciamn.com\" target=\"_blank\" rel=\"noopener noreferrer\"><em>info@agenciamn.com<\/em><\/a><\/p>\n","protected":false},"excerpt":{"rendered":"<p><span style=\"color: #005497;\"><strong>Alberto Vieyra G.<\/strong><\/span><\/p>\n","protected":false},"author":3,"featured_media":0,"comment_status":"open","ping_status":"open","sticky":false,"template":"","format":"standard","meta":{"_monsterinsights_skip_tracking":false,"_monsterinsights_sitenote_active":false,"_monsterinsights_sitenote_note":"","_monsterinsights_sitenote_category":0,"footnotes":""},"categories":[4596],"tags":[43697,4597,43674],"class_list":["post-387709","post","type-post","status-publish","format-standard","hentry","category-alberto-vieyra-g","tag-alberto-vieyra-g","tag-de-pe-a-pa","tag-opinion"],"_links":{"self":[{"href":"https:\/\/www.diarioimagen.net\/index.php?rest_route=\/wp\/v2\/posts\/387709","targetHints":{"allow":["GET"]}}],"collection":[{"href":"https:\/\/www.diarioimagen.net\/index.php?rest_route=\/wp\/v2\/posts"}],"about":[{"href":"https:\/\/www.diarioimagen.net\/index.php?rest_route=\/wp\/v2\/types\/post"}],"author":[{"embeddable":true,"href":"https:\/\/www.diarioimagen.net\/index.php?rest_route=\/wp\/v2\/users\/3"}],"replies":[{"embeddable":true,"href":"https:\/\/www.diarioimagen.net\/index.php?rest_route=%2Fwp%2Fv2%2Fcomments&post=387709"}],"version-history":[{"count":0,"href":"https:\/\/www.diarioimagen.net\/index.php?rest_route=\/wp\/v2\/posts\/387709\/revisions"}],"wp:attachment":[{"href":"https:\/\/www.diarioimagen.net\/index.php?rest_route=%2Fwp%2Fv2%2Fmedia&parent=387709"}],"wp:term":[{"taxonomy":"category","embeddable":true,"href":"https:\/\/www.diarioimagen.net\/index.php?rest_route=%2Fwp%2Fv2%2Fcategories&post=387709"},{"taxonomy":"post_tag","embeddable":true,"href":"https:\/\/www.diarioimagen.net\/index.php?rest_route=%2Fwp%2Fv2%2Ftags&post=387709"}],"curies":[{"name":"wp","href":"https:\/\/api.w.org\/{rel}","templated":true}]}}