{"id":387847,"date":"2018-07-31T00:07:48","date_gmt":"2018-07-31T05:07:48","guid":{"rendered":"http:\/\/www.diarioimagen.net\/?p=387847"},"modified":"2018-08-01T00:20:39","modified_gmt":"2018-08-01T05:20:39","slug":"habia-mejores-opciones-para-cfe-afirma-clouthier","status":"publish","type":"post","link":"https:\/\/www.diarioimagen.net\/?p=387847","title":{"rendered":"\u201cHab\u00eda mejores opciones para CFE\u201d, afirma Clouthier"},"content":{"rendered":"<ul>\n<li><em><strong>Propuesta de Bartlett genera pol\u00e9mica<\/strong><\/em><\/li>\n<li><em><strong>\u201cNo se acaba el pa\u00eds con el hecho de que una persona no sea bien recibida\u201d<\/strong><\/em><\/li>\n<\/ul>\n<p>&nbsp;<\/p>\n<div id=\"attachment_387986\" style=\"width: 470px\" class=\"wp-caption aligncenter\"><a href=\"http:\/\/www.diarioimagen.net\/?attachment_id=387986\" rel=\"attachment wp-att-387986\"><img loading=\"lazy\" decoding=\"async\" aria-describedby=\"caption-attachment-387986\" class=\"size-large wp-image-387986\" src=\"http:\/\/www.diarioimagen.net\/wp-content\/uploads\/2018\/07\/cfe-3422-460x259.jpg\" alt=\"\" width=\"460\" height=\"259\" srcset=\"https:\/\/www.diarioimagen.net\/wp-content\/uploads\/2018\/07\/cfe-3422-460x259.jpg 460w, https:\/\/www.diarioimagen.net\/wp-content\/uploads\/2018\/07\/cfe-3422-240x135.jpg 240w, https:\/\/www.diarioimagen.net\/wp-content\/uploads\/2018\/07\/cfe-3422-235x132.jpg 235w, https:\/\/www.diarioimagen.net\/wp-content\/uploads\/2018\/07\/cfe-3422-202x114.jpg 202w, https:\/\/www.diarioimagen.net\/wp-content\/uploads\/2018\/07\/cfe-3422-350x196.jpg 350w, https:\/\/www.diarioimagen.net\/wp-content\/uploads\/2018\/07\/cfe-3422-220x123.jpg 220w, https:\/\/www.diarioimagen.net\/wp-content\/uploads\/2018\/07\/cfe-3422-237x132.jpg 237w, https:\/\/www.diarioimagen.net\/wp-content\/uploads\/2018\/07\/cfe-3422.jpg 480w\" sizes=\"auto, (max-width: 460px) 100vw, 460px\" \/><\/a><p id=\"caption-attachment-387986\" class=\"wp-caption-text\">Tatiana Clouthier \u00a0reconoci\u00f3 que \u201chab\u00eda mejores opciones\u201d que Manuel Bartlett D\u00edaz para la direcci\u00f3n de la CFE.<\/p><\/div>\n<p>&nbsp;<\/p>\n<p>Tatiana Clouthier Carrillo, ex coordinadora general de campa\u00f1a de Andr\u00e9s Manuel L\u00f3pez Obrador, afirm\u00f3 que \u201chab\u00eda mejores opciones\u201d, que Manuel Bartlett D\u00edaz, para la direcci\u00f3n de la Comisi\u00f3n Federal de Electricidad (CFE).<\/p>\n<p>Sin embargo, Clouthier expres\u00f3 que \u201cel que una persona no sea bien recibida, no quiere decir que ya se acab\u00f3 el pa\u00eds\u201d.<\/p>\n<p>Clouthier Carrillo dijo que est\u00e1 siendo considerada por el tabasque\u00f1o para ocupar la subsecretar\u00eda de Participaci\u00f3n Ciudadana, Democracia Participativa, y Organizaciones Civiles. Declar\u00f3 que L\u00f3pez Obrador no le ha preguntado su opini\u00f3n sobre el nombramiento de Bartlett.<\/p>\n<p>Precis\u00f3 que tiene encargos, y ahorita est\u00e1 colaborando en la transici\u00f3n.<\/p>\n<p>En entrevista, despu\u00e9s de atestiguar la firma de un convenio entre la agrupaci\u00f3n Redes Quinto Poder y la Comisi\u00f3n Estatal de Derechos Humanos (CEDHNL), para la impartici\u00f3n de talleres a poblaci\u00f3n vulnerable, Tatiana Clouthier fue cuestionada tambi\u00e9n sobre su expectativa en cuanto a la relaci\u00f3n entre el gobierno estatal de Jaime Rodr\u00edguez y la pr\u00f3xima administraci\u00f3n de L\u00f3pez Obrador.<\/p>\n<p>Lo anterior, a ra\u00edz de las declaraciones de \u201cEl Bronco\u201d de que espera un mejor trato de la federaci\u00f3n, tras no acudir a la reuni\u00f3n de la Conago con el tabasque\u00f1o, y se\u00f1alar que no fue porque es una p\u00e9rdida de tiempo, y porque adem\u00e1s no va a \u201cpelar\u201d a Andr\u00e9s Manuel, ya que todav\u00eda no es presidente.<\/p>\n<p>\u201cNi soy el presidente de la Rep\u00fablica ni soy la que reparte el dinero ni soy la que le recibe las quejas a \u201cEl Bronco\u201d, entonces pues que hay que esperar, se\u00f1al\u00f3.<\/p>\n<p style=\"text-align: center;\"><strong>Bartlett en CFE, ser\u00eda mala se\u00f1al para inversionistas: Barclays Capital<\/strong><\/p>\n<p>Por otra parte, un reporte de Barclays Capital indic\u00f3 que designaci\u00f3n de Manuel Bartlett como el pr\u00f3ximo director de la CFE podr\u00eda no ser una buena se\u00f1al para los inversionistas internacionales.<\/p>\n<p>Respecto a su designaci\u00f3n, la firma dijo que \u201cno estamos seguros que prioridades tendr\u00e1 Bartlett como CEO de la CFE\u201d.<\/p>\n<p>La corredur\u00eda brit\u00e1nica indic\u00f3 que las reiteradas opiniones de Bartlett sobre la reforma energ\u00e9tica y el papel de la CFE son se\u00f1ales decepcionantes.<\/p>\n<p>Mencion\u00f3 que Bartlett es un pol\u00edtico veterano que ha estado al frente de la pol\u00edtica mexicana durante d\u00e9cadas y estrechamente asociado con el PRI; aunque durante los \u00faltimos seis a\u00f1os ha sido un colaborador cercano de Andr\u00e9s Manuel L\u00f3pez Obrador y un cr\u00edtico feroz de las pol\u00edticas favorables al mercado.<\/p>\n<p>Barclays destac\u00f3 que Bartlett ha expresado su oposici\u00f3n a la reforma energ\u00e9tica y considera que debe revertirse ya que no ha cumplido las promesas de bajar los precios de la electricidad y los combustibles; y que, en cambio, solo fue aprobada para proteger los intereses de los inversionistas extranjeros y los intereses geopol\u00edticos.<\/p>\n<p>De manera espec\u00edfica, la firma dijo que Bartlett ha comentado que a trav\u00e9s del sistema de contratos y concesiones, Pemex y la CFE ser\u00e1n degradados.<\/p>\n<p>Tambi\u00e9n ha criticado la reforma en la propuesta de tarifas m\u00e1s bajas, al considerar que no hay garant\u00eda de que las empresas privadas proporcionen mejores tarifas para los clientes dado que el costo de capital de tales compa\u00f1\u00edas podr\u00eda ser mayor debido al riesgo asociado.<\/p>\n<p>&nbsp;<\/p>\n<blockquote>\n<h2 style=\"text-align: center;\">Experiencia hace a Bartlett id\u00f3neo, reitera AMLO<\/h2>\n<p>&nbsp;<\/p>\n<ul>\n<li><strong><em>Visita la Selva Lacandona<\/em><\/strong><\/li>\n<\/ul>\n<div id=\"attachment_387987\" style=\"width: 415px\" class=\"wp-caption aligncenter\"><a href=\"http:\/\/www.diarioimagen.net\/?attachment_id=387987\" rel=\"attachment wp-att-387987\"><img loading=\"lazy\" decoding=\"async\" aria-describedby=\"caption-attachment-387987\" class=\" wp-image-387987\" src=\"http:\/\/www.diarioimagen.net\/wp-content\/uploads\/2018\/07\/AMLO-3422-460x259.jpg\" alt=\"\" width=\"405\" height=\"228\" srcset=\"https:\/\/www.diarioimagen.net\/wp-content\/uploads\/2018\/07\/AMLO-3422-460x259.jpg 460w, https:\/\/www.diarioimagen.net\/wp-content\/uploads\/2018\/07\/AMLO-3422-240x135.jpg 240w, https:\/\/www.diarioimagen.net\/wp-content\/uploads\/2018\/07\/AMLO-3422-235x132.jpg 235w, https:\/\/www.diarioimagen.net\/wp-content\/uploads\/2018\/07\/AMLO-3422-202x114.jpg 202w, https:\/\/www.diarioimagen.net\/wp-content\/uploads\/2018\/07\/AMLO-3422-350x196.jpg 350w, https:\/\/www.diarioimagen.net\/wp-content\/uploads\/2018\/07\/AMLO-3422-220x123.jpg 220w, https:\/\/www.diarioimagen.net\/wp-content\/uploads\/2018\/07\/AMLO-3422-237x132.jpg 237w, https:\/\/www.diarioimagen.net\/wp-content\/uploads\/2018\/07\/AMLO-3422.jpg 480w\" sizes=\"auto, (max-width: 405px) 100vw, 405px\" \/><\/a><p id=\"caption-attachment-387987\" class=\"wp-caption-text\">Andr\u00e9s Manuel L\u00f3pez Obrador defendi\u00f3 la propuesta de Manuel Bartlett como director general de la CFE.<\/p><\/div>\n<p>El candidato ganador de la elecci\u00f3n presidencial, Andr\u00e9s Manuel L\u00f3pez Obrador, defendi\u00f3 la propuesta de Manuel Bartlett como director general de la Comisi\u00f3n Federal de Electricidad (CFE).<\/p>\n<p>Entrevistado en el aeropuerto luego de visitar la Selva Lacandona, asever\u00f3 que Bartlett D\u00edaz lleva muchos a\u00f1os defendiendo a la industria el\u00e9ctrica nacional, por lo que decidi\u00f3 proponerlo para ese cargo.<\/p>\n<p>Interrogado si pes\u00f3 m\u00e1s la experiencia del exfuncionario federal que su pasado, L\u00f3pez Obrador asegur\u00f3 que se debe tomar en cuenta que fue secretario de Gobernaci\u00f3n y de Educaci\u00f3n P\u00fablica y por lo menos los \u00faltimos 15 a\u00f1os se ha dedicado a defender la industria el\u00e9ctrica.<\/p>\n<p>Seg\u00fan L\u00f3pez Obrador, desde hace alg\u00fan tiempo existe la intenci\u00f3n de desmantelar a la Comisi\u00f3n Federal de Electricidad (CFE). \u201cHace 20 a\u00f1os \u00e9ramos autosuficientes en generaci\u00f3n de energ\u00eda el\u00e9ctrica, la CFE generaba toda la energ\u00eda que consum\u00edamos; ahora compra la mitad de energ\u00eda que consumimos y se paga muy caro\u201d.<\/p><\/blockquote>\n","protected":false},"excerpt":{"rendered":"<p>Tatiana Clouthier Carrillo, ex coordinadora general de campa\u00f1a de Andr\u00e9s Manuel L\u00f3pez Obrador, afirm\u00f3 que \u201chab\u00eda mejores opciones\u201d, que Manuel Bartlett D\u00edaz, para la direcci\u00f3n de la Comisi\u00f3n Federal de Electricidad (CFE).<\/p>\n","protected":false},"author":3,"featured_media":387986,"comment_status":"open","ping_status":"open","sticky":false,"template":"","format":"standard","meta":{"_monsterinsights_skip_tracking":false,"_monsterinsights_sitenote_active":false,"_monsterinsights_sitenote_note":"","_monsterinsights_sitenote_category":0,"footnotes":""},"categories":[3],"tags":[139,43675,3002,36600,69629,452],"class_list":["post-387847","post","type-post","status-publish","format-standard","has-post-thumbnail","hentry","category-nacional","tag-cfe","tag-estado-de-mexico","tag-manuel-bartlett-diaz","tag-nombramiento","tag-tatiana-clouthier","tag-toluca"],"_links":{"self":[{"href":"https:\/\/www.diarioimagen.net\/index.php?rest_route=\/wp\/v2\/posts\/387847","targetHints":{"allow":["GET"]}}],"collection":[{"href":"https:\/\/www.diarioimagen.net\/index.php?rest_route=\/wp\/v2\/posts"}],"about":[{"href":"https:\/\/www.diarioimagen.net\/index.php?rest_route=\/wp\/v2\/types\/post"}],"author":[{"embeddable":true,"href":"https:\/\/www.diarioimagen.net\/index.php?rest_route=\/wp\/v2\/users\/3"}],"replies":[{"embeddable":true,"href":"https:\/\/www.diarioimagen.net\/index.php?rest_route=%2Fwp%2Fv2%2Fcomments&post=387847"}],"version-history":[{"count":0,"href":"https:\/\/www.diarioimagen.net\/index.php?rest_route=\/wp\/v2\/posts\/387847\/revisions"}],"wp:featuredmedia":[{"embeddable":true,"href":"https:\/\/www.diarioimagen.net\/index.php?rest_route=\/wp\/v2\/media\/387986"}],"wp:attachment":[{"href":"https:\/\/www.diarioimagen.net\/index.php?rest_route=%2Fwp%2Fv2%2Fmedia&parent=387847"}],"wp:term":[{"taxonomy":"category","embeddable":true,"href":"https:\/\/www.diarioimagen.net\/index.php?rest_route=%2Fwp%2Fv2%2Fcategories&post=387847"},{"taxonomy":"post_tag","embeddable":true,"href":"https:\/\/www.diarioimagen.net\/index.php?rest_route=%2Fwp%2Fv2%2Ftags&post=387847"}],"curies":[{"name":"wp","href":"https:\/\/api.w.org\/{rel}","templated":true}]}}