{"id":387878,"date":"2018-07-31T00:07:56","date_gmt":"2018-07-31T05:07:56","guid":{"rendered":"http:\/\/www.diarioimagen.net\/?p=387878"},"modified":"2018-07-31T08:27:56","modified_gmt":"2018-07-31T13:27:56","slug":"arranca-el-xxi-festival-puro-teatro-en-huixquilucan","status":"publish","type":"post","link":"https:\/\/www.diarioimagen.net\/?p=387878","title":{"rendered":"Arranca el XXI Festival \u201cPuro Teatro\u201d en Huixquilucan"},"content":{"rendered":"<p><a href=\"http:\/\/www.diarioimagen.net\/?attachment_id=387964\" rel=\"attachment wp-att-387964\"><img loading=\"lazy\" decoding=\"async\" class=\"aligncenter size-large wp-image-387964\" src=\"http:\/\/www.diarioimagen.net\/wp-content\/uploads\/2018\/07\/teatro-3422-460x259.jpg\" alt=\"\" width=\"460\" height=\"259\" srcset=\"https:\/\/www.diarioimagen.net\/wp-content\/uploads\/2018\/07\/teatro-3422-460x259.jpg 460w, https:\/\/www.diarioimagen.net\/wp-content\/uploads\/2018\/07\/teatro-3422-240x135.jpg 240w, https:\/\/www.diarioimagen.net\/wp-content\/uploads\/2018\/07\/teatro-3422-235x132.jpg 235w, https:\/\/www.diarioimagen.net\/wp-content\/uploads\/2018\/07\/teatro-3422-202x114.jpg 202w, https:\/\/www.diarioimagen.net\/wp-content\/uploads\/2018\/07\/teatro-3422-350x196.jpg 350w, https:\/\/www.diarioimagen.net\/wp-content\/uploads\/2018\/07\/teatro-3422-220x123.jpg 220w, https:\/\/www.diarioimagen.net\/wp-content\/uploads\/2018\/07\/teatro-3422-237x132.jpg 237w, https:\/\/www.diarioimagen.net\/wp-content\/uploads\/2018\/07\/teatro-3422.jpg 480w\" sizes=\"auto, (max-width: 460px) 100vw, 460px\" \/><\/a><\/p>\n<p>&nbsp;<\/p>\n<p><strong>Huixquilucan, Estado de M\u00e9xico.-<\/strong> Con un recinto abarrotado por peque\u00f1os, se realiz\u00f3 la inauguraci\u00f3n de la XXI edici\u00f3n del Festival \u201cPuro Teatro\u201d, que se llevar\u00e1 a cabo hasta el 5 de agosto en diversos recintos de Huixquilucan.<\/p>\n<p>El director de Desarrollo Social, Eduardo G\u00f3mez, coment\u00f3 que gracias al apoyo del presidente municipal, Enrique Vargas del Villar, es que este tipo de espect\u00e1culos se pueden acercar a las familias de la demarcaci\u00f3n.<\/p>\n<p>Al tener como marco el teatro Del Parque, en Interlomas, el titular de Desarrollo Social destac\u00f3 que la administraci\u00f3n municipal 2016-2018 se ha caracterizado por traer entretenimiento de primer nivel para los huixquiluquenses, de manera gratuita.<\/p>\n","protected":false},"excerpt":{"rendered":"<p>Con un recinto abarrotado por peque\u00f1os, se realiz\u00f3 la inauguraci\u00f3n de la XXI edici\u00f3n del Festival \u201cPuro Teatro\u201d, que se llevar\u00e1 a cabo hasta el 5 de agosto en diversos recintos de Huixquilucan.<\/p>\n","protected":false},"author":3,"featured_media":387964,"comment_status":"open","ping_status":"open","sticky":false,"template":"","format":"standard","meta":{"_monsterinsights_skip_tracking":false,"_monsterinsights_sitenote_active":false,"_monsterinsights_sitenote_note":"","_monsterinsights_sitenote_category":0,"footnotes":""},"categories":[35155],"tags":[43675,1097,76315],"class_list":["post-387878","post","type-post","status-publish","format-standard","has-post-thumbnail","hentry","category-estado-de-mexico-estado-de-mexico","tag-estado-de-mexico","tag-huixquilucan","tag-puro-teatro"],"_links":{"self":[{"href":"https:\/\/www.diarioimagen.net\/index.php?rest_route=\/wp\/v2\/posts\/387878","targetHints":{"allow":["GET"]}}],"collection":[{"href":"https:\/\/www.diarioimagen.net\/index.php?rest_route=\/wp\/v2\/posts"}],"about":[{"href":"https:\/\/www.diarioimagen.net\/index.php?rest_route=\/wp\/v2\/types\/post"}],"author":[{"embeddable":true,"href":"https:\/\/www.diarioimagen.net\/index.php?rest_route=\/wp\/v2\/users\/3"}],"replies":[{"embeddable":true,"href":"https:\/\/www.diarioimagen.net\/index.php?rest_route=%2Fwp%2Fv2%2Fcomments&post=387878"}],"version-history":[{"count":0,"href":"https:\/\/www.diarioimagen.net\/index.php?rest_route=\/wp\/v2\/posts\/387878\/revisions"}],"wp:featuredmedia":[{"embeddable":true,"href":"https:\/\/www.diarioimagen.net\/index.php?rest_route=\/wp\/v2\/media\/387964"}],"wp:attachment":[{"href":"https:\/\/www.diarioimagen.net\/index.php?rest_route=%2Fwp%2Fv2%2Fmedia&parent=387878"}],"wp:term":[{"taxonomy":"category","embeddable":true,"href":"https:\/\/www.diarioimagen.net\/index.php?rest_route=%2Fwp%2Fv2%2Fcategories&post=387878"},{"taxonomy":"post_tag","embeddable":true,"href":"https:\/\/www.diarioimagen.net\/index.php?rest_route=%2Fwp%2Fv2%2Ftags&post=387878"}],"curies":[{"name":"wp","href":"https:\/\/api.w.org\/{rel}","templated":true}]}}