{"id":387880,"date":"2018-07-31T00:06:13","date_gmt":"2018-07-31T05:06:13","guid":{"rendered":"http:\/\/www.diarioimagen.net\/?p=387880"},"modified":"2018-07-31T08:29:08","modified_gmt":"2018-07-31T13:29:08","slug":"realiza-atizapan-adecuaciones-viales-en-avenida-mas-congestionada","status":"publish","type":"post","link":"https:\/\/www.diarioimagen.net\/?p=387880","title":{"rendered":"Realiza Atizap\u00e1n adecuaciones viales en avenida m\u00e1s congestionada"},"content":{"rendered":"<ul>\n<li><strong><em>La Ruiz Cortines ser\u00e1 vialidad modelo<\/em><\/strong><\/li>\n<\/ul>\n<p>&nbsp;<\/p>\n<div id=\"attachment_387966\" style=\"width: 470px\" class=\"wp-caption aligncenter\"><a href=\"http:\/\/www.diarioimagen.net\/?attachment_id=387966\" rel=\"attachment wp-att-387966\"><img loading=\"lazy\" decoding=\"async\" aria-describedby=\"caption-attachment-387966\" class=\"size-large wp-image-387966\" src=\"http:\/\/www.diarioimagen.net\/wp-content\/uploads\/2018\/07\/ATIZAPAN-3422-460x259.jpg\" alt=\"\" width=\"460\" height=\"259\" srcset=\"https:\/\/www.diarioimagen.net\/wp-content\/uploads\/2018\/07\/ATIZAPAN-3422-460x259.jpg 460w, https:\/\/www.diarioimagen.net\/wp-content\/uploads\/2018\/07\/ATIZAPAN-3422-240x135.jpg 240w, https:\/\/www.diarioimagen.net\/wp-content\/uploads\/2018\/07\/ATIZAPAN-3422-235x132.jpg 235w, https:\/\/www.diarioimagen.net\/wp-content\/uploads\/2018\/07\/ATIZAPAN-3422-202x114.jpg 202w, https:\/\/www.diarioimagen.net\/wp-content\/uploads\/2018\/07\/ATIZAPAN-3422-350x196.jpg 350w, https:\/\/www.diarioimagen.net\/wp-content\/uploads\/2018\/07\/ATIZAPAN-3422-220x123.jpg 220w, https:\/\/www.diarioimagen.net\/wp-content\/uploads\/2018\/07\/ATIZAPAN-3422-237x132.jpg 237w, https:\/\/www.diarioimagen.net\/wp-content\/uploads\/2018\/07\/ATIZAPAN-3422.jpg 480w\" sizes=\"auto, (max-width: 460px) 100vw, 460px\" \/><\/a><p id=\"caption-attachment-387966\" class=\"wp-caption-text\">El director de Servicios al Autotransporte dijo que las adecuaciones en la Ruiz Cortines\u00a0va\u00a0 m\u00e1s all\u00e1;\u00a0 \u201cvamos a crear un ejemplo de\u00a0 avenida en el municipio.<\/p><\/div>\n<p>&nbsp;<\/p>\n<p><strong>Atizap\u00e1n, Estado de M\u00e9xico<\/strong>.- Como parte de un programa integral de\u00a0 adecuaciones\u00a0 viales , por instrucciones de la alcaldesa municipal Ana Balderas Trejo\u00a0 las direcciones de\u00a0 Servicios al Autotransporte, Seguridad Publica y Tr\u00e1nsito municipal\u00a0 e Infraestructura y Obras P\u00fablicas, realizaron\u00a0 un estudio de factibilidad y an\u00e1lisis de la avenida Ruiz Cortines, con la finalidad\u00a0 de crear una avenida modelo en todo el municipio.<\/p>\n<p>La creaci\u00f3n de una avenida modelo\u00a0 con lleva\u00a0 no s\u00f3lo\u00a0 en crear\u00a0 adecuaciones viales\u00a0 sino de todo un cambio de cultura vial\u00a0 detall\u00f3 en entrevista el director de Servicios al Autotransporte\u00a0 \u00a0Rafael Ram\u00edrez. \u201cEsto no s\u00f3lo es adecuar una avenida , va\u00a0 m\u00e1s all\u00e1,\u00a0vamos a crear un ejemplo de\u00a0 avenida en todo el municipio\u00a0 donde\u00a0 de la mano de una cultura vial entre los ciudadanos \u00a0llevaremos a\u00a0 varias partes del municipio.<\/p>\n<p>Con la ayuda vamos a crear\u00a0 un modelo de avenida\u00a0en todo Atizap\u00e0n, que replicaremos en otras\u00a0 como son el bulevar Ignacio Zaragoza, Adolfo\u00a0 L\u00f3pez Mateos,\u00a0 Av. Lago de Guadalupe, entre otras\u201d.<\/p>\n<p>Los trabajos a realizar en esta primera etapa\u00a0 consisten en\u00a0 la reubicaci\u00f3n de reductores de velocidad tipo A, apertura de retornos , colocaci\u00f3n\u00a0 se\u00f1alamientos , balizamiento\u00a0 de pasos peatonales\u00a0 lineales y tipo escuadra adem\u00e1s de fomentar la cultura\u00a0 vial\u00a0 entre los automovilistas y peatones .<\/p>\n<p>Los trabajos\u00a0 que dar\u00e1n concluidos\u00a0 en aproximadamente 15 d\u00edas por lo que se le pide a la ciudadan\u00eda\u00a0 un poco de consideraci\u00f3n\u00a0 \u00a0 durante la realizaci\u00f3n de\u00a0 dichos trabajos los cuales dejaran\u00a0 \u00a0sin duda\u00a0 beneficios\u00a0 \u00a0a toda la poblaci\u00f3n atizapense.<\/p>\n","protected":false},"excerpt":{"rendered":"<p>Como parte de un programa integral de  adecuaciones  viales , por instrucciones de la alcaldesa municipal Ana Balderas Trejo  las direcciones de  Servicios al Autotransporte, Seguridad Publica y Tr\u00e1nsito municipal  e Infraestructura y Obras P\u00fablicas, realizaron  un estudio de factibilidad y an\u00e1lisis de la avenida Ruiz Cortines, con la finalidad  de crear una avenida modelo en todo el municipio.<\/p>\n","protected":false},"author":3,"featured_media":387966,"comment_status":"open","ping_status":"open","sticky":false,"template":"","format":"standard","meta":{"_monsterinsights_skip_tracking":false,"_monsterinsights_sitenote_active":false,"_monsterinsights_sitenote_note":"","_monsterinsights_sitenote_category":0,"footnotes":""},"categories":[35155],"tags":[969,43675],"class_list":["post-387880","post","type-post","status-publish","format-standard","has-post-thumbnail","hentry","category-estado-de-mexico-estado-de-mexico","tag-atizapan","tag-estado-de-mexico"],"_links":{"self":[{"href":"https:\/\/www.diarioimagen.net\/index.php?rest_route=\/wp\/v2\/posts\/387880","targetHints":{"allow":["GET"]}}],"collection":[{"href":"https:\/\/www.diarioimagen.net\/index.php?rest_route=\/wp\/v2\/posts"}],"about":[{"href":"https:\/\/www.diarioimagen.net\/index.php?rest_route=\/wp\/v2\/types\/post"}],"author":[{"embeddable":true,"href":"https:\/\/www.diarioimagen.net\/index.php?rest_route=\/wp\/v2\/users\/3"}],"replies":[{"embeddable":true,"href":"https:\/\/www.diarioimagen.net\/index.php?rest_route=%2Fwp%2Fv2%2Fcomments&post=387880"}],"version-history":[{"count":0,"href":"https:\/\/www.diarioimagen.net\/index.php?rest_route=\/wp\/v2\/posts\/387880\/revisions"}],"wp:featuredmedia":[{"embeddable":true,"href":"https:\/\/www.diarioimagen.net\/index.php?rest_route=\/wp\/v2\/media\/387966"}],"wp:attachment":[{"href":"https:\/\/www.diarioimagen.net\/index.php?rest_route=%2Fwp%2Fv2%2Fmedia&parent=387880"}],"wp:term":[{"taxonomy":"category","embeddable":true,"href":"https:\/\/www.diarioimagen.net\/index.php?rest_route=%2Fwp%2Fv2%2Fcategories&post=387880"},{"taxonomy":"post_tag","embeddable":true,"href":"https:\/\/www.diarioimagen.net\/index.php?rest_route=%2Fwp%2Fv2%2Ftags&post=387880"}],"curies":[{"name":"wp","href":"https:\/\/api.w.org\/{rel}","templated":true}]}}