{"id":388089,"date":"2018-08-01T00:06:12","date_gmt":"2018-08-01T05:06:12","guid":{"rendered":"http:\/\/www.diarioimagen.net\/?p=388089"},"modified":"2018-08-01T03:21:02","modified_gmt":"2018-08-01T08:21:02","slug":"hallan-los-cuerpos-de-dos-inspectores-de-proteccion-civil-en-cuautitlan-izcalli","status":"publish","type":"post","link":"https:\/\/www.diarioimagen.net\/?p=388089","title":{"rendered":"Hallan los cuerpos de dos inspectores de Protecci\u00f3n Civil en Cuautitl\u00e1n Izcalli"},"content":{"rendered":"<ul>\n<li><strong><em>Presentaban lesiones por arma de fuego<\/em><\/strong><\/li>\n<\/ul>\n<p>&nbsp;<\/p>\n<div id=\"attachment_388171\" style=\"width: 470px\" class=\"wp-caption aligncenter\"><a href=\"http:\/\/www.diarioimagen.net\/?attachment_id=388171\" rel=\"attachment wp-att-388171\"><img loading=\"lazy\" decoding=\"async\" aria-describedby=\"caption-attachment-388171\" class=\"size-large wp-image-388171\" src=\"http:\/\/www.diarioimagen.net\/wp-content\/uploads\/2018\/08\/CUAUTITLAN-3423-460x259.jpg\" alt=\"\" width=\"460\" height=\"259\" srcset=\"https:\/\/www.diarioimagen.net\/wp-content\/uploads\/2018\/08\/CUAUTITLAN-3423-460x259.jpg 460w, https:\/\/www.diarioimagen.net\/wp-content\/uploads\/2018\/08\/CUAUTITLAN-3423-240x135.jpg 240w, https:\/\/www.diarioimagen.net\/wp-content\/uploads\/2018\/08\/CUAUTITLAN-3423-235x132.jpg 235w, https:\/\/www.diarioimagen.net\/wp-content\/uploads\/2018\/08\/CUAUTITLAN-3423-202x114.jpg 202w, https:\/\/www.diarioimagen.net\/wp-content\/uploads\/2018\/08\/CUAUTITLAN-3423-350x196.jpg 350w, https:\/\/www.diarioimagen.net\/wp-content\/uploads\/2018\/08\/CUAUTITLAN-3423-220x123.jpg 220w, https:\/\/www.diarioimagen.net\/wp-content\/uploads\/2018\/08\/CUAUTITLAN-3423-237x132.jpg 237w, https:\/\/www.diarioimagen.net\/wp-content\/uploads\/2018\/08\/CUAUTITLAN-3423.jpg 480w\" sizes=\"auto, (max-width: 460px) 100vw, 460px\" \/><\/a><p id=\"caption-attachment-388171\" class=\"wp-caption-text\">Las v\u00edctimas que respond\u00edan a los nombre de Antonio Villar G\u00f3mez y Miguel \u00c1ngel Galv\u00e1n Galicia.<\/p><\/div>\n<p>&nbsp;<\/p>\n<p><strong>Cuautitl\u00e1n Izcalli, Estado de M\u00e9xico<\/strong>.- Fueron localizados los cuerpos sin vida de dos inspectores del \u00e1rea de Protecci\u00f3n Civil. Presentaban lesiones por arma de fuego, informaron fuentes locales.<\/p>\n<p>Personal de la Fiscal\u00eda mexiquense indagan el doble homicidio de las v\u00edctimas, que respond\u00edan a los nombre de Antonio Villar G\u00f3mez y Miguel \u00c1ngel Galv\u00e1n Galicia.<\/p>\n<p>Los ahora occisos se encontraban en la zona de San Francisco Tepojaco, realizando inspecciones de rutina, dijeron autoridades municipales al personal de la FGEM.<\/p>\n<p>El alcalde V\u00edctor Estrada, y el Cabildo, as\u00ed como el comisario Loth Centeno Lara\u00a0 conf\u00edan de que la Fiscal\u00eda mexiquense aclare las circunstancias en las que perdieron la vida Antonio Villar G\u00f3mez y Miguel \u00c1ngel Galv\u00e1n Galicia.<\/p>\n","protected":false},"excerpt":{"rendered":"<p>Fueron localizados los cuerpos sin vida de dos inspectores del \u00e1rea de Protecci\u00f3n Civil. Presentaban lesiones por arma de fuego, informaron fuentes locales.<\/p>\n","protected":false},"author":3,"featured_media":388171,"comment_status":"open","ping_status":"open","sticky":false,"template":"","format":"standard","meta":{"_monsterinsights_skip_tracking":false,"_monsterinsights_sitenote_active":false,"_monsterinsights_sitenote_note":"","_monsterinsights_sitenote_category":0,"footnotes":""},"categories":[35155],"tags":[971,13385,43675,76583],"class_list":["post-388089","post","type-post","status-publish","format-standard","has-post-thumbnail","hentry","category-estado-de-mexico-estado-de-mexico","tag-cuautitlan-izcalli","tag-cuerpos","tag-estado-de-mexico","tag-inspectores"],"_links":{"self":[{"href":"https:\/\/www.diarioimagen.net\/index.php?rest_route=\/wp\/v2\/posts\/388089","targetHints":{"allow":["GET"]}}],"collection":[{"href":"https:\/\/www.diarioimagen.net\/index.php?rest_route=\/wp\/v2\/posts"}],"about":[{"href":"https:\/\/www.diarioimagen.net\/index.php?rest_route=\/wp\/v2\/types\/post"}],"author":[{"embeddable":true,"href":"https:\/\/www.diarioimagen.net\/index.php?rest_route=\/wp\/v2\/users\/3"}],"replies":[{"embeddable":true,"href":"https:\/\/www.diarioimagen.net\/index.php?rest_route=%2Fwp%2Fv2%2Fcomments&post=388089"}],"version-history":[{"count":0,"href":"https:\/\/www.diarioimagen.net\/index.php?rest_route=\/wp\/v2\/posts\/388089\/revisions"}],"wp:featuredmedia":[{"embeddable":true,"href":"https:\/\/www.diarioimagen.net\/index.php?rest_route=\/wp\/v2\/media\/388171"}],"wp:attachment":[{"href":"https:\/\/www.diarioimagen.net\/index.php?rest_route=%2Fwp%2Fv2%2Fmedia&parent=388089"}],"wp:term":[{"taxonomy":"category","embeddable":true,"href":"https:\/\/www.diarioimagen.net\/index.php?rest_route=%2Fwp%2Fv2%2Fcategories&post=388089"},{"taxonomy":"post_tag","embeddable":true,"href":"https:\/\/www.diarioimagen.net\/index.php?rest_route=%2Fwp%2Fv2%2Ftags&post=388089"}],"curies":[{"name":"wp","href":"https:\/\/api.w.org\/{rel}","templated":true}]}}