{"id":388091,"date":"2018-08-01T00:08:44","date_gmt":"2018-08-01T05:08:44","guid":{"rendered":"http:\/\/www.diarioimagen.net\/?p=388091"},"modified":"2018-08-01T03:24:44","modified_gmt":"2018-08-01T08:24:44","slug":"transparentan-aplicacion-de-recursos-en-obras-de-tultepec","status":"publish","type":"post","link":"https:\/\/www.diarioimagen.net\/?p=388091","title":{"rendered":"Transparentan aplicaci\u00f3n de recursos en obras de Tultepec"},"content":{"rendered":"<ul>\n<li><strong><em>Con Comit\u00e9s Ciudadanos de Control y Vigilancia<\/em><\/strong><\/li>\n<\/ul>\n<p>&nbsp;<\/p>\n<div id=\"attachment_388174\" style=\"width: 470px\" class=\"wp-caption aligncenter\"><a href=\"http:\/\/www.diarioimagen.net\/?attachment_id=388174\" rel=\"attachment wp-att-388174\"><img loading=\"lazy\" decoding=\"async\" aria-describedby=\"caption-attachment-388174\" class=\"size-large wp-image-388174\" src=\"http:\/\/www.diarioimagen.net\/wp-content\/uploads\/2018\/08\/TULTEPEC-3423-460x259.jpg\" alt=\"\" width=\"460\" height=\"259\" srcset=\"https:\/\/www.diarioimagen.net\/wp-content\/uploads\/2018\/08\/TULTEPEC-3423-460x259.jpg 460w, https:\/\/www.diarioimagen.net\/wp-content\/uploads\/2018\/08\/TULTEPEC-3423-240x135.jpg 240w, https:\/\/www.diarioimagen.net\/wp-content\/uploads\/2018\/08\/TULTEPEC-3423-235x132.jpg 235w, https:\/\/www.diarioimagen.net\/wp-content\/uploads\/2018\/08\/TULTEPEC-3423-202x114.jpg 202w, https:\/\/www.diarioimagen.net\/wp-content\/uploads\/2018\/08\/TULTEPEC-3423-350x196.jpg 350w, https:\/\/www.diarioimagen.net\/wp-content\/uploads\/2018\/08\/TULTEPEC-3423-220x123.jpg 220w, https:\/\/www.diarioimagen.net\/wp-content\/uploads\/2018\/08\/TULTEPEC-3423-237x132.jpg 237w, https:\/\/www.diarioimagen.net\/wp-content\/uploads\/2018\/08\/TULTEPEC-3423.jpg 480w\" sizes=\"auto, (max-width: 460px) 100vw, 460px\" \/><\/a><p id=\"caption-attachment-388174\" class=\"wp-caption-text\">Juan Armando\u00a0Luna \u00c1vila, contralor municipal, realiz\u00f3 la toma protesta a vecinos que integran los Comit\u00e9s Ciudadanos de Control y Vigilancia.<\/p><\/div>\n<p>&nbsp;<\/p>\n<p><strong>Tultepec, Estado de M\u00e9xico<\/strong>.- En lo que constituye un acto de transparencia en la aplicaci\u00f3n de los recursos p\u00fablicos, Juan Armando Luna \u00c1vila, contralor municipal, realiz\u00f3 la toma protesta a vecinos que integran los Comit\u00e9s Ciudadanos de Control y Vigilancia (COCICOVI).<\/p>\n<p>El funcionario destac\u00f3 la importancia de que sean los propios beneficiarios de las obras quienes constaten la calidad de los materiales conforme al expediente t\u00e9cnico elaborado por la Direcci\u00f3n de Obras P\u00fablicas, as\u00ed como de la conclusi\u00f3n en tiempo y forma de los trabajos contemplados en sus respectivas comunidades.<\/p>\n<p>El contralor municipal explic\u00f3 que el COCICOVI conformado por la asamblea de la comunidad a la que directamente llega el beneficio, tiene la autoridad para supervisar la calidad de los trabajos y los materiales de las obras, con base en un expediente en el que se enumera el cat\u00e1logo de conceptos y los precios unitarios de los materiales de la misma.<\/p>\n<p>Las obras en proceso est\u00e1n ubicadas en seis comunidades del municipio, estas son: los barrios de San Mart\u00edn y San Rafael, as\u00ed como las colonias Amado Nervo, San Miguel Otlica, Tlalmiminolpan y Emiqu\u00eda; en las que se lleva a cabo la introducci\u00f3n de drenaje sanitario, con una inversi\u00f3n de m\u00e1s de 580 mil pesos de recursos del Fondo de Aportaciones para la Infraestructura Social (FISMDF) 2018.<\/p>\n<p>Los trabajos a realizar son la construcci\u00f3n de drenaje en las calles Cerrada 2 de Marzo, Bo. San Mart\u00edn, Cerrada Toluca, en la colonia Tlalmiminolpan, 4\u00aa Avenida, tramo de Joaqu\u00edn Montenegro a Francisco Javier Mina, Bo. San Rafael, calle Tlazintla y Cerrada Citlalli, colonia San Miguel Otlica, calle Jos\u00e9 Mart\u00ed, colonia Amado Nervo y calle Milagros, de la colonia Emiqu\u00eda.<\/p>\n<p>Cabe aclarar que la realizaci\u00f3n de estas obras son s\u00f3lo la etapa de preparaci\u00f3n de lo que los trabajos que continuar\u00e1n una vez que \u00e9stas concluyan, es decir, se realizar\u00e1 la construcci\u00f3n de guarniciones, banquetas y la pavimentaci\u00f3n de cada una de las calles, mismas que se espera sean concluidas antes de que concluya la presente administraci\u00f3n.\u00e7<\/p>\n","protected":false},"excerpt":{"rendered":"<p>En lo que constituye un acto de transparencia en la aplicaci\u00f3n de los recursos p\u00fablicos, Juan Armando Luna \u00c1vila, contralor municipal, realiz\u00f3 la toma protesta a vecinos que integran los Comit\u00e9s Ciudadanos de Control y Vigilancia (COCICOVI).<\/p>\n","protected":false},"author":3,"featured_media":388174,"comment_status":"open","ping_status":"open","sticky":false,"template":"","format":"standard","meta":{"_monsterinsights_skip_tracking":false,"_monsterinsights_sitenote_active":false,"_monsterinsights_sitenote_note":"","_monsterinsights_sitenote_category":0,"footnotes":""},"categories":[35155],"tags":[45025,43675,20477,3802],"class_list":["post-388091","post","type-post","status-publish","format-standard","has-post-thumbnail","hentry","category-estado-de-mexico-estado-de-mexico","tag-aplicacion","tag-estado-de-mexico","tag-recursos","tag-tultepec"],"_links":{"self":[{"href":"https:\/\/www.diarioimagen.net\/index.php?rest_route=\/wp\/v2\/posts\/388091","targetHints":{"allow":["GET"]}}],"collection":[{"href":"https:\/\/www.diarioimagen.net\/index.php?rest_route=\/wp\/v2\/posts"}],"about":[{"href":"https:\/\/www.diarioimagen.net\/index.php?rest_route=\/wp\/v2\/types\/post"}],"author":[{"embeddable":true,"href":"https:\/\/www.diarioimagen.net\/index.php?rest_route=\/wp\/v2\/users\/3"}],"replies":[{"embeddable":true,"href":"https:\/\/www.diarioimagen.net\/index.php?rest_route=%2Fwp%2Fv2%2Fcomments&post=388091"}],"version-history":[{"count":0,"href":"https:\/\/www.diarioimagen.net\/index.php?rest_route=\/wp\/v2\/posts\/388091\/revisions"}],"wp:featuredmedia":[{"embeddable":true,"href":"https:\/\/www.diarioimagen.net\/index.php?rest_route=\/wp\/v2\/media\/388174"}],"wp:attachment":[{"href":"https:\/\/www.diarioimagen.net\/index.php?rest_route=%2Fwp%2Fv2%2Fmedia&parent=388091"}],"wp:term":[{"taxonomy":"category","embeddable":true,"href":"https:\/\/www.diarioimagen.net\/index.php?rest_route=%2Fwp%2Fv2%2Fcategories&post=388091"},{"taxonomy":"post_tag","embeddable":true,"href":"https:\/\/www.diarioimagen.net\/index.php?rest_route=%2Fwp%2Fv2%2Ftags&post=388091"}],"curies":[{"name":"wp","href":"https:\/\/api.w.org\/{rel}","templated":true}]}}