{"id":388093,"date":"2018-08-01T00:07:23","date_gmt":"2018-08-01T05:07:23","guid":{"rendered":"http:\/\/www.diarioimagen.net\/?p=388093"},"modified":"2018-08-01T03:27:26","modified_gmt":"2018-08-01T08:27:26","slug":"integrantes-de-la-orquesta-sinfonica-infantil-de-tlalnepantla-ingresaran-al-conservatorio-nacional","status":"publish","type":"post","link":"https:\/\/www.diarioimagen.net\/?p=388093","title":{"rendered":"Integrantes de la Orquesta Sinf\u00f3nica Infantil de Tlalnepantla ingresar\u00e1n al Conservatorio Nacional"},"content":{"rendered":"<div id=\"attachment_388177\" style=\"width: 470px\" class=\"wp-caption aligncenter\"><a href=\"http:\/\/www.diarioimagen.net\/?attachment_id=388177\" rel=\"attachment wp-att-388177\"><img loading=\"lazy\" decoding=\"async\" aria-describedby=\"caption-attachment-388177\" class=\"size-large wp-image-388177\" src=\"http:\/\/www.diarioimagen.net\/wp-content\/uploads\/2018\/08\/TLALNEPANTLA-3423-460x259.jpg\" alt=\"\" width=\"460\" height=\"259\" srcset=\"https:\/\/www.diarioimagen.net\/wp-content\/uploads\/2018\/08\/TLALNEPANTLA-3423-460x259.jpg 460w, https:\/\/www.diarioimagen.net\/wp-content\/uploads\/2018\/08\/TLALNEPANTLA-3423-240x135.jpg 240w, https:\/\/www.diarioimagen.net\/wp-content\/uploads\/2018\/08\/TLALNEPANTLA-3423-235x132.jpg 235w, https:\/\/www.diarioimagen.net\/wp-content\/uploads\/2018\/08\/TLALNEPANTLA-3423-202x114.jpg 202w, https:\/\/www.diarioimagen.net\/wp-content\/uploads\/2018\/08\/TLALNEPANTLA-3423-350x196.jpg 350w, https:\/\/www.diarioimagen.net\/wp-content\/uploads\/2018\/08\/TLALNEPANTLA-3423-220x123.jpg 220w, https:\/\/www.diarioimagen.net\/wp-content\/uploads\/2018\/08\/TLALNEPANTLA-3423-237x132.jpg 237w, https:\/\/www.diarioimagen.net\/wp-content\/uploads\/2018\/08\/TLALNEPANTLA-3423.jpg 480w\" sizes=\"auto, (max-width: 460px) 100vw, 460px\" \/><\/a><p id=\"caption-attachment-388177\" class=\"wp-caption-text\">Juan Armando\u00a0Luna \u00c1vila, contralor municipal, realiz\u00f3 la toma protesta a vecinos que integran los Comit\u00e9s Ciudadanos de Control y Vigilancia.<\/p><\/div>\n<p>&nbsp;<\/p>\n<p><strong>Tlalnepantla, Estado de M\u00e9xico<\/strong><strong>.-<\/strong> La Orquesta Sinf\u00f3nica Infantil de Tlalnepantla se consolida como un semillero de talentos, luego de que 22 de sus integrantes lograran ingresar al Conservatorio Nacional de M\u00fasica, donde continuar\u00e1n sus estudios a nivel profesional.<\/p>\n<p>El director del Instituto Municipal para la Cultura y las Artes, Hugo Arellano N\u00fa\u00f1ez, inform\u00f3 que este a\u00f1o 34 integrantes de la Orquesta Infantil presentaron el examen para ingresar a la instituci\u00f3n de m\u00fasica m\u00e1s importante de Latinoam\u00e9rica, logrando aprobar los ex\u00e1menes, 22 de ellos.<\/p>\n","protected":false},"excerpt":{"rendered":"<p>La Orquesta Sinf\u00f3nica Infantil de Tlalnepantla se consolida como un semillero de talentos, luego de que 22 de sus integrantes lograran ingresar al Conservatorio Nacional de M\u00fasica, donde continuar\u00e1n sus estudios a nivel profesional.<\/p>\n","protected":false},"author":3,"featured_media":388177,"comment_status":"open","ping_status":"open","sticky":false,"template":"","format":"standard","meta":{"_monsterinsights_skip_tracking":false,"_monsterinsights_sitenote_active":false,"_monsterinsights_sitenote_note":"","_monsterinsights_sitenote_category":0,"footnotes":""},"categories":[35155],"tags":[76584,43675,169],"class_list":["post-388093","post","type-post","status-publish","format-standard","has-post-thumbnail","hentry","category-estado-de-mexico-estado-de-mexico","tag-conservatorio-nacional","tag-estado-de-mexico","tag-tlalnepantla"],"_links":{"self":[{"href":"https:\/\/www.diarioimagen.net\/index.php?rest_route=\/wp\/v2\/posts\/388093","targetHints":{"allow":["GET"]}}],"collection":[{"href":"https:\/\/www.diarioimagen.net\/index.php?rest_route=\/wp\/v2\/posts"}],"about":[{"href":"https:\/\/www.diarioimagen.net\/index.php?rest_route=\/wp\/v2\/types\/post"}],"author":[{"embeddable":true,"href":"https:\/\/www.diarioimagen.net\/index.php?rest_route=\/wp\/v2\/users\/3"}],"replies":[{"embeddable":true,"href":"https:\/\/www.diarioimagen.net\/index.php?rest_route=%2Fwp%2Fv2%2Fcomments&post=388093"}],"version-history":[{"count":0,"href":"https:\/\/www.diarioimagen.net\/index.php?rest_route=\/wp\/v2\/posts\/388093\/revisions"}],"wp:featuredmedia":[{"embeddable":true,"href":"https:\/\/www.diarioimagen.net\/index.php?rest_route=\/wp\/v2\/media\/388177"}],"wp:attachment":[{"href":"https:\/\/www.diarioimagen.net\/index.php?rest_route=%2Fwp%2Fv2%2Fmedia&parent=388093"}],"wp:term":[{"taxonomy":"category","embeddable":true,"href":"https:\/\/www.diarioimagen.net\/index.php?rest_route=%2Fwp%2Fv2%2Fcategories&post=388093"},{"taxonomy":"post_tag","embeddable":true,"href":"https:\/\/www.diarioimagen.net\/index.php?rest_route=%2Fwp%2Fv2%2Ftags&post=388093"}],"curies":[{"name":"wp","href":"https:\/\/api.w.org\/{rel}","templated":true}]}}