{"id":388121,"date":"2018-08-01T00:04:20","date_gmt":"2018-08-01T05:04:20","guid":{"rendered":"http:\/\/www.diarioimagen.net\/?p=388121"},"modified":"2018-08-01T01:54:38","modified_gmt":"2018-08-01T06:54:38","slug":"ninos-vulnerables-a-depredadores","status":"publish","type":"post","link":"https:\/\/www.diarioimagen.net\/?p=388121","title":{"rendered":"Ni\u00f1os, vulnerables a depredadores"},"content":{"rendered":"<h2>Poder y dinero<\/h2>\n<h5>V\u00edctor S\u00e1nchez Ba\u00f1os<\/h5>\n<p>&nbsp;<\/p>\n<p style=\"text-align: right;\"><strong><em>Las cosas no cambian, t\u00fa cambias la manera de <\/em><em>verlas, eso es todo<br \/>\n<\/em><\/strong><em>Carlos Castaneda, 1931-1998; escritor brasile\u00f1o<\/em><\/p>\n<p>&nbsp;<\/p>\n<p>#Ni\u00f1osAbandonados #AbusoSexualInfantil #MexicoProstituci\u00f3ninfantil #Ni\u00f1osAsesinados #EsclavitudInfantil #Guerrero #TierraSinLey #H\u00e9ctorAstudillo #DiegoSinh\u00e9 #Guanajuato #Credijusto #Mapfre<\/p>\n<p>&nbsp;<\/p>\n<p>En viajes que he realizado a varios pa\u00edses, en el ejercicio de mi trabajo como reportero, he visto la diferencia entre pa\u00edses con principios y naciones salvajes. Eso se nota en el trato para los ni\u00f1os, la defensa de su integridad y sus vidas, adem\u00e1s de su alto nivel educativo. Forman a las siguientes generaciones bajo el cobijo de sus padres y el Estado entero.<\/p>\n<p>M\u00e9xico, no est\u00e1 entre las naciones que protegen a sus siguientes generaciones. Vemos en las calles la explotaci\u00f3n laboral de miles de ni\u00f1os a manos de sus padres y mafias especializadas en la esclavitud de los infantes. Se sabe, en el mundo, que nuestro pa\u00eds es el segundo destino, despu\u00e9s de Tailandia, como destino de turismo sexual infantil.<\/p>\n<p>No hay estad\u00edsticas. Nadie grita en el Congreso para frenar ultrajes y asesinatos con ni\u00f1os en el pa\u00eds. Vemos como ni\u00f1itas son secuestradas, violadas y asesinadas. Pero no son ellas, sino tambi\u00e9n ni\u00f1os, varones, que sufren el mismo destino.<\/p>\n<p>Nadie se preocupa en el Estado Mexicano por ellos. Simplemente, los abandonan a su suerte y a merced de sabandijas que aprovechan la impunidad que existe en el pa\u00eds.<\/p>\n<p>Hace algunos a\u00f1os, en un viaje a Israel, me sorprendi\u00f3 no encontrar un solo ni\u00f1o lejos de la mirada vigilante, no s\u00f3lo de sus padres, sino de las autoridades polic\u00edacas. Ellos tienen el derecho de cruzar una calle, aunque se detenga el tr\u00e1nsito de veh\u00edculos. Son primero los ni\u00f1os.<\/p>\n<p>En Dinamarca, en otro viaje, ocurri\u00f3 lo mismo. En Finlandia, la educaci\u00f3n es lo primero y se le dan herramientas para enfrentar su futuro y no quedar en desventaja ante nadie.<\/p>\n<p>All\u00e1, los ni\u00f1os son primero. Entre mayor es el nivel educativo, acad\u00e9mico y de respeto a las leyes, es mayor el clima de crecimiento de un menor de edad, que va desde su nacimiento hasta los 16 a\u00f1os.<\/p>\n<p>Despu\u00e9s, est\u00e1n bajo la vigilancia de sus padres, pero los impulsan a buscar mejores horizontes. Para ello trabaja el Estado. Para un mejor futuro de sus habitantes; de sus ciudadanos.<\/p>\n<p>En M\u00e9xico, se aprecian como parte del paisaje a ni\u00f1os que est\u00e1n pidiendo limosna o son utilizados como instrumento de \u201cmisericordia\u201d para explotadores que piden limosna en su nombre. Esos ni\u00f1os, se ha descubierto, son narcotizados para ese s\u00f3lo objetivo. Pasan hasta 24 horas dormidos y muchas veces mueren de hambre.<\/p>\n<p>Nuestros legisladores, hombres y mujeres por igual, simplemente est\u00e1n preocupados por quienes dan votos. Exigen, lo que est\u00e1 completamente justificado, mayores penas para quienes atacan y asesinan a mujeres. Incluso crearon una alerta de feminicidios que es el castigo para gobernadores estatales ante su incompetencia para enfrentar a los agresores de f\u00e9minas. Pero, en cuanto a los ni\u00f1os. Ellos no votan y, por lo consiguiente, no importan para nuestra \u201cgloriosa\u201d y \u201cculta\u201d clase pol\u00edtica. Por ello los abandonan; al final de cuentas ni sus padres los quieren. Un crimen que crece con el arribo de indocumentados centroamericanos.<\/p>\n<p><strong>PODEROSOS CABALLEROS<\/strong>: En Guerrero, entidad gobernada por H\u00e9ctor Astudillo, se convirti\u00f3 en el objetivo de criminales para asesinar con impunidad.<\/p>\n<p>Ahora van contra la sociedad m\u00e1s pobre. Aquella que viaja en transporte p\u00fablico para ir a estudiar o a sus trabajos. En los \u00faltimos d\u00edas, no se conforman con asesinarse entre bandas de criminales, sino que van contra indefensos ciudadanos. \u00bfHasta d\u00f3nde escalar\u00e1 la violencia en Guerrero? Lo peor que es que va creciendo.<\/p>\n<p>*** Bajo el liderazgo de Allan Apoj, CrediJusto, una fintech que otorga cr\u00e9ditos para mercados emergentes utiliza una plataforma de tecnolog\u00eda con la que lograron reducir los tiempos de respuesta de los bancos tradicionales. Tienen cobertura nacional. En su \u00faltima ronda de inversi\u00f3n recaudaron 35 millones de d\u00f3lares.<\/p>\n<p>*** El gobernador electo en Guanajuato, Diego Sinhu\u00e9 Rodr\u00edguez, design\u00f3 a sus cercanos colaboradores, entre los que destacan Luis Ernesto Ayala, alcalde interino de Le\u00f3n, quien ser\u00e1 su secretario General de Gobierno; H\u00e9ctor Salgado Banda, en finanzas; Isabel Ortiz Mantilla ir\u00e1 a Medio Ambiente y en comunicaci\u00f3n Ang\u00e9lica Aguilar Navarrete.<\/p>\n<p><strong>RESPONSABILIDAD SOCIAL CORPORATIVA<\/strong>: Fundaci\u00f3n MAPFRE, empresa aseguradora que en M\u00e9xico est\u00e1 bajo el liderazgo de Jes\u00fas Mart\u00ednez, fortalecer\u00e1 su programa de becas y ayudas a la investigaci\u00f3n por un importe de 330,000 euros, dirigido a investigadores o equipos de investigaci\u00f3n del \u00e1mbito acad\u00e9mico y profesional que deseen desarrollar programas de forma independiente o en el marco de universidades, hospitales, empresas o centros a los que est\u00e9n adscritos. Incluy\u00f3 en esta nueva edici\u00f3n la beca Primitivo de Vega, dotada con 15,000 euros, con el prop\u00f3sito de financiar la realizaci\u00f3n de un trabajo cient\u00edfico centrado en la atenci\u00f3n de las personas mayores.<\/p>\n<p><a href=\"http:\/\/poderydinero.mx\" target=\"_blank\" rel=\"noopener\"><em>poderydinero.mx<\/em><\/a><b><br \/>\n<\/b><em><a href=\"mailto:vsb@poderydinero.mx\" target=\"_blank\" rel=\"noopener\">vsb@poderydinero.mx<\/a><br \/>\n<\/em><em><strong>Twitter:<\/strong><a href=\"https:\/\/twitter.com\/vsanchezbanos\" target=\"_blank\" rel=\"noopener\">@vsanchezbano<br \/>\n<\/a><\/em><em><strong>Facebook:\u00a0<\/strong><a href=\"https:\/\/www.facebook.com\/vsanchezbanos?fref=ts\" target=\"_blank\" rel=\"noopener\">vsanchezbano<\/a><\/em><\/p>\n","protected":false},"excerpt":{"rendered":"<p><span style=\"color: #005497;\"><strong>V\u00edctor S\u00e1nchez Ba\u00f1os<\/strong><\/span><\/p>\n","protected":false},"author":3,"featured_media":0,"comment_status":"open","ping_status":"open","sticky":false,"template":"","format":"standard","meta":{"_monsterinsights_skip_tracking":false,"_monsterinsights_sitenote_active":false,"_monsterinsights_sitenote_note":"","_monsterinsights_sitenote_category":0,"footnotes":""},"categories":[38844],"tags":[43674,38847,38848],"class_list":["post-388121","post","type-post","status-publish","format-standard","hentry","category-victor-sanchez-banos","tag-opinion","tag-poder-y-dinero","tag-victor-sanchez-banos"],"_links":{"self":[{"href":"https:\/\/www.diarioimagen.net\/index.php?rest_route=\/wp\/v2\/posts\/388121","targetHints":{"allow":["GET"]}}],"collection":[{"href":"https:\/\/www.diarioimagen.net\/index.php?rest_route=\/wp\/v2\/posts"}],"about":[{"href":"https:\/\/www.diarioimagen.net\/index.php?rest_route=\/wp\/v2\/types\/post"}],"author":[{"embeddable":true,"href":"https:\/\/www.diarioimagen.net\/index.php?rest_route=\/wp\/v2\/users\/3"}],"replies":[{"embeddable":true,"href":"https:\/\/www.diarioimagen.net\/index.php?rest_route=%2Fwp%2Fv2%2Fcomments&post=388121"}],"version-history":[{"count":0,"href":"https:\/\/www.diarioimagen.net\/index.php?rest_route=\/wp\/v2\/posts\/388121\/revisions"}],"wp:attachment":[{"href":"https:\/\/www.diarioimagen.net\/index.php?rest_route=%2Fwp%2Fv2%2Fmedia&parent=388121"}],"wp:term":[{"taxonomy":"category","embeddable":true,"href":"https:\/\/www.diarioimagen.net\/index.php?rest_route=%2Fwp%2Fv2%2Fcategories&post=388121"},{"taxonomy":"post_tag","embeddable":true,"href":"https:\/\/www.diarioimagen.net\/index.php?rest_route=%2Fwp%2Fv2%2Ftags&post=388121"}],"curies":[{"name":"wp","href":"https:\/\/api.w.org\/{rel}","templated":true}]}}