{"id":388130,"date":"2018-08-01T00:08:55","date_gmt":"2018-08-01T05:08:55","guid":{"rendered":"http:\/\/www.diarioimagen.net\/?p=388130"},"modified":"2018-08-01T02:50:23","modified_gmt":"2018-08-01T07:50:23","slug":"la-danza-de-la-muerte","status":"publish","type":"post","link":"https:\/\/www.diarioimagen.net\/?p=388130","title":{"rendered":"La danza de la muerte"},"content":{"rendered":"<h2>Punto por punto<\/h2>\n<h5>Augusto Corro<\/h5>\n<p>&nbsp;<\/p>\n<div id=\"attachment_388148\" style=\"width: 470px\" class=\"wp-caption aligncenter\"><a href=\"http:\/\/www.diarioimagen.net\/?attachment_id=388148\" rel=\"attachment wp-att-388148\"><img loading=\"lazy\" decoding=\"async\" aria-describedby=\"caption-attachment-388148\" class=\"size-large wp-image-388148\" src=\"http:\/\/www.diarioimagen.net\/wp-content\/uploads\/2018\/08\/DEFENSA-A-ULTRANZA-jose-luis-3423-460x374.jpg\" alt=\"\" width=\"460\" height=\"374\" srcset=\"https:\/\/www.diarioimagen.net\/wp-content\/uploads\/2018\/08\/DEFENSA-A-ULTRANZA-jose-luis-3423-460x374.jpg 460w, https:\/\/www.diarioimagen.net\/wp-content\/uploads\/2018\/08\/DEFENSA-A-ULTRANZA-jose-luis-3423-240x195.jpg 240w, https:\/\/www.diarioimagen.net\/wp-content\/uploads\/2018\/08\/DEFENSA-A-ULTRANZA-jose-luis-3423-768x625.jpg 768w, https:\/\/www.diarioimagen.net\/wp-content\/uploads\/2018\/08\/DEFENSA-A-ULTRANZA-jose-luis-3423.jpg 1200w\" sizes=\"auto, (max-width: 460px) 100vw, 460px\" \/><\/a><p id=\"caption-attachment-388148\" class=\"wp-caption-text\">Defensa a ultranza&#8230; | Jos\u00e9 Luis<\/p><\/div>\n<p>&nbsp;<\/p>\n<p>La sociedad mexicana est\u00e1 cada d\u00eda con mayor preocupaci\u00f3n sobre c\u00f3mo crece el n\u00famero de asesinatos en el pa\u00eds.\u00a0 El 2017 fue el a\u00f1o m\u00e1s violento de la d\u00e9cada. Se registraron 31 mil 174 muertes violentas.<\/p>\n<p>Y lo grave es que 4 de cada 10 homicidios, las v\u00edctimas ten\u00edan menos de 30 a\u00f1os de edad. Fueron m\u00faltiples las causas por las que los j\u00f3venes perdieron la vida.<\/p>\n<p style=\"text-align: center;\"><strong>\u00bfQu\u00e9 sigue? <\/strong><\/p>\n<p>Una incertidumbre total. Se ve negro el futuro de la juventud mexicana. Hay desesperanza y temor.<\/p>\n<p>Claro que es importante conocer las cifras de los cr\u00edmenes que ocurren en M\u00e9xico, pero ser\u00eda mejor conocer las medidas preventivas para erradicar la violencia.\u00a0 O la estrategia para enfrentar la ola de cr\u00edmenes.<\/p>\n<p>No hay manera de combatir a la delincuencia. As\u00ed lo reflej\u00f3 el informe del Instituto Nacional de Estad\u00edstica y Geograf\u00eda (Inegi).<\/p>\n<p>No hay manera de reducir el \u00edndice de asesinatos.<\/p>\n<p>Por su inexperiencia o exigencias personales los j\u00f3venes caen en las redes del crimen. Luego tienen que pagar con su vida sus malas decisiones.<\/p>\n<p>\u00bfPero qu\u00e9 caminos le quedan a un muchacho que es rechazado en las escuelas de estudios superiores, que no tiene trabajo, y que es extorsionado cuando pretende vivir del comercio informal?<\/p>\n<p>\u00bfQu\u00e9 opciones tiene el joven que termin\u00f3 sus estudios universitarios pero que no consigue empleo y que su \u00fanica manera de conseguir dinero es trabajar como taxista?<\/p>\n<p>En esas condiciones de carencias econ\u00f3micas miles de j\u00f3venes se encuentran expuestos a las tentaciones de conseguir dinero f\u00e1cil como halc\u00f3n, narcomenudista o sicario.<\/p>\n<p>\u00bfQu\u00e9 hacer?\u00a0 Ni siquiera las autoridades tienen la receta para erradicar la violencia. El \u00edndice de criminalidad crecer\u00e1 sin que nadie pueda evitarlo.<\/p>\n<p>Gracias al Inegi por ofrecernos sus cifras de terror que nada ganamos con conocerlas.<\/p>\n<p>En fin, ya sabemos que los j\u00f3venes son las principales v\u00edctimas de la violencia en los dos \u00faltimos sexenios.<\/p>\n<p>Por cierto, el presidente de Estados Unidos, Donald Trump, se refiri\u00f3, ayer martes, a la necesidad de resguardar la seguridad en la frontera con M\u00e9xico. \u201cUna de las razones por las que necesitamos una gran seguridad fronteriza es que la tasa de asesinatos mexicanos en 2017 aument\u00f3 en un 27% a 31 mil 174 personas asesinadas, \u00a1un r\u00e9cord!\u201d, en una parte de su tuit madrugador.<\/p>\n<p style=\"text-align: center;\"><strong>\u00bf\u201dCuatismo\u201d o \u201camiguismo\u201d?<\/strong><\/p>\n<p>No importa esos calificativos. En el Senado de la Rep\u00fablica se recortar\u00e1n 100 plazas de \u201caltos mandos\u201d, con lo cual se ahorrar\u00e1n m\u00e1s de 149 millones de pesos en salarios. As\u00ed lo plante\u00f3 en conferencia de prensa, el legislador electo por Morena, Mart\u00ed Batres.<\/p>\n<p>Dijo que su propuesta se encuentra encaminada no solo al mencionado recorte, sino tambi\u00e9n a reducir sueldos que hoy gozan esos funcionarios y eliminar sus privilegios.<\/p>\n<p>Sin duda, las medidas de austeridad traer\u00e1n ahorros significativos, pues en el Congreso de la Uni\u00f3n, tanto senadores como diputados se despachaban con \u201cla cuchara grande\u201d sueldos, bonos, aguinaldos, boletos de avi\u00f3n, etc.El senador electo, Mart\u00ed Batres,\u00a0 pretende reducir a la mitad el presupuesto del Senado que es de m\u00e1s de 4 mil millones de pesos.<\/p>\n<p>Como se vea el panorama, el \u201ccuatismo\u201d o \u201camiguismo\u201d en la llamada C\u00e1mara Alta ya no ser\u00e1n privilegiados. Enhorabuena. Ojal\u00e1 y ya no viajen tanto los senadores. Y si lo hacen que sus gastos salgan de sus propios bolsillos.<\/p>\n<p style=\"text-align: center;\"><strong>Las distintas pobrezas<\/strong><\/p>\n<p>El pr\u00f3ximo gobierno tendr\u00e1 que enfrentar las diferentes formas de pobreza que afectan a los mexicanos.<\/p>\n<p>A grandes rasgos tenemos a los pobres que trabajan todo el d\u00eda, en oficios varios, pero su salario o paga no les alcanza para nada.\u00a0 Son una especie de trabajadores resignados de que su situaci\u00f3n econ\u00f3mica no variar\u00e1.<\/p>\n<p>Los campesinos que prestan sus servicios, quiz\u00e1 de los peor pagados, tienen que laborar todo el d\u00eda en condiciones dif\u00edciles con sueldos de hambre.<\/p>\n<p>Pues con esos salarios raqu\u00edticos, la gente de campo se encuentra convencida de que ese ser\u00e1 su destino.<\/p>\n<p>Y nos quedan las personas de escasos recursos que no desempe\u00f1an ninguna labor, que viven de milagro en espera de la ayuda del gobierno.<\/p>\n<p>En M\u00e9xico se encuentran m\u00e1s de 56 millones de pobres. Se cuenta con la radiograf\u00eda de la pobreza y de los lugares donde es m\u00e1s intensa.<\/p>\n<p>Tienen la palabra las autoridades que est\u00e1n obligadas a incrementar los salarios, a cuidar los precios de la canasta b\u00e1sica, a ofrecer una mejor atenci\u00f3n a la salud, etc.<\/p>\n<p>Se trata, en t\u00e9rminos generales, de ofrecer mejores condiciones de vida de las que tan necesitadas se encuentra m\u00e1s de la mitad de mexicanos.<\/p>\n<p><em><a href=\"mailto:aco2742@hotmail.com\" target=\"_blank\" rel=\"noopener\">aco2742@hotmail.com<\/a><\/em><\/p>\n","protected":false},"excerpt":{"rendered":"<p><span style=\"color: #005497;\"><strong>Augusto Corro<\/strong><\/span><br \/>\n<br \/>\nLa sociedad mexicana est\u00e1 cada d\u00eda con mayor preocupaci\u00f3n sobre c\u00f3mo crece el n\u00famero de asesinatos en el pa\u00eds.  El 2017 fue el a\u00f1o m\u00e1s violento de la d\u00e9cada. Se registraron 31 mil 174 muertes violentas.<\/p>\n","protected":false},"author":3,"featured_media":388148,"comment_status":"open","ping_status":"open","sticky":false,"template":"","format":"standard","meta":{"_monsterinsights_skip_tracking":false,"_monsterinsights_sitenote_active":false,"_monsterinsights_sitenote_note":"","_monsterinsights_sitenote_category":0,"footnotes":""},"categories":[157],"tags":[43686,43674,11515],"class_list":["post-388130","post","type-post","status-publish","format-standard","has-post-thumbnail","hentry","category-augusto-corro","tag-augusto-corro","tag-opinion","tag-punto-por-punto"],"_links":{"self":[{"href":"https:\/\/www.diarioimagen.net\/index.php?rest_route=\/wp\/v2\/posts\/388130","targetHints":{"allow":["GET"]}}],"collection":[{"href":"https:\/\/www.diarioimagen.net\/index.php?rest_route=\/wp\/v2\/posts"}],"about":[{"href":"https:\/\/www.diarioimagen.net\/index.php?rest_route=\/wp\/v2\/types\/post"}],"author":[{"embeddable":true,"href":"https:\/\/www.diarioimagen.net\/index.php?rest_route=\/wp\/v2\/users\/3"}],"replies":[{"embeddable":true,"href":"https:\/\/www.diarioimagen.net\/index.php?rest_route=%2Fwp%2Fv2%2Fcomments&post=388130"}],"version-history":[{"count":0,"href":"https:\/\/www.diarioimagen.net\/index.php?rest_route=\/wp\/v2\/posts\/388130\/revisions"}],"wp:featuredmedia":[{"embeddable":true,"href":"https:\/\/www.diarioimagen.net\/index.php?rest_route=\/wp\/v2\/media\/388148"}],"wp:attachment":[{"href":"https:\/\/www.diarioimagen.net\/index.php?rest_route=%2Fwp%2Fv2%2Fmedia&parent=388130"}],"wp:term":[{"taxonomy":"category","embeddable":true,"href":"https:\/\/www.diarioimagen.net\/index.php?rest_route=%2Fwp%2Fv2%2Fcategories&post=388130"},{"taxonomy":"post_tag","embeddable":true,"href":"https:\/\/www.diarioimagen.net\/index.php?rest_route=%2Fwp%2Fv2%2Ftags&post=388130"}],"curies":[{"name":"wp","href":"https:\/\/api.w.org\/{rel}","templated":true}]}}