{"id":388214,"date":"2018-08-02T00:10:09","date_gmt":"2018-08-02T05:10:09","guid":{"rendered":"http:\/\/www.diarioimagen.net\/?p=388214"},"modified":"2018-08-01T23:47:12","modified_gmt":"2018-08-02T04:47:12","slug":"ferias-de-empleo-prueba-del-dinamismo-economico-del-edomex","status":"publish","type":"post","link":"https:\/\/www.diarioimagen.net\/?p=388214","title":{"rendered":"Las Ferias de empleo, prueba del dinamismo econ\u00f3mico"},"content":{"rendered":"<h2>Arco Norte<\/h2>\n<h5>Jos\u00e9 Luis Monta\u00f1ez Aguilar<\/h5>\n<p>&nbsp;<\/p>\n<div id=\"attachment_388215\" style=\"width: 470px\" class=\"wp-caption aligncenter\"><img loading=\"lazy\" decoding=\"async\" aria-describedby=\"caption-attachment-388215\" class=\"size-large wp-image-388215\" src=\"http:\/\/www.diarioimagen.net\/wp-content\/uploads\/2018\/08\/EMPLEO2-portal-460x268.jpg\" alt=\"\" width=\"460\" height=\"268\" srcset=\"https:\/\/www.diarioimagen.net\/wp-content\/uploads\/2018\/08\/EMPLEO2-portal-460x268.jpg 460w, https:\/\/www.diarioimagen.net\/wp-content\/uploads\/2018\/08\/EMPLEO2-portal-240x140.jpg 240w, https:\/\/www.diarioimagen.net\/wp-content\/uploads\/2018\/08\/EMPLEO2-portal.jpg 480w\" sizes=\"auto, (max-width: 460px) 100vw, 460px\" \/><p id=\"caption-attachment-388215\" class=\"wp-caption-text\">El dinamismo econ\u00f3mico en el pa\u00eds y en el Estado de M\u00e9xico est\u00e1 generando la llegada de nuevas inversiones al Edomex.<\/p><\/div>\n<p>&nbsp;<\/p>\n<p>&nbsp;<\/p>\n<p>Las ferias de empleo son prueba del dinamismo econ\u00f3mico que en nuestro pa\u00eds y en el Estado de M\u00e9xico est\u00e1 generando la llegada de nuevas inversiones, as\u00ed como de la confianza que existe del sector privado, expres\u00f3 el secretario del Trabajo, Ignacio Rub\u00ed Salazar, durante la realizaci\u00f3n de la Feria de Empleo en Metepec, en la que se ofertaron cerca de mil vacantes por parte de 120 empresas.<\/p>\n<p>Explic\u00f3 que de acuerdo con el ritmo con el que se crean empleos en el Estado de M\u00e9xico, seg\u00fan datos del IMSS, 55 mil durante los primeros nueve meses de la administraci\u00f3n, al d\u00eda de hoy, se puede pronosticar que el gobierno de Alfredo Del Mazo se distinguir\u00e1 por la creaci\u00f3n de nuevas plazas laborales y tambi\u00e9n por el mejoramiento de los indicadores de bienestar de la poblaci\u00f3n.<\/p>\n<p>Indic\u00f3 que la actual administraci\u00f3n debe propiciar las condiciones que permitan la creaci\u00f3n de un mill\u00f3n de empleos en los pr\u00f3ximos seis a\u00f1os, por lo que se deben realizar acciones en el corto plazo, que permitan observar resultados en el n\u00famero como la calidad de los nuevos puestos de trabajo.<\/p>\n<p>Ignacio Rub\u00ed Salazar destac\u00f3 que estos logros no se entender\u00edan si no fuera por las reformas estructurales que impuls\u00f3 en M\u00e9xico el presidente Enrique Pe\u00f1a Nieto, que est\u00e1n dando una situaci\u00f3n in\u00e9dita, al generar 3.8 millones de empleos en los \u00faltimos seis a\u00f1os, \u201csituaci\u00f3n que no se hab\u00eda presentado en ning\u00fan momento de la historia\u201d, recalc\u00f3.<\/p>\n<p>\u201cNo hay mejor pol\u00edtica social que la generaci\u00f3n de empleo.<\/p>\n<p>En M\u00e9xico estamos frente a un periodo que se ha caracterizado por crear condiciones favorables para que llegue la inversi\u00f3n nacional y extranjera, que d\u00e9 pauta a la creaci\u00f3n de oportunidades, se generen ingresos y mejoren las condiciones de vida de toda la poblaci\u00f3n\u201d, explic\u00f3.<\/p>\n<p>Durante la Feria de Empleo en este Pueblo M\u00e1gico, se cont\u00f3 con la presencia del delegado federal de la Secretar\u00eda del Trabajo y Previsi\u00f3n Social, Juan Manuel Mart\u00ednez Nava; del director general de Pol\u00edtica e Inclusi\u00f3n Laboral de la Secretar\u00eda del Trabajo, Jos\u00e9 Antonio Corona Yurrieta, y del secretario del Ayuntamiento de Metepec, Alejandro Abad Lara Terr\u00f3n, entre otros funcionarios.<\/p>\n<p><em><a href=\"mailto:montanezaguilar@gmail.com\" target=\"_blank\" rel=\"noopener\">montanezaguilar@gmail.com<\/a><\/em><\/p>\n","protected":false},"excerpt":{"rendered":"<p><span style=\"color: #005497;\">Jos\u00e9 Luis Monta\u00f1ez Aguilar<\/span><br \/>\n<br \/>\nLas ferias de empleo son prueba del dinamismo econ\u00f3mico que en nuestro pa\u00eds y en el Estado de M\u00e9xico est\u00e1 generando la llegada de nuevas inversiones, as\u00ed como de la confianza que existe del sector privado, expres\u00f3 el secretario del Trabajo, Ignacio Rub\u00ed Salazar, durante la realizaci\u00f3n de la Feria de Empleo en Metepec, en la que se ofertaron cerca de mil vacantes por parte de 120 empresas.<\/p>\n","protected":false},"author":5,"featured_media":388215,"comment_status":"open","ping_status":"open","sticky":false,"template":"","format":"standard","meta":{"_monsterinsights_skip_tracking":false,"_monsterinsights_sitenote_active":false,"_monsterinsights_sitenote_note":"","_monsterinsights_sitenote_category":0,"footnotes":""},"categories":[5],"tags":[76608,13284,76607,76606,76609,43704,43674,8961],"class_list":["post-388214","post","type-post","status-publish","format-standard","has-post-thumbnail","hentry","category-estado-de-mexico","tag-55-mil-empleos","tag-arco-norte","tag-dinamismo-economico","tag-ferias-de-empleo","tag-ignacio-rubi-salazar","tag-jose-luis-montanez-aguilar","tag-opinion","tag-trabajo"],"_links":{"self":[{"href":"https:\/\/www.diarioimagen.net\/index.php?rest_route=\/wp\/v2\/posts\/388214","targetHints":{"allow":["GET"]}}],"collection":[{"href":"https:\/\/www.diarioimagen.net\/index.php?rest_route=\/wp\/v2\/posts"}],"about":[{"href":"https:\/\/www.diarioimagen.net\/index.php?rest_route=\/wp\/v2\/types\/post"}],"author":[{"embeddable":true,"href":"https:\/\/www.diarioimagen.net\/index.php?rest_route=\/wp\/v2\/users\/5"}],"replies":[{"embeddable":true,"href":"https:\/\/www.diarioimagen.net\/index.php?rest_route=%2Fwp%2Fv2%2Fcomments&post=388214"}],"version-history":[{"count":0,"href":"https:\/\/www.diarioimagen.net\/index.php?rest_route=\/wp\/v2\/posts\/388214\/revisions"}],"wp:featuredmedia":[{"embeddable":true,"href":"https:\/\/www.diarioimagen.net\/index.php?rest_route=\/wp\/v2\/media\/388215"}],"wp:attachment":[{"href":"https:\/\/www.diarioimagen.net\/index.php?rest_route=%2Fwp%2Fv2%2Fmedia&parent=388214"}],"wp:term":[{"taxonomy":"category","embeddable":true,"href":"https:\/\/www.diarioimagen.net\/index.php?rest_route=%2Fwp%2Fv2%2Fcategories&post=388214"},{"taxonomy":"post_tag","embeddable":true,"href":"https:\/\/www.diarioimagen.net\/index.php?rest_route=%2Fwp%2Fv2%2Ftags&post=388214"}],"curies":[{"name":"wp","href":"https:\/\/api.w.org\/{rel}","templated":true}]}}