{"id":388285,"date":"2018-08-02T00:09:57","date_gmt":"2018-08-02T05:09:57","guid":{"rendered":"http:\/\/www.diarioimagen.net\/?p=388285"},"modified":"2018-08-02T05:12:00","modified_gmt":"2018-08-02T10:12:00","slug":"detienen-a-pastor-por-violacion-de-4-menores-en-ecatepec","status":"publish","type":"post","link":"https:\/\/www.diarioimagen.net\/?p=388285","title":{"rendered":"Detienen a pastor  por violaci\u00f3n de 4 menores en Ecatepec"},"content":{"rendered":"<p><strong><a href=\"http:\/\/www.diarioimagen.net\/?attachment_id=388364\" rel=\"attachment wp-att-388364\"><img loading=\"lazy\" decoding=\"async\" class=\"alignleft  wp-image-388364\" src=\"http:\/\/www.diarioimagen.net\/wp-content\/uploads\/2018\/08\/PASTOR-3424.jpg\" alt=\"\" width=\"283\" height=\"347\" srcset=\"https:\/\/www.diarioimagen.net\/wp-content\/uploads\/2018\/08\/PASTOR-3424.jpg 318w, https:\/\/www.diarioimagen.net\/wp-content\/uploads\/2018\/08\/PASTOR-3424-196x240.jpg 196w\" sizes=\"auto, (max-width: 283px) 100vw, 283px\" \/><\/a>Ecatepec, Estado de M\u00e9xico<\/strong>.-Agentes de la Fiscal\u00eda General de Justicia estatal cumplimentaron cuatro \u00f3rdenes de aprehensi\u00f3n contra un individuo que se desempe\u00f1aba como pastor de un refugio para v\u00edctimas de violencia y adicciones, por su probable participaci\u00f3n en la violaci\u00f3n de cuatro menores de edad.<\/p>\n<p>Derivado de las denuncias realizadas, los elementos de la Fiscal\u00eda Central para la Atenci\u00f3n de Delitos Vinculados a la Violencia de G\u00e9nero iniciaron las investigaciones por las cuales fue posible determinar la probable intervenci\u00f3n de ese sujeto en los delitos que se le imputan.<\/p>\n<p>Los hechos ocurrieron en ese centro privado de atenci\u00f3n, ubicado en la colonia Jardines de Morelos, en Ecatepec, en septiembre, noviembre y diciembre de 2017, y enero del presente a\u00f1o.<\/p>\n<p>&nbsp;<\/p>\n","protected":false},"excerpt":{"rendered":"<p>Agentes de la Fiscal\u00eda General de Justicia estatal cumplimentaron cuatro \u00f3rdenes de aprehensi\u00f3n contra un individuo que se desempe\u00f1aba como pastor de un refugio para v\u00edctimas de violencia y adicciones, por su probable participaci\u00f3n en la violaci\u00f3n de cuatro menores de edad.<\/p>\n","protected":false},"author":3,"featured_media":388365,"comment_status":"open","ping_status":"open","sticky":false,"template":"","format":"standard","meta":{"_monsterinsights_skip_tracking":false,"_monsterinsights_sitenote_active":false,"_monsterinsights_sitenote_note":"","_monsterinsights_sitenote_category":0,"footnotes":""},"categories":[35155],"tags":[454,43675,3350],"class_list":["post-388285","post","type-post","status-publish","format-standard","has-post-thumbnail","hentry","category-estado-de-mexico-estado-de-mexico","tag-ecatepec","tag-estado-de-mexico","tag-violacion"],"_links":{"self":[{"href":"https:\/\/www.diarioimagen.net\/index.php?rest_route=\/wp\/v2\/posts\/388285","targetHints":{"allow":["GET"]}}],"collection":[{"href":"https:\/\/www.diarioimagen.net\/index.php?rest_route=\/wp\/v2\/posts"}],"about":[{"href":"https:\/\/www.diarioimagen.net\/index.php?rest_route=\/wp\/v2\/types\/post"}],"author":[{"embeddable":true,"href":"https:\/\/www.diarioimagen.net\/index.php?rest_route=\/wp\/v2\/users\/3"}],"replies":[{"embeddable":true,"href":"https:\/\/www.diarioimagen.net\/index.php?rest_route=%2Fwp%2Fv2%2Fcomments&post=388285"}],"version-history":[{"count":0,"href":"https:\/\/www.diarioimagen.net\/index.php?rest_route=\/wp\/v2\/posts\/388285\/revisions"}],"wp:featuredmedia":[{"embeddable":true,"href":"https:\/\/www.diarioimagen.net\/index.php?rest_route=\/wp\/v2\/media\/388365"}],"wp:attachment":[{"href":"https:\/\/www.diarioimagen.net\/index.php?rest_route=%2Fwp%2Fv2%2Fmedia&parent=388285"}],"wp:term":[{"taxonomy":"category","embeddable":true,"href":"https:\/\/www.diarioimagen.net\/index.php?rest_route=%2Fwp%2Fv2%2Fcategories&post=388285"},{"taxonomy":"post_tag","embeddable":true,"href":"https:\/\/www.diarioimagen.net\/index.php?rest_route=%2Fwp%2Fv2%2Ftags&post=388285"}],"curies":[{"name":"wp","href":"https:\/\/api.w.org\/{rel}","templated":true}]}}