{"id":388293,"date":"2018-08-02T00:08:01","date_gmt":"2018-08-02T05:08:01","guid":{"rendered":"http:\/\/www.diarioimagen.net\/?p=388293"},"modified":"2018-08-02T05:17:15","modified_gmt":"2018-08-02T10:17:15","slug":"atiende-dif-metepec-discapacidad-con-donacion-de-auxiliares-auditivos","status":"publish","type":"post","link":"https:\/\/www.diarioimagen.net\/?p=388293","title":{"rendered":"Atiende DIF Metepec discapacidad con donaci\u00f3n de auxiliares auditivos"},"content":{"rendered":"<ul>\n<li><strong><em>En su mayor\u00eda, a personas de la tercera edad<\/em><\/strong><\/li>\n<\/ul>\n<p>&nbsp;<\/p>\n<div id=\"attachment_388374\" style=\"width: 470px\" class=\"wp-caption aligncenter\"><a href=\"http:\/\/www.diarioimagen.net\/?attachment_id=388374\" rel=\"attachment wp-att-388374\"><img loading=\"lazy\" decoding=\"async\" aria-describedby=\"caption-attachment-388374\" class=\"size-large wp-image-388374\" src=\"http:\/\/www.diarioimagen.net\/wp-content\/uploads\/2018\/08\/METEPEC-3424-460x259.jpg\" alt=\"\" width=\"460\" height=\"259\" srcset=\"https:\/\/www.diarioimagen.net\/wp-content\/uploads\/2018\/08\/METEPEC-3424-460x259.jpg 460w, https:\/\/www.diarioimagen.net\/wp-content\/uploads\/2018\/08\/METEPEC-3424-240x135.jpg 240w, https:\/\/www.diarioimagen.net\/wp-content\/uploads\/2018\/08\/METEPEC-3424-235x132.jpg 235w, https:\/\/www.diarioimagen.net\/wp-content\/uploads\/2018\/08\/METEPEC-3424-202x114.jpg 202w, https:\/\/www.diarioimagen.net\/wp-content\/uploads\/2018\/08\/METEPEC-3424-350x196.jpg 350w, https:\/\/www.diarioimagen.net\/wp-content\/uploads\/2018\/08\/METEPEC-3424-220x123.jpg 220w, https:\/\/www.diarioimagen.net\/wp-content\/uploads\/2018\/08\/METEPEC-3424-237x132.jpg 237w, https:\/\/www.diarioimagen.net\/wp-content\/uploads\/2018\/08\/METEPEC-3424.jpg 480w\" sizes=\"auto, (max-width: 460px) 100vw, 460px\" \/><\/a><p id=\"caption-attachment-388374\" class=\"wp-caption-text\">Gabriela Bringas encabez\u00f3 la entrega de 50 auxiliares auditivos para vecinos del municipio, en su mayor\u00eda personas de la tercera edad.<\/p><\/div>\n<p>&nbsp;<\/p>\n<p><strong>Metepec, Estado de M\u00e9xico<\/strong>.- La presidenta del DIF Metepec, Gabriela Bringas Abarca, encabez\u00f3 la entrega de 50 auxiliares auditivos para vecinos del municipio, en su mayor\u00eda personas de la tercera edad, quienes podr\u00e1n realizar sus actividades cotidianas sin la limitaci\u00f3n de escuchar.<\/p>\n<p>\u201cEste gobierno se ha caracterizado por ser incluyente; en el DIF Metepec atendemos a las personas que tienen alguna discapacidad y sabemos que comunicarnos d\u00eda a d\u00eda es vital, por eso queremos que lo hagan sin ning\u00fan impedimento\u201d, se\u00f1al\u00f3 Gabriela Bringas.<\/p>\n<p>Los aparatos entregados son de alta tecnolog\u00eda, mismos que se suman a los 390 proporcionados en la presente gesti\u00f3n administrativa, con el apoyo del DIF Nacional y el Consejo Estatal de la Mujer y Bienestar Social.<\/p>\n<p>La titular del organismo asistencial, agreg\u00f3 que en este a\u00f1o, en el M\u00f3dulo de Prevenci\u00f3n y Detecci\u00f3n de Factores de Riesgo que Producen Discapacidad (Previdif), se han impartido 31 pl\u00e1ticas sobre prevenci\u00f3n de la discapacidad, higiene de columna y de enfermedades cr\u00f3nico degenerativas, beneficiando a 413 personas.<\/p>\n<p>Adem\u00e1s, dijo que en la Unidad de Rehabilitaci\u00f3n e Integraci\u00f3n Social (URIS), se han brindado mil 423 consultas de rehabilitaci\u00f3n, psicol\u00f3gicas y de trabajo social, as\u00ed como 11 mil 162 terapias f\u00edsicas, ocupacionales, de lenguaje y de estimulaci\u00f3n temprana, as\u00ed como la entrega de diversos apoyos funcionales como sillas de ruedas, bastones, muletas, andaderas y lentes.<\/p>\n<p>Cabe se\u00f1alar que los 50 beneficiarios tuvieron la asesor\u00eda de la empresa Audiotech y recibieron su auxiliar auditivo equipado y calibrado, atendiendo as\u00ed sus necesidades.<\/p>\n","protected":false},"excerpt":{"rendered":"<p>La presidenta del DIF Metepec, Gabriela Bringas Abarca, encabez\u00f3 la entrega de 50 auxiliares auditivos para vecinos del municipio, en su mayor\u00eda personas de la tercera edad, quienes podr\u00e1n realizar sus actividades cotidianas sin la limitaci\u00f3n de escuchar.<\/p>\n","protected":false},"author":3,"featured_media":388374,"comment_status":"open","ping_status":"open","sticky":false,"template":"","format":"standard","meta":{"_monsterinsights_skip_tracking":false,"_monsterinsights_sitenote_active":false,"_monsterinsights_sitenote_note":"","_monsterinsights_sitenote_category":0,"footnotes":""},"categories":[35155],"tags":[67997,19019,43675,876],"class_list":["post-388293","post","type-post","status-publish","format-standard","has-post-thumbnail","hentry","category-estado-de-mexico-estado-de-mexico","tag-auditivos","tag-donacion","tag-estado-de-mexico","tag-metepec"],"_links":{"self":[{"href":"https:\/\/www.diarioimagen.net\/index.php?rest_route=\/wp\/v2\/posts\/388293","targetHints":{"allow":["GET"]}}],"collection":[{"href":"https:\/\/www.diarioimagen.net\/index.php?rest_route=\/wp\/v2\/posts"}],"about":[{"href":"https:\/\/www.diarioimagen.net\/index.php?rest_route=\/wp\/v2\/types\/post"}],"author":[{"embeddable":true,"href":"https:\/\/www.diarioimagen.net\/index.php?rest_route=\/wp\/v2\/users\/3"}],"replies":[{"embeddable":true,"href":"https:\/\/www.diarioimagen.net\/index.php?rest_route=%2Fwp%2Fv2%2Fcomments&post=388293"}],"version-history":[{"count":0,"href":"https:\/\/www.diarioimagen.net\/index.php?rest_route=\/wp\/v2\/posts\/388293\/revisions"}],"wp:featuredmedia":[{"embeddable":true,"href":"https:\/\/www.diarioimagen.net\/index.php?rest_route=\/wp\/v2\/media\/388374"}],"wp:attachment":[{"href":"https:\/\/www.diarioimagen.net\/index.php?rest_route=%2Fwp%2Fv2%2Fmedia&parent=388293"}],"wp:term":[{"taxonomy":"category","embeddable":true,"href":"https:\/\/www.diarioimagen.net\/index.php?rest_route=%2Fwp%2Fv2%2Fcategories&post=388293"},{"taxonomy":"post_tag","embeddable":true,"href":"https:\/\/www.diarioimagen.net\/index.php?rest_route=%2Fwp%2Fv2%2Ftags&post=388293"}],"curies":[{"name":"wp","href":"https:\/\/api.w.org\/{rel}","templated":true}]}}