{"id":388296,"date":"2018-08-02T00:07:52","date_gmt":"2018-08-02T05:07:52","guid":{"rendered":"http:\/\/www.diarioimagen.net\/?p=388296"},"modified":"2018-08-02T05:18:12","modified_gmt":"2018-08-02T10:18:12","slug":"imparten-platicas-de-prevencion-del-delito-a-jovenes-y-colonos-tultitlenses","status":"publish","type":"post","link":"https:\/\/www.diarioimagen.net\/?p=388296","title":{"rendered":"Imparten pl\u00e1ticas de prevenci\u00f3n del delito a j\u00f3venes y colonos tultitlenses"},"content":{"rendered":"<ul>\n<li><strong><em>En escuelas, empresas y colonias<\/em><\/strong><\/li>\n<\/ul>\n<p>&nbsp;<\/p>\n<div id=\"attachment_388377\" style=\"width: 470px\" class=\"wp-caption aligncenter\"><a href=\"http:\/\/www.diarioimagen.net\/?attachment_id=388377\" rel=\"attachment wp-att-388377\"><img loading=\"lazy\" decoding=\"async\" aria-describedby=\"caption-attachment-388377\" class=\"size-large wp-image-388377\" src=\"http:\/\/www.diarioimagen.net\/wp-content\/uploads\/2018\/08\/TULTITLAN-3424-460x259.jpg\" alt=\"\" width=\"460\" height=\"259\" srcset=\"https:\/\/www.diarioimagen.net\/wp-content\/uploads\/2018\/08\/TULTITLAN-3424-460x259.jpg 460w, https:\/\/www.diarioimagen.net\/wp-content\/uploads\/2018\/08\/TULTITLAN-3424-240x135.jpg 240w, https:\/\/www.diarioimagen.net\/wp-content\/uploads\/2018\/08\/TULTITLAN-3424-235x132.jpg 235w, https:\/\/www.diarioimagen.net\/wp-content\/uploads\/2018\/08\/TULTITLAN-3424-202x114.jpg 202w, https:\/\/www.diarioimagen.net\/wp-content\/uploads\/2018\/08\/TULTITLAN-3424-350x196.jpg 350w, https:\/\/www.diarioimagen.net\/wp-content\/uploads\/2018\/08\/TULTITLAN-3424-220x123.jpg 220w, https:\/\/www.diarioimagen.net\/wp-content\/uploads\/2018\/08\/TULTITLAN-3424-237x132.jpg 237w, https:\/\/www.diarioimagen.net\/wp-content\/uploads\/2018\/08\/TULTITLAN-3424.jpg 480w\" sizes=\"auto, (max-width: 460px) 100vw, 460px\" \/><\/a><p id=\"caption-attachment-388377\" class=\"wp-caption-text\">El titular de la Unidad de Atenci\u00f3n a V\u00edctimas del Delito, coment\u00f3 que escuelas, empresas y colonos \u00c9ste es un fen\u00f3meno multifac\u00e9tico que se manifiesta en diferentes tipos de delitos.<\/p><\/div>\n<p>&nbsp;<\/p>\n<p><strong>Tultitl\u00e1n, Estado de M\u00e9xico<\/strong>.-Con la finalidad de prevenir, fomentar y crear una cultura de la prevenci\u00f3n del delito entre la poblaci\u00f3n del municipio, Jorge Ad\u00e1n Barr\u00f3n Elizalde, a trav\u00e9s de la Comisar\u00eda de Seguridad P\u00fablica, imparte talleres y pl\u00e1ticas de prevenci\u00f3n del delito en escuelas, empresas y colonos de Tultitl\u00e1n.<\/p>\n<p>Elementos de Seguridad P\u00fablica manifestaron que uno de los objetivos de esta administraci\u00f3n municipal es crear conciencia sobre la importancia de la prevenci\u00f3n del delito en los sectores antes mencionados, ya que son parte indispensable y muevan econom\u00eda del municipio.<\/p>\n<p>El titular de la Unidad de Atenci\u00f3n a V\u00edctimas del Delito, coment\u00f3 que escuelas, empresas y colonos \u00c9ste es un fen\u00f3meno multifac\u00e9tico que se manifiesta en diferentes tipos de delitos como el narcotr\u00e1fico, la trata de personas, el tr\u00e1fico il\u00edcito de migrantes, el tr\u00e1fico de armas y el blanqueo de dinero, entre otros<\/p>\n<p>Por ello, indic\u00f3 que la prevenci\u00f3n del delito en empresas, escuelas y colonias\u00a0 retoma temas de relevancia para toda la pobalci\u00f3n, con la finalidad de identificar conductas nocivas.<\/p>\n<p>Finalmente, los temas que se abordan en dichas pl\u00e1ticas son prevenci\u00f3n de accidentes en el hogar, acoso escolar, violencia en el noviazgo, menores infractores, violencia de g\u00e9nero o familiar, sexualidad responsable, violencia al var\u00f3n y cultura de la legalidad.<\/p>\n","protected":false},"excerpt":{"rendered":"<p>Con la finalidad de prevenir, fomentar y crear una cultura de la prevenci\u00f3n del delito entre la poblaci\u00f3n del municipio, Jorge Ad\u00e1n Barr\u00f3n Elizalde, a trav\u00e9s de la Comisar\u00eda de Seguridad P\u00fablica, imparte talleres y pl\u00e1ticas de prevenci\u00f3n del delito en escuelas, empresas y colonos de Tultitl\u00e1n.<\/p>\n","protected":false},"author":3,"featured_media":388377,"comment_status":"open","ping_status":"open","sticky":false,"template":"","format":"standard","meta":{"_monsterinsights_skip_tracking":false,"_monsterinsights_sitenote_active":false,"_monsterinsights_sitenote_note":"","_monsterinsights_sitenote_category":0,"footnotes":""},"categories":[35155],"tags":[43675,21732,13955,70773,578],"class_list":["post-388296","post","type-post","status-publish","format-standard","has-post-thumbnail","hentry","category-estado-de-mexico-estado-de-mexico","tag-estado-de-mexico","tag-prevencion","tag-robo","tag-sexualidad","tag-tultitlan"],"_links":{"self":[{"href":"https:\/\/www.diarioimagen.net\/index.php?rest_route=\/wp\/v2\/posts\/388296","targetHints":{"allow":["GET"]}}],"collection":[{"href":"https:\/\/www.diarioimagen.net\/index.php?rest_route=\/wp\/v2\/posts"}],"about":[{"href":"https:\/\/www.diarioimagen.net\/index.php?rest_route=\/wp\/v2\/types\/post"}],"author":[{"embeddable":true,"href":"https:\/\/www.diarioimagen.net\/index.php?rest_route=\/wp\/v2\/users\/3"}],"replies":[{"embeddable":true,"href":"https:\/\/www.diarioimagen.net\/index.php?rest_route=%2Fwp%2Fv2%2Fcomments&post=388296"}],"version-history":[{"count":0,"href":"https:\/\/www.diarioimagen.net\/index.php?rest_route=\/wp\/v2\/posts\/388296\/revisions"}],"wp:featuredmedia":[{"embeddable":true,"href":"https:\/\/www.diarioimagen.net\/index.php?rest_route=\/wp\/v2\/media\/388377"}],"wp:attachment":[{"href":"https:\/\/www.diarioimagen.net\/index.php?rest_route=%2Fwp%2Fv2%2Fmedia&parent=388296"}],"wp:term":[{"taxonomy":"category","embeddable":true,"href":"https:\/\/www.diarioimagen.net\/index.php?rest_route=%2Fwp%2Fv2%2Fcategories&post=388296"},{"taxonomy":"post_tag","embeddable":true,"href":"https:\/\/www.diarioimagen.net\/index.php?rest_route=%2Fwp%2Fv2%2Ftags&post=388296"}],"curies":[{"name":"wp","href":"https:\/\/api.w.org\/{rel}","templated":true}]}}