{"id":388434,"date":"2018-08-03T00:03:50","date_gmt":"2018-08-03T05:03:50","guid":{"rendered":"http:\/\/www.diarioimagen.net\/?p=388434"},"modified":"2018-08-03T02:10:22","modified_gmt":"2018-08-03T07:10:22","slug":"orienta-issemym-a-servidores-publicos-sobre-nueva-ley-de-seguridad-social-2019","status":"publish","type":"post","link":"https:\/\/www.diarioimagen.net\/?p=388434","title":{"rendered":"Orienta ISSEMyM a servidores p\u00fablicos sobre nueva ley de seguridad social 2019"},"content":{"rendered":"<ul>\n<li><em><b>Exponen la nueva normatividad con representantes sindicales<\/b><\/em><\/li>\n<\/ul>\n<p>&nbsp;<\/p>\n<div id=\"attachment_388435\" style=\"width: 470px\" class=\"wp-caption aligncenter\"><img loading=\"lazy\" decoding=\"async\" aria-describedby=\"caption-attachment-388435\" class=\"size-large wp-image-388435\" src=\"http:\/\/www.diarioimagen.net\/wp-content\/uploads\/2018\/08\/ISSEMyM3-PORTAL-460x268.jpg\" alt=\"\" width=\"460\" height=\"268\" srcset=\"https:\/\/www.diarioimagen.net\/wp-content\/uploads\/2018\/08\/ISSEMyM3-PORTAL-460x268.jpg 460w, https:\/\/www.diarioimagen.net\/wp-content\/uploads\/2018\/08\/ISSEMyM3-PORTAL-240x140.jpg 240w, https:\/\/www.diarioimagen.net\/wp-content\/uploads\/2018\/08\/ISSEMyM3-PORTAL.jpg 480w\" sizes=\"auto, (max-width: 460px) 100vw, 460px\" \/><p id=\"caption-attachment-388435\" class=\"wp-caption-text\">Atiende ISSEMyM en \u00e1reas de adscripci\u00f3n o en foros abiertos las dudas de trabajadores en activo, pensionados y pensionistas.<\/p><\/div>\n<p>&nbsp;<\/p>\n<p><strong>Toluca, Estado de M\u00e9xico<\/strong>.- Con el prop\u00f3sito de ofrecer respuestas puntuales, precisas y personalizadas sobre la nueva Ley de Seguridad Social y para que los trabajadores en activo no tengan ninguna duda, funcionarios de primer nivel y mandos medios del Instituto de Seguridad Social del Estado de M\u00e9xico y Municipios (ISSEMyM) recorren diversas regiones de la entidad para dialogar directamente con servidores p\u00fablicos.<\/p>\n<p>En este sentido, se llev\u00f3 a cabo un Foro en el auditorio de la Casa del Servidor P\u00fablico Mexiquense del Sindicato \u00danico de Trabajadores de los Poderes, Municipios e Instituciones Descentralizadas del Estado de M\u00e9xico (SUTEYM), en el que asistieron m\u00e1s de 300 personas, entre representantes del Comit\u00e9 Ejecutivo Estatal, Delegados Sindicales y Secretarios de las diferentes secciones sindicales.<\/p>\n<p>Previo a la aprobaci\u00f3n de esta Ley 2019, se llevaron a cabo 13 foros de este mismo tipo con el Sindicato de Maestros al Servicio del Estado de M\u00e9xico (SMSEM), con una afluencia de cerca de mil 500 asistentes en las 13 regiones sindicales que comprende este gremio.<\/p>\n<p>En estos foros se inform\u00f3 que la nueva Ley respeta los derechos adquiridos de cada servidor p\u00fablico, pensionado y pensionista en activo y que entrar\u00e1 en vigor a partir de 2019.<\/p>\n<p>Los funcionarios del ISSEMyM enfatizaron que las instituciones p\u00fablicas aportar\u00e1n 6.5 por ciento m\u00e1s para el retiro y los servicios de salud en beneficio de los servidores p\u00fablicos, mientras que los trabajadores tendr\u00e1n un ajuste en las cuotas de 3.5 por ciento.<\/p>\n<p>Esta medida tendr\u00e1 un impacto inmediato en mejoras de los servicios m\u00e9dicos, ya que se tiene contemplada la incorporaci\u00f3n de nuevas tecnolog\u00edas para acciones preventivas lo que\u00a0representar\u00e1 un ahorro para la instituci\u00f3n.<\/p>\n<p>Ahondaron que con esta estrategia se crear\u00e1 un fondo permanente para otorgar cr\u00e9ditos de vivienda y cr\u00e9ditos personales para trabajadores en activo y de nuevo ingreso, con el que los servidores al servicio del Estado de M\u00e9xico podr\u00e1n tener una mayor seguridad econ\u00f3mica para satisfacer sus necesidades.<\/p>\n<p>Actualmente, el ISSEMyM se ubica dentro de los tres institutos de salud p\u00fablica m\u00e1s grandes del pa\u00eds, lo que le ha obligado a fomentar estrategias importantes para contar con finanzas s\u00f3lidas y con ello brindar un servicio de calidad al m\u00e1s de un mill\u00f3n de derechohabientes que atiende en toda la entidad.<\/p>\n","protected":false},"excerpt":{"rendered":"<p> Con el prop\u00f3sito de ofrecer respuestas puntuales, precisas y personalizadas sobre la nueva Ley de Seguridad Social y para que los trabajadores en activo no tengan ninguna duda, funcionarios de primer nivel y mandos medios del Instituto de Seguridad Social del Estado de M\u00e9xico y Municipios (ISSEMyM) recorren diversas regiones de la entidad para dialogar directamente con servidores p\u00fablicos.<\/p>\n","protected":false},"author":5,"featured_media":388435,"comment_status":"open","ping_status":"open","sticky":false,"template":"","format":"standard","meta":{"_monsterinsights_skip_tracking":false,"_monsterinsights_sitenote_active":false,"_monsterinsights_sitenote_note":"","_monsterinsights_sitenote_category":0,"footnotes":""},"categories":[35155],"tags":[76671,43675,76670,76669,76672,452],"class_list":["post-388434","post","type-post","status-publish","format-standard","has-post-thumbnail","hentry","category-estado-de-mexico-estado-de-mexico","tag-76671","tag-estado-de-mexico","tag-ley-de-seguridad-social","tag-orienta-issemym","tag-representantes-sindicales","tag-toluca"],"_links":{"self":[{"href":"https:\/\/www.diarioimagen.net\/index.php?rest_route=\/wp\/v2\/posts\/388434","targetHints":{"allow":["GET"]}}],"collection":[{"href":"https:\/\/www.diarioimagen.net\/index.php?rest_route=\/wp\/v2\/posts"}],"about":[{"href":"https:\/\/www.diarioimagen.net\/index.php?rest_route=\/wp\/v2\/types\/post"}],"author":[{"embeddable":true,"href":"https:\/\/www.diarioimagen.net\/index.php?rest_route=\/wp\/v2\/users\/5"}],"replies":[{"embeddable":true,"href":"https:\/\/www.diarioimagen.net\/index.php?rest_route=%2Fwp%2Fv2%2Fcomments&post=388434"}],"version-history":[{"count":0,"href":"https:\/\/www.diarioimagen.net\/index.php?rest_route=\/wp\/v2\/posts\/388434\/revisions"}],"wp:featuredmedia":[{"embeddable":true,"href":"https:\/\/www.diarioimagen.net\/index.php?rest_route=\/wp\/v2\/media\/388435"}],"wp:attachment":[{"href":"https:\/\/www.diarioimagen.net\/index.php?rest_route=%2Fwp%2Fv2%2Fmedia&parent=388434"}],"wp:term":[{"taxonomy":"category","embeddable":true,"href":"https:\/\/www.diarioimagen.net\/index.php?rest_route=%2Fwp%2Fv2%2Fcategories&post=388434"},{"taxonomy":"post_tag","embeddable":true,"href":"https:\/\/www.diarioimagen.net\/index.php?rest_route=%2Fwp%2Fv2%2Ftags&post=388434"}],"curies":[{"name":"wp","href":"https:\/\/api.w.org\/{rel}","templated":true}]}}