{"id":388473,"date":"2018-08-03T00:10:53","date_gmt":"2018-08-03T05:10:53","guid":{"rendered":"http:\/\/www.diarioimagen.net\/?p=388473"},"modified":"2018-08-03T05:51:21","modified_gmt":"2018-08-03T10:51:21","slug":"modernizacion-de-ley-de-la-uaem-para-desarrollo-internacional-de-universitarios","status":"publish","type":"post","link":"https:\/\/www.diarioimagen.net\/?p=388473","title":{"rendered":"Modernizaci\u00f3n de Ley de la UAEM para desarrollo internacional de universitarios"},"content":{"rendered":"<ul>\n<li><strong><em>Fortalecer\u00e1 la cooperaci\u00f3n internacional para la integraci\u00f3n de la universidad<\/em><\/strong><\/li>\n<\/ul>\n<p>&nbsp;<\/p>\n<p><a href=\"http:\/\/www.diarioimagen.net\/?attachment_id=388566\" rel=\"attachment wp-att-388566\"><img loading=\"lazy\" decoding=\"async\" class=\"aligncenter size-large wp-image-388566\" src=\"http:\/\/www.diarioimagen.net\/wp-content\/uploads\/2018\/08\/uaem-3425-460x259.jpg\" alt=\"\" width=\"460\" height=\"259\" srcset=\"https:\/\/www.diarioimagen.net\/wp-content\/uploads\/2018\/08\/uaem-3425-460x259.jpg 460w, https:\/\/www.diarioimagen.net\/wp-content\/uploads\/2018\/08\/uaem-3425-240x135.jpg 240w, https:\/\/www.diarioimagen.net\/wp-content\/uploads\/2018\/08\/uaem-3425-235x132.jpg 235w, https:\/\/www.diarioimagen.net\/wp-content\/uploads\/2018\/08\/uaem-3425-202x114.jpg 202w, https:\/\/www.diarioimagen.net\/wp-content\/uploads\/2018\/08\/uaem-3425-350x196.jpg 350w, https:\/\/www.diarioimagen.net\/wp-content\/uploads\/2018\/08\/uaem-3425-220x123.jpg 220w, https:\/\/www.diarioimagen.net\/wp-content\/uploads\/2018\/08\/uaem-3425-237x132.jpg 237w, https:\/\/www.diarioimagen.net\/wp-content\/uploads\/2018\/08\/uaem-3425.jpg 480w\" sizes=\"auto, (max-width: 460px) 100vw, 460px\" \/><\/a><\/p>\n<p>&nbsp;<\/p>\n<p><strong>Toluca, Estado de M\u00e9xico<\/strong>.\u2013\u00a0 La reforma a la Ley Universitaria multiplicar\u00e1 las oportunidades de desempe\u00f1o profesional y laboral de la comunidad de la Universidad Aut\u00f3noma del Estado de M\u00e9xico, ya que -por ejemplo- estudiantes e investigadores podr\u00e1n tener un doble grado (nacional e internacional).<\/p>\n<p>Adem\u00e1s, representa beneficios en la movilidad acad\u00e9mica, la oferta de posgrados conjuntos y el desarrollo de proyectos de investigaci\u00f3n en colaboraci\u00f3n con universidades de otras partes del mundo.<\/p>\n<p>El proyecto de ley que analizar\u00e1 el Congreso local fortalecer\u00e1 la cooperaci\u00f3n internacional para la modernizaci\u00f3n e integraci\u00f3n de la UAEM al concierto global de instituciones de educaci\u00f3n superior.<\/p>\n<p>Con el impulso de la internacionalizaci\u00f3n aumentar\u00e1 la calidad de la formaci\u00f3n acad\u00e9mica, la originalidad y trascendencia de la investigaci\u00f3n que desarrolla la Aut\u00f3noma mexiquense, en beneficio de estudiantes, profesores, investigadores y trabajadores universitarios.<\/p>\n","protected":false},"excerpt":{"rendered":"<p>La reforma a la Ley Universitaria multiplicar\u00e1 las oportunidades de desempe\u00f1o profesional y laboral de la comunidad de la Universidad Aut\u00f3noma del Estado de M\u00e9xico, ya que -por ejemplo- estudiantes e investigadores podr\u00e1n tener un doble grado (nacional e internacional).<\/p>\n","protected":false},"author":3,"featured_media":388566,"comment_status":"open","ping_status":"open","sticky":false,"template":"","format":"standard","meta":{"_monsterinsights_skip_tracking":false,"_monsterinsights_sitenote_active":false,"_monsterinsights_sitenote_note":"","_monsterinsights_sitenote_category":0,"footnotes":""},"categories":[5],"tags":[31416,43675,452,1491],"class_list":["post-388473","post","type-post","status-publish","format-standard","has-post-thumbnail","hentry","category-estado-de-mexico","tag-desarrollo","tag-estado-de-mexico","tag-toluca","tag-uaem"],"_links":{"self":[{"href":"https:\/\/www.diarioimagen.net\/index.php?rest_route=\/wp\/v2\/posts\/388473","targetHints":{"allow":["GET"]}}],"collection":[{"href":"https:\/\/www.diarioimagen.net\/index.php?rest_route=\/wp\/v2\/posts"}],"about":[{"href":"https:\/\/www.diarioimagen.net\/index.php?rest_route=\/wp\/v2\/types\/post"}],"author":[{"embeddable":true,"href":"https:\/\/www.diarioimagen.net\/index.php?rest_route=\/wp\/v2\/users\/3"}],"replies":[{"embeddable":true,"href":"https:\/\/www.diarioimagen.net\/index.php?rest_route=%2Fwp%2Fv2%2Fcomments&post=388473"}],"version-history":[{"count":0,"href":"https:\/\/www.diarioimagen.net\/index.php?rest_route=\/wp\/v2\/posts\/388473\/revisions"}],"wp:featuredmedia":[{"embeddable":true,"href":"https:\/\/www.diarioimagen.net\/index.php?rest_route=\/wp\/v2\/media\/388566"}],"wp:attachment":[{"href":"https:\/\/www.diarioimagen.net\/index.php?rest_route=%2Fwp%2Fv2%2Fmedia&parent=388473"}],"wp:term":[{"taxonomy":"category","embeddable":true,"href":"https:\/\/www.diarioimagen.net\/index.php?rest_route=%2Fwp%2Fv2%2Fcategories&post=388473"},{"taxonomy":"post_tag","embeddable":true,"href":"https:\/\/www.diarioimagen.net\/index.php?rest_route=%2Fwp%2Fv2%2Ftags&post=388473"}],"curies":[{"name":"wp","href":"https:\/\/api.w.org\/{rel}","templated":true}]}}