{"id":388514,"date":"2018-08-03T00:06:35","date_gmt":"2018-08-03T05:06:35","guid":{"rendered":"http:\/\/www.diarioimagen.net\/?p=388514"},"modified":"2018-08-03T06:19:43","modified_gmt":"2018-08-03T11:19:43","slug":"arrancan-cursos-de-capacitacion-a-mujeres-que-sean-emprendedoras","status":"publish","type":"post","link":"https:\/\/www.diarioimagen.net\/?p=388514","title":{"rendered":"Arrancan cursos de capacitaci\u00f3n a mujeres que sean emprendedoras"},"content":{"rendered":"<ul>\n<li><strong><em>Organiza el gobierno de Tultepec<\/em><\/strong><\/li>\n<\/ul>\n<p>&nbsp;<\/p>\n<div id=\"attachment_388580\" style=\"width: 470px\" class=\"wp-caption aligncenter\"><a href=\"http:\/\/www.diarioimagen.net\/?attachment_id=388580\" rel=\"attachment wp-att-388580\"><img loading=\"lazy\" decoding=\"async\" aria-describedby=\"caption-attachment-388580\" class=\"size-large wp-image-388580\" src=\"http:\/\/www.diarioimagen.net\/wp-content\/uploads\/2018\/08\/TULTEPEC-3425-460x259.jpg\" alt=\"\" width=\"460\" height=\"259\" srcset=\"https:\/\/www.diarioimagen.net\/wp-content\/uploads\/2018\/08\/TULTEPEC-3425-460x259.jpg 460w, https:\/\/www.diarioimagen.net\/wp-content\/uploads\/2018\/08\/TULTEPEC-3425-240x135.jpg 240w, https:\/\/www.diarioimagen.net\/wp-content\/uploads\/2018\/08\/TULTEPEC-3425-235x132.jpg 235w, https:\/\/www.diarioimagen.net\/wp-content\/uploads\/2018\/08\/TULTEPEC-3425-202x114.jpg 202w, https:\/\/www.diarioimagen.net\/wp-content\/uploads\/2018\/08\/TULTEPEC-3425-350x196.jpg 350w, https:\/\/www.diarioimagen.net\/wp-content\/uploads\/2018\/08\/TULTEPEC-3425-220x123.jpg 220w, https:\/\/www.diarioimagen.net\/wp-content\/uploads\/2018\/08\/TULTEPEC-3425-237x132.jpg 237w, https:\/\/www.diarioimagen.net\/wp-content\/uploads\/2018\/08\/TULTEPEC-3425.jpg 480w\" sizes=\"auto, (max-width: 460px) 100vw, 460px\" \/><\/a><p id=\"caption-attachment-388580\" class=\"wp-caption-text\">Los cursos consisten en la elaboraci\u00f3n de jab\u00f3n artesanal exfoliante, jab\u00f3n artesanal reafirmante, jab\u00f3n artesanal mosaico, jab\u00f3n antibacterial, elaboraci\u00f3n de jab\u00f3n para ropa y de suavizante para ropa.<\/p><\/div>\n<p>&nbsp;<\/p>\n<p><strong>Tultepec, Estado de M\u00e9xico<\/strong>.- El Instituto Municipal de la Mujer de Tultepec, impartir\u00e1 una serie de 14 cursos dirigidos a las f\u00e9minas de todo el municipio, como parte de las actividades del\u00a0Programa Mujeres Emprendedoras\u201d, los cuales tendr\u00e1n una duraci\u00f3n de dos horas y dieron inicio a partir de ayer jueves 2 de agosto, en la Biblioteca Central Sor Juana In\u00e9s de la Cruz, en horarios de 10:00 a 12:00 y de 16:00 a 18:00 horas.<\/p>\n<p>Las mujeres interesadas en esta capacitaci\u00f3n podr\u00e1n inscribirse en las oficinas del Instituto Municipal de la Mujer, ubicado en calle Vicente Guerrero s\/n, esquina con 16 de Septiembre de las 9:00 a las 18:00 horas de lunes a viernes y los s\u00e1bados de 9:00 a 13:00 horas, deben presentar como requisito \u00fanico la copia de su INE.<\/p>\n<p>\u201cQueremos que muchas mujeres tengan la pde independencia y autodeterminaci\u00f3n y que ninguna sea v\u00edctima de la violencia por no tener alternativas o alguien que crea en ellas\u201d, explic\u00f3\u00a0Maricela Hern\u00e1ndez Urb\u00e1n, directora del Instituto de la Mujer.<\/p>\n<p>Precis\u00f3\u00a0que las mujeres en general, no piden que les regalen las cosas, sino que se les brinden oportunidades\u00a0para lograr alcanzar su sue\u00f1o y realizar un proyecto, siempre impulsadas por su creatividad y su capacidad\u201d, se\u00f1al\u00f3.<\/p>\n<p>Ese es precisamente uno de los objetivos primordiales del instituto,\u00a0el impulso de programas de capacitaci\u00f3n que permita mejorar la econom\u00eda de las tultepequenses, basados en la confianza, su esp\u00edritu de innovaci\u00f3n, su desarrollo y competitividad.<\/p>\n<p>Los cursos que ser\u00e1n impartidos por personal calificado, consisten en elaboraci\u00f3n de jab\u00f3n artesanal exfoliante, jab\u00f3n artesanal reafirmante, jab\u00f3n artesanal mosaico, Jab\u00f3n Antibacterial, elaboraci\u00f3n de jab\u00f3n para ropa y elaboraci\u00f3n de suavizante para ropa.<\/p>\n","protected":false},"excerpt":{"rendered":"<p>El Instituto Municipal de la Mujer de Tultepec, impartir\u00e1 una serie de 14 cursos dirigidos a las f\u00e9minas de todo el municipio, como parte de las actividades del Programa Mujeres Emprendedoras\u201d, los cuales tendr\u00e1n una duraci\u00f3n de dos horas y dieron inicio a partir de ayer jueves 2 de agosto, en la Biblioteca Central Sor Juana In\u00e9s de la Cruz, en horarios de 10:00 a 12:00 y de 16:00 a 18:00 horas.<\/p>\n","protected":false},"author":3,"featured_media":388580,"comment_status":"open","ping_status":"open","sticky":false,"template":"","format":"standard","meta":{"_monsterinsights_skip_tracking":false,"_monsterinsights_sitenote_active":false,"_monsterinsights_sitenote_note":"","_monsterinsights_sitenote_category":0,"footnotes":""},"categories":[35155],"tags":[43675,76710,3802],"class_list":["post-388514","post","type-post","status-publish","format-standard","has-post-thumbnail","hentry","category-estado-de-mexico-estado-de-mexico","tag-estado-de-mexico","tag-instituto-municipal-de-la-mujer","tag-tultepec"],"_links":{"self":[{"href":"https:\/\/www.diarioimagen.net\/index.php?rest_route=\/wp\/v2\/posts\/388514","targetHints":{"allow":["GET"]}}],"collection":[{"href":"https:\/\/www.diarioimagen.net\/index.php?rest_route=\/wp\/v2\/posts"}],"about":[{"href":"https:\/\/www.diarioimagen.net\/index.php?rest_route=\/wp\/v2\/types\/post"}],"author":[{"embeddable":true,"href":"https:\/\/www.diarioimagen.net\/index.php?rest_route=\/wp\/v2\/users\/3"}],"replies":[{"embeddable":true,"href":"https:\/\/www.diarioimagen.net\/index.php?rest_route=%2Fwp%2Fv2%2Fcomments&post=388514"}],"version-history":[{"count":0,"href":"https:\/\/www.diarioimagen.net\/index.php?rest_route=\/wp\/v2\/posts\/388514\/revisions"}],"wp:featuredmedia":[{"embeddable":true,"href":"https:\/\/www.diarioimagen.net\/index.php?rest_route=\/wp\/v2\/media\/388580"}],"wp:attachment":[{"href":"https:\/\/www.diarioimagen.net\/index.php?rest_route=%2Fwp%2Fv2%2Fmedia&parent=388514"}],"wp:term":[{"taxonomy":"category","embeddable":true,"href":"https:\/\/www.diarioimagen.net\/index.php?rest_route=%2Fwp%2Fv2%2Fcategories&post=388514"},{"taxonomy":"post_tag","embeddable":true,"href":"https:\/\/www.diarioimagen.net\/index.php?rest_route=%2Fwp%2Fv2%2Ftags&post=388514"}],"curies":[{"name":"wp","href":"https:\/\/api.w.org\/{rel}","templated":true}]}}