{"id":388516,"date":"2018-08-03T00:05:27","date_gmt":"2018-08-03T05:05:27","guid":{"rendered":"http:\/\/www.diarioimagen.net\/?p=388516"},"modified":"2018-08-03T06:20:55","modified_gmt":"2018-08-03T11:20:55","slug":"sistema-de-agua-de-huixquilucan-arranca-la-colecta-de-tapas-tapaton","status":"publish","type":"post","link":"https:\/\/www.diarioimagen.net\/?p=388516","title":{"rendered":"Sistema de Agua de Huixquilucan arranca la colecta de tapas \u201cTapat\u00f3n\u201d"},"content":{"rendered":"<ul>\n<li><strong><em>Para ayudar a los menores que padecen c\u00e1ncer<\/em><\/strong><\/li>\n<\/ul>\n<p>&nbsp;<\/p>\n<div id=\"attachment_388584\" style=\"width: 470px\" class=\"wp-caption aligncenter\"><a href=\"http:\/\/www.diarioimagen.net\/?attachment_id=388584\" rel=\"attachment wp-att-388584\"><img loading=\"lazy\" decoding=\"async\" aria-describedby=\"caption-attachment-388584\" class=\"size-large wp-image-388584\" src=\"http:\/\/www.diarioimagen.net\/wp-content\/uploads\/2018\/08\/HUIXQUILUCAN-3425-460x259.jpg\" alt=\"\" width=\"460\" height=\"259\" srcset=\"https:\/\/www.diarioimagen.net\/wp-content\/uploads\/2018\/08\/HUIXQUILUCAN-3425-460x259.jpg 460w, https:\/\/www.diarioimagen.net\/wp-content\/uploads\/2018\/08\/HUIXQUILUCAN-3425-240x135.jpg 240w, https:\/\/www.diarioimagen.net\/wp-content\/uploads\/2018\/08\/HUIXQUILUCAN-3425-235x132.jpg 235w, https:\/\/www.diarioimagen.net\/wp-content\/uploads\/2018\/08\/HUIXQUILUCAN-3425-202x114.jpg 202w, https:\/\/www.diarioimagen.net\/wp-content\/uploads\/2018\/08\/HUIXQUILUCAN-3425-350x196.jpg 350w, https:\/\/www.diarioimagen.net\/wp-content\/uploads\/2018\/08\/HUIXQUILUCAN-3425-220x123.jpg 220w, https:\/\/www.diarioimagen.net\/wp-content\/uploads\/2018\/08\/HUIXQUILUCAN-3425-237x132.jpg 237w, https:\/\/www.diarioimagen.net\/wp-content\/uploads\/2018\/08\/HUIXQUILUCAN-3425.jpg 480w\" sizes=\"auto, (max-width: 460px) 100vw, 460px\" \/><\/a><p id=\"caption-attachment-388584\" class=\"wp-caption-text\">Con esta campa\u00f1a, dijo B\u00e1ez Melo, se busca recolectar el mayor n\u00famero de tapas de envases de pl\u00e1stico, y con la participaci\u00f3n de los Scouts de M\u00e9xico.<\/p><\/div>\n<p>&nbsp;<\/p>\n<p><strong>Huixquilucan, Estado de M\u00e9xico<\/strong>.-El organismo p\u00fablico descentralizado Sistema Aguas de Huixquilucan, inici\u00f3 la campa\u00f1a \u201cTapat\u00f3n\u201d, con la que se busca ayudar a menores en sus tratamientos contra el c\u00e1ncer.<\/p>\n<p>El director del organismo, V\u00edctor Manuel B\u00e1ez Melo, inform\u00f3 que con esta campa\u00f1a se recolectar\u00e1n tapas de envases pl\u00e1sticos de refresco, agua y garrafones, para una noble causa, ayudar a los peque\u00f1os que padecen de c\u00e1ncer y no tienen los recursos para tratar esta enfermedad.<\/p>\n<p>\u201cEl objetivo es que la sociedad y \u00e1reas del gobierno participen y con ello estas tapas se vendan como pet y el dinero se donar\u00eda a menores con c\u00e1ncer\u201d.<\/p>\n<p>Coment\u00f3 que tal como lo ha hecho el presidente municipal, Enrique Vargas del Villar, a lo largo de la administraci\u00f3n 2016-2018, se trabaja de manera responsable y de cerca con la ciudadan\u00eda, y con el \u201cTapat\u00f3n\u201d se fomenta la cultura social en Huixquilucan.<\/p>\n<p>Con esta campa\u00f1a, dijo B\u00e1ez Melo, se busca recolectar el mayor n\u00famero de tapas de envases de pl\u00e1stico, y con la participaci\u00f3n de los Scouts de M\u00e9xico beneficiar a los menores que padecen c\u00e1ncer.<\/p>\n<p>A este esfuerzo se sumar\u00e1n instituciones educativas y centros comerciales con lo que se espera que un gran n\u00famero de huixquiluquenses participen en esta labor altruista. Los centros de acopio para dejar las tapas se encuentran en las oficinas centrales del organismo de agua de Huixquilucan, as\u00ed como en las instalaciones del gobierno ubicadas en Cabecera, Pirules y fresco, adem\u00e1s para fortalecer la campa\u00f1a se buscar\u00e1 que haya contenedores en centros comerciales de Interlomas y escuelas, con un solo prop\u00f3sito, ayudar a ni\u00f1os con c\u00e1ncer.<\/p>\n","protected":false},"excerpt":{"rendered":"<p>El organismo p\u00fablico descentralizado Sistema Aguas de Huixquilucan, inici\u00f3 la campa\u00f1a \u201cTapat\u00f3n\u201d, con la que se busca ayudar a menores en sus tratamientos contra el c\u00e1ncer.<\/p>\n","protected":false},"author":3,"featured_media":388584,"comment_status":"open","ping_status":"open","sticky":false,"template":"","format":"standard","meta":{"_monsterinsights_skip_tracking":false,"_monsterinsights_sitenote_active":false,"_monsterinsights_sitenote_note":"","_monsterinsights_sitenote_category":0,"footnotes":""},"categories":[35155],"tags":[43675,1097,76711],"class_list":["post-388516","post","type-post","status-publish","format-standard","has-post-thumbnail","hentry","category-estado-de-mexico-estado-de-mexico","tag-estado-de-mexico","tag-huixquilucan","tag-sistema-de-agua"],"_links":{"self":[{"href":"https:\/\/www.diarioimagen.net\/index.php?rest_route=\/wp\/v2\/posts\/388516","targetHints":{"allow":["GET"]}}],"collection":[{"href":"https:\/\/www.diarioimagen.net\/index.php?rest_route=\/wp\/v2\/posts"}],"about":[{"href":"https:\/\/www.diarioimagen.net\/index.php?rest_route=\/wp\/v2\/types\/post"}],"author":[{"embeddable":true,"href":"https:\/\/www.diarioimagen.net\/index.php?rest_route=\/wp\/v2\/users\/3"}],"replies":[{"embeddable":true,"href":"https:\/\/www.diarioimagen.net\/index.php?rest_route=%2Fwp%2Fv2%2Fcomments&post=388516"}],"version-history":[{"count":0,"href":"https:\/\/www.diarioimagen.net\/index.php?rest_route=\/wp\/v2\/posts\/388516\/revisions"}],"wp:featuredmedia":[{"embeddable":true,"href":"https:\/\/www.diarioimagen.net\/index.php?rest_route=\/wp\/v2\/media\/388584"}],"wp:attachment":[{"href":"https:\/\/www.diarioimagen.net\/index.php?rest_route=%2Fwp%2Fv2%2Fmedia&parent=388516"}],"wp:term":[{"taxonomy":"category","embeddable":true,"href":"https:\/\/www.diarioimagen.net\/index.php?rest_route=%2Fwp%2Fv2%2Fcategories&post=388516"},{"taxonomy":"post_tag","embeddable":true,"href":"https:\/\/www.diarioimagen.net\/index.php?rest_route=%2Fwp%2Fv2%2Ftags&post=388516"}],"curies":[{"name":"wp","href":"https:\/\/api.w.org\/{rel}","templated":true}]}}