{"id":388635,"date":"2018-08-06T00:10:06","date_gmt":"2018-08-06T05:10:06","guid":{"rendered":"https:\/\/www.diarioimagen.net\/?p=388635"},"modified":"2018-08-06T00:00:51","modified_gmt":"2018-08-06T05:00:51","slug":"alfredo-del-mazo-entrego-incentivos-agropecuarios","status":"publish","type":"post","link":"https:\/\/www.diarioimagen.net\/?p=388635","title":{"rendered":"Del Mazo entrega m\u00e1s incentivos agropecuarios"},"content":{"rendered":"<h2>Arco Norte<\/h2>\n<h5>Jos\u00e9 Luis Monta\u00f1ez Aguilar<\/h5>\n<p>&nbsp;<\/p>\n<div id=\"attachment_388636\" style=\"width: 470px\" class=\"wp-caption aligncenter\"><img loading=\"lazy\" decoding=\"async\" aria-describedby=\"caption-attachment-388636\" class=\"size-large wp-image-388636\" src=\"https:\/\/www.diarioimagen.net\/wp-content\/uploads\/2018\/08\/DEL-MAZO6-portal-460x268.jpg\" alt=\"\" width=\"460\" height=\"268\" srcset=\"https:\/\/www.diarioimagen.net\/wp-content\/uploads\/2018\/08\/DEL-MAZO6-portal-460x268.jpg 460w, https:\/\/www.diarioimagen.net\/wp-content\/uploads\/2018\/08\/DEL-MAZO6-portal-240x140.jpg 240w, https:\/\/www.diarioimagen.net\/wp-content\/uploads\/2018\/08\/DEL-MAZO6-portal.jpg 480w\" sizes=\"auto, (max-width: 460px) 100vw, 460px\" \/><p id=\"caption-attachment-388636\" class=\"wp-caption-text\">Alfredo Del Mazo entreg\u00f3m\u00e1s de 70 millones de pesos para productores de 30 municipios de las regiones de Valle de Bravo y Metepec.<\/p><\/div>\n<p>&nbsp;<\/p>\n<p>&nbsp;<\/p>\n<p>Para que los productores del campo mexiquense tengan las herramientas necesarias para realizar su labor y, con ello, generen mayores ingresos econ\u00f3micos para sus familias, el gobernador Alfredo Del Mazo Maza contin\u00faa con la entrega de incentivos agropecuarios.<\/p>\n<p>Esta ocasi\u00f3n se destinaron m\u00e1s de 70 millones de pesos para productores de 30 municipios de las regiones de Valle de Bravo y Metepec.<\/p>\n<p>El gobernador mexiquense indic\u00f3 que para que el campo siga con sus niveles de producci\u00f3n, se requiere que los campesinos cuenten con las herramientas y maquinaria necesarias, por ello, la realizaci\u00f3n de las 23 reuniones que ha tenido con quienes forman parte de este sector productivo.<\/p>\n<p>Resultado de esas reuniones, dijo, se conocen los requerimientos espec\u00edficos de los productores, lo cual se traduce en la entrega de diferentes incentivos agropecuarios, como los 77 tractores que se otorgaron ayer, lo que les permitir\u00e1 ahorrar tiempo y dinero a quienes ten\u00edan que rentar este tipo de equipamiento.<\/p>\n<p>Tambi\u00e9n se entregaron semillas mejoradas, las cuales tienen mayor fortaleza para aguantar las condiciones climatol\u00f3gicas que se viven actualmente; para el sector pecuario se otorgaron vientres bovinos y ovinos, as\u00ed como sementales.<\/p>\n<p>El mandatario estatal detall\u00f3 que para el sector acu\u00edcola, los productores recibieron apoyos para el cultivo de trucha y alevines de carpa.<\/p>\n<p>En el caso particular de los alevines inform\u00f3 que se entregaron 500 mil, y de tener un proceso de cuidado adecuado y mantener un buen nivel de agua en las presas, el d\u00eda que est\u00e9n listos para la venta se traducir\u00e1n en m\u00e1s de 70 toneladas de carpa, lo que representa una ganancia de cerca de 2 millones de pesos, para quienes se dedican a esta actividad.<\/p>\n<p>Del Mazo Maza tambi\u00e9n entreg\u00f3 apoyos para las mujeres del campo, quienes recibieron el material necesario para la construcci\u00f3n de gallineros, para la producci\u00f3n de huevo; as\u00ed como microt\u00faneles para hortalizas de traspatio.<\/p>\n<p>Con estas actividades, se\u00f1al\u00f3, las mujeres podr\u00e1n generar ingresos adicionales para sus familias con la venta de los productos o, en su caso, utilizarlos para el autoconsumo.<\/p>\n<p><em><a href=\"mailto:montanezaguilar@gmail.com\" target=\"_blank\" rel=\"noopener\">montanezaguilar@gmail.com<\/a><\/em><\/p>\n","protected":false},"excerpt":{"rendered":"<p><span style=\"color: #005497;\">Jos\u00e9 Luis Monta\u00f1ez Aguilar<\/span><br \/>\n<br \/>\nPara que los productores del campo mexiquense tengan las herramientas necesarias para realizar su labor y, con ello, generen mayores ingresos econ\u00f3micos para sus familias, el gobernador Alfredo Del Mazo Maza contin\u00faa con la entrega de incentivos agropecuarios.<\/p>\n","protected":false},"author":5,"featured_media":388636,"comment_status":"open","ping_status":"open","sticky":false,"template":"","format":"standard","meta":{"_monsterinsights_skip_tracking":false,"_monsterinsights_sitenote_active":false,"_monsterinsights_sitenote_note":"","_monsterinsights_sitenote_category":0,"footnotes":""},"categories":[5],"tags":[76725,13284,76724,43704,876,43674,1458],"class_list":["post-388635","post","type-post","status-publish","format-standard","has-post-thumbnail","hentry","category-estado-de-mexico","tag-agropecuarios","tag-arco-norte","tag-entrego-incentivos","tag-jose-luis-montanez-aguilar","tag-metepec","tag-opinion","tag-valle-de-bravo"],"_links":{"self":[{"href":"https:\/\/www.diarioimagen.net\/index.php?rest_route=\/wp\/v2\/posts\/388635","targetHints":{"allow":["GET"]}}],"collection":[{"href":"https:\/\/www.diarioimagen.net\/index.php?rest_route=\/wp\/v2\/posts"}],"about":[{"href":"https:\/\/www.diarioimagen.net\/index.php?rest_route=\/wp\/v2\/types\/post"}],"author":[{"embeddable":true,"href":"https:\/\/www.diarioimagen.net\/index.php?rest_route=\/wp\/v2\/users\/5"}],"replies":[{"embeddable":true,"href":"https:\/\/www.diarioimagen.net\/index.php?rest_route=%2Fwp%2Fv2%2Fcomments&post=388635"}],"version-history":[{"count":0,"href":"https:\/\/www.diarioimagen.net\/index.php?rest_route=\/wp\/v2\/posts\/388635\/revisions"}],"wp:featuredmedia":[{"embeddable":true,"href":"https:\/\/www.diarioimagen.net\/index.php?rest_route=\/wp\/v2\/media\/388636"}],"wp:attachment":[{"href":"https:\/\/www.diarioimagen.net\/index.php?rest_route=%2Fwp%2Fv2%2Fmedia&parent=388635"}],"wp:term":[{"taxonomy":"category","embeddable":true,"href":"https:\/\/www.diarioimagen.net\/index.php?rest_route=%2Fwp%2Fv2%2Fcategories&post=388635"},{"taxonomy":"post_tag","embeddable":true,"href":"https:\/\/www.diarioimagen.net\/index.php?rest_route=%2Fwp%2Fv2%2Ftags&post=388635"}],"curies":[{"name":"wp","href":"https:\/\/api.w.org\/{rel}","templated":true}]}}