{"id":388698,"date":"2018-08-06T00:00:12","date_gmt":"2018-08-06T05:00:12","guid":{"rendered":"https:\/\/www.diarioimagen.net\/?p=388698"},"modified":"2018-08-06T00:26:42","modified_gmt":"2018-08-06T05:26:42","slug":"en-pri-ha-surgido-enojo-contra-meade-por-reunion-con-amlo","status":"publish","type":"post","link":"https:\/\/www.diarioimagen.net\/?p=388698","title":{"rendered":"En PRI ha surgido enojo contra Meade por reuni\u00f3n con AMLO"},"content":{"rendered":"<h2>La Retaguardia<\/h2>\n<h5>Adriana Moreno Cordero<\/h5>\n<p><em>\u00a0<\/em><\/p>\n<ul>\n<li><strong><em>El de Nicol\u00e1s Maduro, \u00bfautoatentado?<\/em><\/strong><\/li>\n<\/ul>\n<p>&nbsp;<\/p>\n<p>La informaci\u00f3n que sigue siendo objeto de comentarios y an\u00e1lisis, es la reuni\u00f3n que sostuvieron el pasado viernes, el virtual presidente electo, <strong>Andr\u00e9s Manuel L\u00f3pez Obrador<\/strong> y quien fuera el\u00a0 candidato del PRI, <strong>Jos\u00e9 Antonio Meade Kuribre\u00f1a<\/strong>, que se dio en los m\u00e1s amistosos y cordiales t\u00e9rminos y en donde el tabasque\u00f1o reconoci\u00f3 la entereza que tuvo el ex abanderado del PRI para ser el primero, -la tarde-noche del pasado 1 de julio-, en reconocer su derrota y aceptar el triunfo de AMLO, pese a que la mermada c\u00fapula del partido tricolor, le hab\u00eda recomendado no hacerlo, sino que deb\u00eda esperarse, a lo que el ex titular de Hacienda habr\u00eda respondido con una pregunta que ten\u00eda respuesta por s\u00ed sola: esperarse, \u00bfpara qu\u00e9?<\/p>\n<p>Por eso, cuando el ex candidato de la coalici\u00f3n \u201cPor M\u00e9xico al Frente\u201d, <strong>Ricardo Anaya<\/strong>, ese mismo d\u00eda sali\u00f3 a \u201cadornarse\u201d se\u00f1alando que \u00e9l ya hasta le hab\u00eda hablado por tel\u00e9fono al tabasque\u00f1o, no se trat\u00f3 m\u00e1s que de una acci\u00f3n oportunista por parte del panista quien en breve, por cierto, podr\u00eda reaparecer en la escena p\u00fablica y ahora s\u00ed que a aguantar rechiflas.<\/p>\n<p>Lo cierto es que el invitado al desayuno a la casa de L\u00f3pez Obrador, fue el excandidato pri\u00edsta y no el otrora famoso \u201cJoven Maravilla\u201d.<\/p>\n<p>A partir de ese encuentro y a\u00fan antes, se empez\u00f3 a especular si acaso, Meade podr\u00eda ser incorporado al gabinete de AMLO o a alguna posici\u00f3n estrat\u00e9gica como por ejemplo, la que circul\u00f3 por las redes, esto es, el Banco de M\u00e9xico.<\/p>\n<p>No obstante, han surgido voces en el PRI que reprueban la visita de su ex abanderado presidencial a L\u00f3pez Obrador, pues est\u00e1n indignados porque luego de la derrota del partido tricolor, empleados y otros funcionarios, se han quedado \u201ccolgados de la brocha\u201d y ese instituto pol\u00edtico con deudas millonarias que lo ahogan colocan en riesgo de perder su ancestral sede en Insurgentes Norte y Violeta.<\/p>\n<p>Dicha ala del pri\u00edsmo, acusa a Meade de que una vez que pasaron los comicios de julio pasado, ahora s\u00ed que \u201cse lav\u00f3 las manos\u201d y se fue.<\/p>\n<p>Para colmo, el anterior dirigente, <strong>Enrique Ochoa Reza<\/strong>, (circula la informaci\u00f3n), pidi\u00f3 un pr\u00e9stamo millonario, pensando en que como se pod\u00eda ver en sus spots, no hab\u00eda de qu\u00e9 preocuparse pues ganar\u00eda su candidato.<\/p>\n<p>Al final, en el Revolucionario Institucional todo se fue al traste y as\u00ed, de esta manera, quien ser\u00e1 el coordinador de los senadores del PRI, <strong>Miguel Angel Osorio Chong<\/strong>, celebr\u00f3 su cumplea\u00f1os, eso s\u00ed, muy felicitado.<\/p>\n<p style=\"text-align: center;\"><strong>Municiones<\/strong><\/p>\n<p>*** La otra noticia que caus\u00f3 diversas reacciones a nivel mundial, fue el atentado, el pasado s\u00e1bado, del que fue v\u00edctima el presidente de Venezuela, <strong>Nicol\u00e1s Maduro<\/strong>, cuando se oyeron detonaciones, muy cerca de donde se encontraba y se pudieron apreciar drones con explosivos, justo cuando el venezolano dec\u00eda en su discurso que, \u201cha llegado la hora de la recuperaci\u00f3n econ\u00f3mica\u201d, justo cuando la inflaci\u00f3n en ese pa\u00eds la calcula el FMI en un mill\u00f3n por ciento, en una situaci\u00f3n totalmente in\u00e9dita en esa golpeada naci\u00f3n y en el mundo.<\/p>\n<p>El ministro de Interior de Justicia y Paz de ese pa\u00eds, <strong>Nestor Reverol<\/strong>, inform\u00f3 que ya\u00a0 hay seis detenidos por el ataque contra Maduro y que se hab\u00edan recopilado pruebas de la acci\u00f3n que permitieron identificar plenamente a los actores intelectuales y materiales. Con su tan peculiar estilo, el mandatario venezolano acus\u00f3 al colombiano <strong>Juan Manuel Santos<\/strong>, \u201caliado con la ultraderecha venezolana\u201d y al gobierno de Washington que encabeza <strong>Donald Trump<\/strong>, de esta operaci\u00f3n. Por su parte, Santos\u00a0 calific\u00f3 de absurdas y fuera de todo sentido las acusaciones de Maduro y rechaz\u00f3 tajantemente\u00a0 cualquier involucramiento.<\/p>\n<p>Hay que recordar que las relaciones diplom\u00e1ticas entre Venezuela y Colombia son pr\u00e1cticamente inexistentes y esto en buena parte debido a las provocaciones de Maduro. Ayer mismo, envi\u00f3 a <strong>Vladimir Padrino<\/strong>, ministro de Defensa de Venezuela, quien se\u00f1al\u00f3 que este acontecimiento toma un extremo muy delicado y que se trata de una actitud cobarde.<\/p>\n<p>El atentado ocurri\u00f3 pr\u00e1cticamente a horas de que <strong>Iv\u00e1n Duque<\/strong> inicie su gobierno en Colombia hoy lunes y ya adelant\u00f3 que promover\u00e1 una acusaci\u00f3n en contra de Maduro. El gobierno estadunidense se deslind\u00f3 y <strong>John Bolton<\/strong>, asesor en materia de seguridad del gobierno estadunidense, dijo que no hay ni hubo ninguna participaci\u00f3n por parte de ese pa\u00eds, sin embargo, Maduro insiste en que la acci\u00f3n en su contra, fue un plan orquestado de manera conjunta entre Estados Unidos y Colombia. Efectivamente y como coinciden diversos analistas, se pudo haber tratado de un autoatentado, \u00bfo no?, ya que la situaci\u00f3n econ\u00f3mica y pol\u00edtica en Venezuela, se ha vuelto una olla express que cada vez menos puede\u00a0 controlar Maduro. Ayer por las redes sociales, se adjudic\u00f3 el atentado un grupo denominado \u201cSoldados de Franela\u201d.<\/p>\n<p>*** Se hacen llamar las Mujeres de Nueva Izquierda, y est\u00e1n comandadas por la excandidata del PRD al gobierno de Guerrero, <strong>Beatriz Mojica Morga<\/strong>; participaron en la Reuni\u00f3n Nacional de esa corriente que se llev\u00f3 a cabo as\u00ed como para demostrar que a\u00fan tienen \u201cm\u00fasculo\u201d y con el pretexto de que seguir\u00e1 su lucha por la igualdad de derechos y oportunidades. En eso, que anuncian que tomar\u00eda la palabra ni m\u00e1s ni menos que uno de los l\u00edderes de esa corriente, <strong>Jes\u00fas Ortega<\/strong>, que propuso construir una nueva ruta que \u201cnos fortalezca\u201d, m\u00e1s bien ser\u00e1 que los reconstruya para transformar a M\u00e9xico. Ortega Mart\u00ednez no tuvo la bienvenida que esperaba, al igual que <strong>Jes\u00fas Zambrano<\/strong>, al contrario, <strong>Eric Villanueva Mukul<\/strong>, tuvo un buen espaldarazo.<\/p>\n<p><a href=\"mailto:morcora@gmail.com\" target=\"_blank\" rel=\"noopener\"><em>morcora@gmail.com<\/em><\/a><\/p>\n","protected":false},"excerpt":{"rendered":"<p><span style=\"color: #005497;\"><strong>Adriana Moreno Cordero<\/strong><\/span><\/p>\n","protected":false},"author":3,"featured_media":0,"comment_status":"open","ping_status":"open","sticky":false,"template":"","format":"standard","meta":{"_monsterinsights_skip_tracking":false,"_monsterinsights_sitenote_active":false,"_monsterinsights_sitenote_note":"","_monsterinsights_sitenote_category":0,"footnotes":""},"categories":[69370],"tags":[69369,69368,43674],"class_list":["post-388698","post","type-post","status-publish","format-standard","hentry","category-adriana-moreno-cordero","tag-adriana-moreno-cordero","tag-la-retaguardia","tag-opinion"],"_links":{"self":[{"href":"https:\/\/www.diarioimagen.net\/index.php?rest_route=\/wp\/v2\/posts\/388698","targetHints":{"allow":["GET"]}}],"collection":[{"href":"https:\/\/www.diarioimagen.net\/index.php?rest_route=\/wp\/v2\/posts"}],"about":[{"href":"https:\/\/www.diarioimagen.net\/index.php?rest_route=\/wp\/v2\/types\/post"}],"author":[{"embeddable":true,"href":"https:\/\/www.diarioimagen.net\/index.php?rest_route=\/wp\/v2\/users\/3"}],"replies":[{"embeddable":true,"href":"https:\/\/www.diarioimagen.net\/index.php?rest_route=%2Fwp%2Fv2%2Fcomments&post=388698"}],"version-history":[{"count":0,"href":"https:\/\/www.diarioimagen.net\/index.php?rest_route=\/wp\/v2\/posts\/388698\/revisions"}],"wp:attachment":[{"href":"https:\/\/www.diarioimagen.net\/index.php?rest_route=%2Fwp%2Fv2%2Fmedia&parent=388698"}],"wp:term":[{"taxonomy":"category","embeddable":true,"href":"https:\/\/www.diarioimagen.net\/index.php?rest_route=%2Fwp%2Fv2%2Fcategories&post=388698"},{"taxonomy":"post_tag","embeddable":true,"href":"https:\/\/www.diarioimagen.net\/index.php?rest_route=%2Fwp%2Fv2%2Ftags&post=388698"}],"curies":[{"name":"wp","href":"https:\/\/api.w.org\/{rel}","templated":true}]}}