{"id":388781,"date":"2018-08-07T00:08:52","date_gmt":"2018-08-07T05:08:52","guid":{"rendered":"https:\/\/www.diarioimagen.net\/?p=388781"},"modified":"2018-08-07T23:44:37","modified_gmt":"2018-08-08T04:44:37","slug":"refrenda-del-mazo-impulso-a-una-educacion-de-calidad","status":"publish","type":"post","link":"https:\/\/www.diarioimagen.net\/?p=388781","title":{"rendered":"Refrenda Del Mazo impulso a una educaci\u00f3n de calidad"},"content":{"rendered":"<ul>\n<li><em><strong>Inaugura el ciclo escolar 2018-2019 de la UAEM<\/strong><\/em><\/li>\n<li><em><strong>Entrega preseas \u201cIgnacio Ram\u00edrez Calzada\u201d e \u201cIgnacio Manuel Altamirano Basilio\u201d<\/strong><\/em><\/li>\n<\/ul>\n<p>&nbsp;<\/p>\n<div id=\"attachment_388782\" style=\"width: 470px\" class=\"wp-caption aligncenter\"><img loading=\"lazy\" decoding=\"async\" aria-describedby=\"caption-attachment-388782\" class=\"wp-image-388782 size-large\" src=\"https:\/\/www.diarioimagen.net\/wp-content\/uploads\/2018\/08\/DEL-MAZO7-portal-460x268.jpg\" alt=\"\" width=\"460\" height=\"268\" srcset=\"https:\/\/www.diarioimagen.net\/wp-content\/uploads\/2018\/08\/DEL-MAZO7-portal-460x268.jpg 460w, https:\/\/www.diarioimagen.net\/wp-content\/uploads\/2018\/08\/DEL-MAZO7-portal-240x140.jpg 240w, https:\/\/www.diarioimagen.net\/wp-content\/uploads\/2018\/08\/DEL-MAZO7-portal.jpg 480w\" sizes=\"auto, (max-width: 460px) 100vw, 460px\" \/><p id=\"caption-attachment-388782\" class=\"wp-caption-text\">Alfredo Del Mazo destac\u00f3 que esta universidad es la mayor fortaleza del sistema educativo en la entidad.<\/p><\/div>\n<p>&nbsp;<\/p>\n<p><strong>Chimalhuac\u00e1n, Estado de M\u00e9xico<\/strong>.- Al asistir a la ceremonia de inauguraci\u00f3n del ciclo escolar 2018-2019 de la Universidad Aut\u00f3noma del Estado de M\u00e9xico (UAEM), el gobernador, Alfredo Del Mazo Maza, refrend\u00f3 su compromiso para impulsar una educaci\u00f3n de calidad que beneficie a la comunidad escolar de esta casa de estudios, con la finalidad de formar profesionistas comprometidos con el desarrollo de la entidad.<\/p>\n<p>\u201cA los j\u00f3venes estudiantes los invito a que en esta importante etapa de su vida contin\u00faen esforz\u00e1ndose, sean personas \u00edntegras, honestas y est\u00e9n comprometidos con sus familias y con sus comunidades. \u201cCon este inicio de actividades refrendamos nuestros compromisos con la educaci\u00f3n de calidad, con los estudiantes, con los profesores e investigadores y con los padres de familia que hacen tanto esfuerzo y sacrificio para que sus hijos se puedan formar y salir adelante\u201d.<\/p>\n<p>Acompa\u00f1ado por el rector de la UAEM, Alfredo Barrera Baca, el mandatario mexiquense destac\u00f3 que esta universidad es la mayor fortaleza del sistema educativo en la entidad, al ser un pilar del desarrollo y un referente nacional de autonom\u00eda institucionalidad y vocaci\u00f3n educativa, siempre en constante evoluci\u00f3n.<\/p>\n<p>Por ello, dijo, la UAEM es la d\u00e9cima instituci\u00f3n de educaci\u00f3n superior m\u00e1s grande del pa\u00eds por el tama\u00f1o de su matr\u00edcula en licenciatura, ya que m\u00e1s de 77 mil alumnos cursan alguno de sus 181 programas de estudio.<\/p>\n<p>Adem\u00e1s, sus 57 mil estudiantes de licenciatura y posgrado representan casi el 13 por ciento del total de estudiantes de educaci\u00f3n superior registrados en el Estado de M\u00e9xico.<\/p>\n<p>Alfredo Del Mazo se\u00f1al\u00f3 que el gobierno estatal trabaja de manera coordinada con esta instituci\u00f3n educativa para que sea l\u00edder y referente acad\u00e9mico, por ello, el pasado ciclo escolar se mejor\u00f3 su nivel educativo y se ampli\u00f3 su cobertura, adem\u00e1s de incrementar en 2018 su presupuesto con m\u00e1s de 975 millones de pesos adicionales, 15 por ciento m\u00e1s que en 2017. Esto, dijo, para tener una sociedad preparada y comprometida para alcanzar el crecimiento y bienestar que consoliden el liderazgo del Estado de M\u00e9xico.<\/p>\n<p>Del Mazo Maza reconoci\u00f3 la labor del rector de la m\u00e1xima casa de estudios mexiquense, y detall\u00f3 que hoy inician clase casi 20 mil j\u00f3venes que integran los 10 planteles de preparatoria de la UAEM, de los cuales m\u00e1s de 7 mil son de nuevo ingreso.<\/p>\n<p>Mientras que 56 mil 500 alumnos dan inicio a sus estudios de licenciatura en las Facultades, Centros Universitarios, Unidades Acad\u00e9micas Profesionales y Escuela Profesional, de los cuales, 16 mil son tambi\u00e9n de nuevo ingreso.<\/p>\n<p>El gobernador mexiquense indic\u00f3 que se debe garantizar la inclusi\u00f3n y la igualdad de oportunidades educativas, para tener profesionistas que enfrenten los retos laborales y est\u00e9n comprometidos con sus familias y comunidades.<\/p>\n<p>Manifest\u00f3 que respaldar la educaci\u00f3n superior es uno de los principales objetivos, ya que de acuerdo con la OCDE, s\u00f3lo el 17 por ciento de las personas entre 25 y 64 a\u00f1os, logran tener estudios universitarios, y quienes obtienen un t\u00edtulo universitario ganar\u00e1 en promedio, m\u00e1s del doble que una persona que s\u00f3lo tenga preparatoria.<\/p>\n<p>\u201cEn el Estado de M\u00e9xico somos conscientes de la importancia que tiene la educaci\u00f3n superior como generadora de oportunidades, y hemos hecho nuestro el compromiso de crear cada vez m\u00e1s espacios de estudio y desarrollo para los j\u00f3venes mexiquenses\u201d, subray\u00f3.<\/p>\n<p>\u201cPor ello, durante los \u00faltimos 26 a\u00f1os, con un gran esfuerzo, multiplicamos por cuatro la matr\u00edcula de educaci\u00f3n superior en el Estado de M\u00e9xico, para alcanzar un registro superior a los 446 mil alumnos\u201d, expres\u00f3.<\/p>\n<p>Tambi\u00e9n reconoci\u00f3 el papel que desempe\u00f1an las mujeres en el \u00e1mbito educativo, ya que la mayor\u00eda de la matr\u00edcula de la UAEM est\u00e1 conformada por el sector femenino.<\/p>\n<p>\u201cHoy que damos inicio a un nuevo ciclo acad\u00e9mico es tiempo de consolidar los logros y redoblar los esfuerzos, que con entusiasmo demos a esta nuestra m\u00e1xima casa de estudios, la Universidad Aut\u00f3noma del Estado de M\u00e9xico, la fuerza para reflejar el car\u00e1cter mexiquense y hacer de nuestra entidad una potencia del presente siglo, con patria, ciencia y trabajo haremos del Estado de M\u00e9xico el estado fuerte de M\u00e9xico\u201d, puntualiz\u00f3.<\/p>\n<p>El Rector de la UAEM, Alfredo Barrera, reconoci\u00f3 en Alfredo Del Mazo el car\u00e1cter, la sensibilidad pol\u00edtica y las capacidades que en estos primeros meses de trabajo com\u00fan ha demostrado a favor de la Universidad Aut\u00f3noma del Estado de M\u00e9xico, para ayudarla a crecer con determinaci\u00f3n hacia el futuro.<\/p>\n<p>Asimismo, alent\u00f3 a los j\u00f3venes universitarios a que descubran en su Universidad lo que necesitan saber para recorrer los caminos de su existencia, para ser productivos, competentes y mejores seres humanos, y los invit\u00f3 a que se esfuercen con alegr\u00eda y responsabilidad en su paso por esta m\u00e1xima casa de estudios, donde afinar\u00e1n sus virtudes y capacidades responder a lo que la sociedad reclama.<\/p>\n<p>En la Unidad Acad\u00e9mica de Chimalhuac\u00e1n, el titular del Ejecutivo estatal y el Rector de la UAEM entregaron las preseas \u201cIgnacio Ram\u00edrez Calzada\u201d por la contribuci\u00f3n excepcional del personal acad\u00e9mico a la docencia, la investigaci\u00f3n, la difusi\u00f3n cultural y la extensi\u00f3n universitaria, as\u00ed como la presea \u201cIgnacio Manuel Altamirano Basilio\u201d a los estudiantes que obtuvieron los mejores promedios en el ciclo escolar pasado.<\/p>\n<p>Aunado a ello, tambi\u00e9n se entreg\u00f3 un reconocimiento al alumno Jorge Leyva Ram\u00edrez, quien obtuvo uno de los mayores puntajes en el examen de ingreso a la UAEM.<\/p>\n","protected":false},"excerpt":{"rendered":"<p>Al asistir a la ceremonia de inauguraci\u00f3n del ciclo escolar 2018-2019 de la Universidad Aut\u00f3noma del Estado de M\u00e9xico (UAEM), el gobernador, Alfredo Del Mazo Maza, refrend\u00f3 su compromiso para impulsar una educaci\u00f3n de calidad que beneficie a la comunidad escolar de esta casa de estudios, con la finalidad de formar profesionistas comprometidos con el desarrollo de la entidad.<\/p>\n","protected":false},"author":5,"featured_media":388782,"comment_status":"open","ping_status":"open","sticky":false,"template":"","format":"standard","meta":{"_monsterinsights_skip_tracking":false,"_monsterinsights_sitenote_active":false,"_monsterinsights_sitenote_note":"","_monsterinsights_sitenote_category":0,"footnotes":""},"categories":[5],"tags":[58572,2505,8623,76754,76753,43675,67685,1491],"class_list":["post-388781","post","type-post","status-publish","format-standard","has-post-thumbnail","hentry","category-estado-de-mexico","tag-alfredo-barrera-baca","tag-alfredo-del-mazo-maza","tag-chimalhuacan","tag-ciclo-escolar-2018-2019","tag-educacion-de-calidad","tag-estado-de-mexico","tag-rector-de-la-uaem","tag-uaem"],"_links":{"self":[{"href":"https:\/\/www.diarioimagen.net\/index.php?rest_route=\/wp\/v2\/posts\/388781","targetHints":{"allow":["GET"]}}],"collection":[{"href":"https:\/\/www.diarioimagen.net\/index.php?rest_route=\/wp\/v2\/posts"}],"about":[{"href":"https:\/\/www.diarioimagen.net\/index.php?rest_route=\/wp\/v2\/types\/post"}],"author":[{"embeddable":true,"href":"https:\/\/www.diarioimagen.net\/index.php?rest_route=\/wp\/v2\/users\/5"}],"replies":[{"embeddable":true,"href":"https:\/\/www.diarioimagen.net\/index.php?rest_route=%2Fwp%2Fv2%2Fcomments&post=388781"}],"version-history":[{"count":0,"href":"https:\/\/www.diarioimagen.net\/index.php?rest_route=\/wp\/v2\/posts\/388781\/revisions"}],"wp:featuredmedia":[{"embeddable":true,"href":"https:\/\/www.diarioimagen.net\/index.php?rest_route=\/wp\/v2\/media\/388782"}],"wp:attachment":[{"href":"https:\/\/www.diarioimagen.net\/index.php?rest_route=%2Fwp%2Fv2%2Fmedia&parent=388781"}],"wp:term":[{"taxonomy":"category","embeddable":true,"href":"https:\/\/www.diarioimagen.net\/index.php?rest_route=%2Fwp%2Fv2%2Fcategories&post=388781"},{"taxonomy":"post_tag","embeddable":true,"href":"https:\/\/www.diarioimagen.net\/index.php?rest_route=%2Fwp%2Fv2%2Ftags&post=388781"}],"curies":[{"name":"wp","href":"https:\/\/api.w.org\/{rel}","templated":true}]}}