{"id":388791,"date":"2018-08-07T00:08:20","date_gmt":"2018-08-07T05:08:20","guid":{"rendered":"https:\/\/www.diarioimagen.net\/?p=388791"},"modified":"2018-08-07T01:44:09","modified_gmt":"2018-08-07T06:44:09","slug":"qbo-celebro-15-anos-con-una-gran-fiesta-en-el-lunario","status":"publish","type":"post","link":"https:\/\/www.diarioimagen.net\/?p=388791","title":{"rendered":"QBO celebr\u00f3 15 a\u00f1os con una gran fiesta en el Lunario"},"content":{"rendered":"<ul>\n<li><em><strong>Tuvieron como invitado a Erik, vocalista de Allison, mientras que Jesuso y Defecto se encargaron de abrir el espect\u00e1culo<\/strong><\/em><\/li>\n<\/ul>\n<h6>Arturo Arellano<\/h6>\n<p><strong>\u00a0<\/strong><\/p>\n<div id=\"attachment_388792\" style=\"width: 430px\" class=\"wp-caption aligncenter\"><img loading=\"lazy\" decoding=\"async\" aria-describedby=\"caption-attachment-388792\" class=\"wp-image-388792\" src=\"https:\/\/www.diarioimagen.net\/wp-content\/uploads\/2018\/08\/qbo-1-poortal-307x460.jpg\" alt=\"\" width=\"420\" height=\"630\" srcset=\"https:\/\/www.diarioimagen.net\/wp-content\/uploads\/2018\/08\/qbo-1-poortal-307x460.jpg 307w, https:\/\/www.diarioimagen.net\/wp-content\/uploads\/2018\/08\/qbo-1-poortal-160x240.jpg 160w, https:\/\/www.diarioimagen.net\/wp-content\/uploads\/2018\/08\/qbo-1-poortal.jpg 700w\" sizes=\"auto, (max-width: 420px) 100vw, 420px\" \/><p id=\"caption-attachment-388792\" class=\"wp-caption-text\">La voz y guitarrista del grupo, To\u00f1o Ruiz, reconoci\u00f3 que 15 a\u00f1os son pocos para festejar.<em> (Fotos: Arturo Arellano)<\/em><\/p><\/div>\n<p>&nbsp;<\/p>\n<p>Encabezados por To\u00f1o Ruiz, QBO celebr\u00f3 exitosamente sus 15 a\u00f1os de trayectoria, por lo que organizaron una gran fiesta en el Lunario del Auditorio Nacional a donde llegaron acompa\u00f1ados de Eric, vocalista de Allison, como invitado especial. En tanto, Jesuso y Defecto se encargaron de abrir el<em>show <\/em>con una gran presentaci\u00f3n de cada proyecto, poniendo a calentar el motor del festejo principal.<\/p>\n<p>El concierto arranc\u00f3 en punto de las 20:30 horas, con la participaci\u00f3n de Jesuso, que interpret\u00f3 algunos temas de su m\u00e1s reciente producci\u00f3n, m\u00e1s tarde, Defecto har\u00eda lo suyo para entonces dejar el escenario caliente y listo para la llegada de la banda festejada QBO, quienes liderados por To\u00f1o Ruiz aparecieron en el escenario para interpretar \u201cVolver\u201d, \u201cM\u00e1gico\u201d y \u201cAnclas\u201d, con las que dejaron ver su poder sobre el escenario y sobre todo su gran empat\u00eda con el p\u00fablico que los recibi\u00f3 con gran energ\u00eda desde el primer minuto.<\/p>\n<div id=\"attachment_388793\" style=\"width: 222px\" class=\"wp-caption alignleft\"><img loading=\"lazy\" decoding=\"async\" aria-describedby=\"caption-attachment-388793\" class=\" wp-image-388793\" src=\"https:\/\/www.diarioimagen.net\/wp-content\/uploads\/2018\/08\/qbo-2-portal-307x460.jpg\" alt=\"\" width=\"212\" height=\"303\" \/><p id=\"caption-attachment-388793\" class=\"wp-caption-text\">La banda de rock QBO sorprendi\u00f3 a sus seguidores en el marco de sus 15 a\u00f1os de trayectoria.<\/p><\/div>\n<p>\u201cWe Are\u201d, \u201cVerdad\u201d, \u201cInvisible\u201d, \u201cEs tarde\u201d, \u201cLo siento\u201d y \u201cReflejo\u201d, fueron las siguientes en el repertorio, mismas que fueron interpretadas con virtuosos riffs y una potente voz al micr\u00f3fono que era seguida por todos los presentes en el recinto. As\u00ed pasaron los minutos, con las gargantas desgast\u00e1ndose entre el p\u00fablico coreando cada verso de los temas de esta banda que ya se ha consagrado como un referente del power metal y su metal a la vieja escuela, con \u00fanicamente un bajo, una guitarra y una bater\u00eda, reventando en un estruendoso poder rockero.<\/p>\n<p>Lu coment\u00f3: \u201cQuince a\u00f1os es poco para poder decir que ya tenemos el camino hecho, sin embargo, no quer\u00edamos dejar de celebrarlo con ustedes, que son responsables de que sigamos sobre un escenario haciendo lo que m\u00e1s nos gusta. As\u00ed que pueden hacer lo que quieran, bailar, gritar, esta noche es de ustedes y de nosotros, para pasarla incre\u00edble\u201d.<\/p>\n<p>As\u00ed continuaron con \u201cPara seguir\u201d, \u201cR\u00eden\u201d, \u201cLo que tus sue\u00f1os\u201d, \u201cRomper\u201d, \u201cDuele\u201d y \u201cNada qu\u00e9 pensar\u201d, ya de cara al final del concierto, muy a pesar de los fan\u00e1ticos que parec\u00edan no estar siquiera un poco cansados y ped\u00edan m\u00e1s y m\u00e1s de sus \u00eddolos en el escenario.<\/p>\n<p>La banda continu\u00f3 con la mejor parte del espect\u00e1culo y el p\u00fablico lo resinti\u00f3 haciendo literalmente vibrar el espacio con brincos y gritos, mientras To\u00f1o y compa\u00f1\u00eda tocaron \u201cFantasma\u201d ya con Erik, de Allison en acci\u00f3n tambi\u00e9n. Este \u00faltimo dijo \u201cFelicidades, siempre es un gusto ver que tus amigos sigan adelante, son gente que se lo merece y ojal\u00e1 sigan, porque el rock no debe parar\u201d.<\/p>\n<p>Lo mismo interpretaron \u201cDesvanecer\u201d y \u201cNo m\u00e1s\u201d, para culminar con todo este gran concierto, que sin duda fue digno de una celebraci\u00f3n de 15 a\u00f1os de andar y de rock de esta agrupaci\u00f3n originaria de la Ciudad de M\u00e9xico.<\/p>\n","protected":false},"excerpt":{"rendered":"<p>Encabezados por To\u00f1o Ruiz, QBO celebr\u00f3 exitosamente sus 15 a\u00f1os de trayectoria, por lo que organizaron una gran fiesta en el Lunario del Auditorio Nacional a donde llegaron acompa\u00f1ados de Eric, vocalista de Allison, como invitado especial. <\/p>\n","protected":false},"author":5,"featured_media":388794,"comment_status":"open","ping_status":"open","sticky":false,"template":"","format":"standard","meta":{"_monsterinsights_skip_tracking":false,"_monsterinsights_sitenote_active":false,"_monsterinsights_sitenote_note":"","_monsterinsights_sitenote_category":0,"footnotes":""},"categories":[12],"tags":[76760,46616,43682,76761,76763,76759,76764,76762],"class_list":["post-388791","post","type-post","status-publish","format-standard","has-post-thumbnail","hentry","category-espectaculos","tag-celebro-15-anos","tag-erik","tag-espectaculos","tag-fiesta-en-el-lunario","tag-jesuso-y-defecto","tag-qbo","tag-tono-ruiz","tag-vocalista-de-allison"],"_links":{"self":[{"href":"https:\/\/www.diarioimagen.net\/index.php?rest_route=\/wp\/v2\/posts\/388791","targetHints":{"allow":["GET"]}}],"collection":[{"href":"https:\/\/www.diarioimagen.net\/index.php?rest_route=\/wp\/v2\/posts"}],"about":[{"href":"https:\/\/www.diarioimagen.net\/index.php?rest_route=\/wp\/v2\/types\/post"}],"author":[{"embeddable":true,"href":"https:\/\/www.diarioimagen.net\/index.php?rest_route=\/wp\/v2\/users\/5"}],"replies":[{"embeddable":true,"href":"https:\/\/www.diarioimagen.net\/index.php?rest_route=%2Fwp%2Fv2%2Fcomments&post=388791"}],"version-history":[{"count":0,"href":"https:\/\/www.diarioimagen.net\/index.php?rest_route=\/wp\/v2\/posts\/388791\/revisions"}],"wp:featuredmedia":[{"embeddable":true,"href":"https:\/\/www.diarioimagen.net\/index.php?rest_route=\/wp\/v2\/media\/388794"}],"wp:attachment":[{"href":"https:\/\/www.diarioimagen.net\/index.php?rest_route=%2Fwp%2Fv2%2Fmedia&parent=388791"}],"wp:term":[{"taxonomy":"category","embeddable":true,"href":"https:\/\/www.diarioimagen.net\/index.php?rest_route=%2Fwp%2Fv2%2Fcategories&post=388791"},{"taxonomy":"post_tag","embeddable":true,"href":"https:\/\/www.diarioimagen.net\/index.php?rest_route=%2Fwp%2Fv2%2Ftags&post=388791"}],"curies":[{"name":"wp","href":"https:\/\/api.w.org\/{rel}","templated":true}]}}