{"id":388816,"date":"2018-08-07T00:10:24","date_gmt":"2018-08-07T05:10:24","guid":{"rendered":"https:\/\/www.diarioimagen.net\/?p=388816"},"modified":"2018-08-07T02:49:51","modified_gmt":"2018-08-07T07:49:51","slug":"edomex-preparado-para-recibir-lluvia-intensa","status":"publish","type":"post","link":"https:\/\/www.diarioimagen.net\/?p=388816","title":{"rendered":"Edomex, preparado para recibir lluvia intensa"},"content":{"rendered":"<h2>Arco Norte<\/h2>\n<h5>Jos\u00e9 Luis Monta\u00f1ez Aguilar<\/h5>\n<p>&nbsp;<\/p>\n<p><a href=\"https:\/\/www.diarioimagen.net\/?attachment_id=388914\" rel=\"attachment wp-att-388914\"><img loading=\"lazy\" decoding=\"async\" class=\"aligncenter size-large wp-image-388914\" src=\"https:\/\/www.diarioimagen.net\/wp-content\/uploads\/2018\/08\/arco-3247-460x259.jpg\" alt=\"\" width=\"460\" height=\"259\" srcset=\"https:\/\/www.diarioimagen.net\/wp-content\/uploads\/2018\/08\/arco-3247-460x259.jpg 460w, https:\/\/www.diarioimagen.net\/wp-content\/uploads\/2018\/08\/arco-3247-240x135.jpg 240w, https:\/\/www.diarioimagen.net\/wp-content\/uploads\/2018\/08\/arco-3247-235x132.jpg 235w, https:\/\/www.diarioimagen.net\/wp-content\/uploads\/2018\/08\/arco-3247-202x114.jpg 202w, https:\/\/www.diarioimagen.net\/wp-content\/uploads\/2018\/08\/arco-3247-350x196.jpg 350w, https:\/\/www.diarioimagen.net\/wp-content\/uploads\/2018\/08\/arco-3247-220x123.jpg 220w, https:\/\/www.diarioimagen.net\/wp-content\/uploads\/2018\/08\/arco-3247-237x132.jpg 237w, https:\/\/www.diarioimagen.net\/wp-content\/uploads\/2018\/08\/arco-3247.jpg 480w\" sizes=\"auto, (max-width: 460px) 100vw, 460px\" \/><\/a><\/p>\n<p>&nbsp;<\/p>\n<p>La Secretar\u00eda de Obra P\u00fablica, a trav\u00e9s de la Comisi\u00f3n del Agua del Estado de M\u00e9xico (CAEM), se reporta preparada para monitorear y atender las posibles contingencias que pudieran provocar las lluvias pronosticadas para los siguientes d\u00edas en la entidad, afirm\u00f3 Alfredo P\u00e9rez Guzm\u00e1n, director general de Administraci\u00f3n y Finanzas, y encargado de la Vocal\u00eda Ejecutiva del organismo.<\/p>\n<p>El pron\u00f3stico de la Conagua indica que se registra la entrada de humedad hacia el interior del pa\u00eds, lo que favorece cielo nublado la mayor parte del d\u00eda, con potencial de lluvias y tormentas puntuales fuertes, de 25 a 50 mm, que podr\u00edan estar acompa\u00f1adas por descargas el\u00e9ctricas y posible ca\u00edda de granizo.<\/p>\n<p>Adem\u00e1s, las tormentas tropicales \u201cIleana\u201d y \u201cJohn\u201d provocar\u00e1n intensas lluvias en estados del centro del pa\u00eds.<\/p>\n<p>Ante esta previsi\u00f3n, el funcionario se\u00f1al\u00f3 que el Grupo Tl\u00e1loc de la CAEM mantiene un monitoreo permanente de los cuerpos de agua que pudieran incrementar su nivel.<\/p>\n<p>Con base en los registros hist\u00f3ricos del Atlas de Inundaciones, en el Estado de M\u00e9xico se encuentran instalados los campamentos del Grupo Tl\u00e1loc, ubicados \u00e7 en zonas susceptibles de inundaci\u00f3n.<\/p>\n<p style=\"text-align: center;\"><strong>Garantiza entrega de \u00fatiles escolares a los alumnos del Edomex<\/strong><\/p>\n<p>Al inicio del ciclo escolar 2018-2019, m\u00e1s de 3 millones de ni\u00f1as, ni\u00f1os y adolescentes inscritos en escuelas p\u00fablicas de Educaci\u00f3n B\u00e1sica del Estado de M\u00e9xico contar\u00e1n con un paquete de \u00fatiles escolares gratuitos.<\/p>\n<p>A fin de garantizar la entrega de insumos escolares de calidad que permitan el desarrollo de actividades acad\u00e9micas a los alumnos de preescolar, primaria y secundaria, el gobierno estatal entregar\u00e1 paquetes con art\u00edculos que incluyen mochila, cuadernos, juego de geometr\u00eda, crayones, acuarelas, plastilina, goma, libretas y lapicera, entre otros, de los cuales, m\u00e1s de 90 por ciento son de fabricaci\u00f3n nacional.<\/p>\n<p>La Secretar\u00eda de Educaci\u00f3n estatal asegura que estos paquetes favorecen la econom\u00eda familiar, al significarles un ahorro considerable, y beneficia directamente a los alumnos porque tendr\u00e1n la seguridad de contar con sus \u00fatiles al inicio del ciclo escolar.<\/p>\n<p><em><a href=\"mailto:montanezaguilar@gmail.com\" target=\"_blank\" rel=\"noopener\">montanezaguilar@gmail.com<\/a><\/em><\/p>\n","protected":false},"excerpt":{"rendered":"<p><span style=\"color: #005497;\">Jos\u00e9 Luis Monta\u00f1ez Aguilar<\/span><br \/>\n<br \/>\nLa Secretar\u00eda de Obra P\u00fablica, a trav\u00e9s de la Comisi\u00f3n del Agua del Estado de M\u00e9xico (CAEM), se reporta preparada para monitorear y atender las posibles contingencias que pudieran provocar las lluvias pronosticadas para los siguientes d\u00edas en la entidad, afirm\u00f3 Alfredo P\u00e9rez Guzm\u00e1n, director general de Administraci\u00f3n y Finanzas, y encargado de la Vocal\u00eda Ejecutiva del organismo.<\/p>\n","protected":false},"author":3,"featured_media":388914,"comment_status":"open","ping_status":"open","sticky":false,"template":"","format":"standard","meta":{"_monsterinsights_skip_tracking":false,"_monsterinsights_sitenote_active":false,"_monsterinsights_sitenote_note":"","_monsterinsights_sitenote_category":0,"footnotes":""},"categories":[5],"tags":[13284,43704,43674],"class_list":["post-388816","post","type-post","status-publish","format-standard","has-post-thumbnail","hentry","category-estado-de-mexico","tag-arco-norte","tag-jose-luis-montanez-aguilar","tag-opinion"],"_links":{"self":[{"href":"https:\/\/www.diarioimagen.net\/index.php?rest_route=\/wp\/v2\/posts\/388816","targetHints":{"allow":["GET"]}}],"collection":[{"href":"https:\/\/www.diarioimagen.net\/index.php?rest_route=\/wp\/v2\/posts"}],"about":[{"href":"https:\/\/www.diarioimagen.net\/index.php?rest_route=\/wp\/v2\/types\/post"}],"author":[{"embeddable":true,"href":"https:\/\/www.diarioimagen.net\/index.php?rest_route=\/wp\/v2\/users\/3"}],"replies":[{"embeddable":true,"href":"https:\/\/www.diarioimagen.net\/index.php?rest_route=%2Fwp%2Fv2%2Fcomments&post=388816"}],"version-history":[{"count":0,"href":"https:\/\/www.diarioimagen.net\/index.php?rest_route=\/wp\/v2\/posts\/388816\/revisions"}],"wp:featuredmedia":[{"embeddable":true,"href":"https:\/\/www.diarioimagen.net\/index.php?rest_route=\/wp\/v2\/media\/388914"}],"wp:attachment":[{"href":"https:\/\/www.diarioimagen.net\/index.php?rest_route=%2Fwp%2Fv2%2Fmedia&parent=388816"}],"wp:term":[{"taxonomy":"category","embeddable":true,"href":"https:\/\/www.diarioimagen.net\/index.php?rest_route=%2Fwp%2Fv2%2Fcategories&post=388816"},{"taxonomy":"post_tag","embeddable":true,"href":"https:\/\/www.diarioimagen.net\/index.php?rest_route=%2Fwp%2Fv2%2Ftags&post=388816"}],"curies":[{"name":"wp","href":"https:\/\/api.w.org\/{rel}","templated":true}]}}