{"id":388857,"date":"2018-08-07T00:09:27","date_gmt":"2018-08-07T05:09:27","guid":{"rendered":"https:\/\/www.diarioimagen.net\/?p=388857"},"modified":"2018-08-07T02:53:40","modified_gmt":"2018-08-07T07:53:40","slug":"el-camino-para-construir-un-mexico-mas-justo-es-la-educacion-armando-portuguez","status":"publish","type":"post","link":"https:\/\/www.diarioimagen.net\/?p=388857","title":{"rendered":"El camino para construir un M\u00e9xico m\u00e1s justo es la educaci\u00f3n: Armando Portuguez"},"content":{"rendered":"<ul>\n<li><strong><em>Entrega certificados de primaria y secundaria del INEA<\/em><\/strong><\/li>\n<\/ul>\n<p>&nbsp;<\/p>\n<div id=\"attachment_388926\" style=\"width: 470px\" class=\"wp-caption aligncenter\"><a href=\"https:\/\/www.diarioimagen.net\/?attachment_id=388926\" rel=\"attachment wp-att-388926\"><img loading=\"lazy\" decoding=\"async\" aria-describedby=\"caption-attachment-388926\" class=\"size-large wp-image-388926\" src=\"https:\/\/www.diarioimagen.net\/wp-content\/uploads\/2018\/08\/TULTEPEC-3427-460x259.jpg\" alt=\"\" width=\"460\" height=\"259\" srcset=\"https:\/\/www.diarioimagen.net\/wp-content\/uploads\/2018\/08\/TULTEPEC-3427-460x259.jpg 460w, https:\/\/www.diarioimagen.net\/wp-content\/uploads\/2018\/08\/TULTEPEC-3427-240x135.jpg 240w, https:\/\/www.diarioimagen.net\/wp-content\/uploads\/2018\/08\/TULTEPEC-3427-235x132.jpg 235w, https:\/\/www.diarioimagen.net\/wp-content\/uploads\/2018\/08\/TULTEPEC-3427-202x114.jpg 202w, https:\/\/www.diarioimagen.net\/wp-content\/uploads\/2018\/08\/TULTEPEC-3427-350x196.jpg 350w, https:\/\/www.diarioimagen.net\/wp-content\/uploads\/2018\/08\/TULTEPEC-3427-220x123.jpg 220w, https:\/\/www.diarioimagen.net\/wp-content\/uploads\/2018\/08\/TULTEPEC-3427-237x132.jpg 237w, https:\/\/www.diarioimagen.net\/wp-content\/uploads\/2018\/08\/TULTEPEC-3427.jpg 480w\" sizes=\"auto, (max-width: 460px) 100vw, 460px\" \/><\/a><p id=\"caption-attachment-388926\" class=\"wp-caption-text\">El presidente municipal, Armando Portuguez Fuentes, entreg\u00f3 46 certificados, 11 de primaria y 35 de nivel secundaria.<\/p><\/div>\n<p>&nbsp;<\/p>\n<p><strong>Tultepec, Estado de M\u00e9xico<\/strong>.- Al realizar la entrega de certificados de primaria y secundaria por parte del programa del Instituto Nacional para la Educaci\u00f3n de los Adultos (INEA), el alcalde Armando Portuguez Fuentes, asegur\u00f3 que con una mejor educaci\u00f3n se puede transformar la vida de los mexicanos.<\/p>\n<p>Durante la ceremonia c\u00edvica de ayer lunes, el edil destac\u00f3 el esfuerzo coordinado de los tres \u00f3rdenes de gobierno, por impulsar a quienes por alg\u00fan motivo truncaron su educaci\u00f3n b\u00e1sica, \u201cporque s\u00f3lo con una mejor educaci\u00f3n se pueden transformar favorablemente la vida de los mexicanos, sus municipios y nuestras comunidades\u201d.<\/p>\n<p>Ante la presencia de integrantes del cabildo, directores y jefes de \u00e1rea de la administraci\u00f3n municipal y acompa\u00f1ado por los responsables del Programa T\u00e9cnico Docente Javier Ram\u00edrez Ramos y Ana Lilia P\u00e9rez Navarrete; el presidente municipal hizo entrega de 46 certificados, 11 de primaria y 35 de nivel secundaria.<\/p>\n<p>Con esta entrega suman ya cerca de mil certificaciones de educaci\u00f3n b\u00e1sica, a personas mayores de 15 a\u00f1os en lo que va de la presente administraci\u00f3n, con un total de 961, de los cuales 554 han sido de primaria, 407 de secundaria, adem\u00e1s de la alfabetizaci\u00f3n de 85 adultos, con corte al primer semestre del presente a\u00f1o.<\/p>\n<p>Con estas acciones a trav\u00e9s del INEA en el Estado de M\u00e9xico, en los \u00faltimos a\u00f1os se logr\u00f3 bajar el analfabetismo al pasar de 4.3 a 3.2 por ciento, lo que sin duda es un avance considerable de estrechar las distancias de la desigualdad, as\u00ed como para lograr una mayor inclusi\u00f3n social para miles de mexiquenses.<\/p>\n<p>Javier Ram\u00edrez Ramos, responsable del Programa T\u00e9cnico Docente del INEA en Tultepec, agradeci\u00f3 la coordinaci\u00f3n y el apoyo del gobierno municipal para cumplir con el objetivo de que todas aquellas personas mayores de 15 a\u00f1os que interrumpieron su educaci\u00f3n b\u00e1sica tengan la oportunidad de concluirla y mejor a\u00fan, aspirar a continuarla.<\/p>\n<p>Para continuar con este objetivo en Tultepec, el INEA, con el apoyo del gobierno municipal cuenta con ocho centros de capacitaci\u00f3n y con ocho maestros asesores; quienes atienden y orientan personalmente a los interesados en certificarse, durante dos horas al d\u00eda, en diferentes horarios, tres veces a la semana, para obtener el documento en 3, 6 8 meses o hasta en un a\u00f1o, seg\u00fan su propio ritmo de estudio.<\/p>\n","protected":false},"excerpt":{"rendered":"<p>Al realizar la entrega de certificados de primaria y secundaria por parte del programa del Instituto Nacional para la Educaci\u00f3n de los Adultos (INEA), el alcalde Armando Portuguez Fuentes, asegur\u00f3 que con una mejor educaci\u00f3n se puede transformar la vida de los mexicanos.<\/p>\n","protected":false},"author":3,"featured_media":388926,"comment_status":"open","ping_status":"open","sticky":false,"template":"","format":"standard","meta":{"_monsterinsights_skip_tracking":false,"_monsterinsights_sitenote_active":false,"_monsterinsights_sitenote_note":"","_monsterinsights_sitenote_category":0,"footnotes":""},"categories":[35155],"tags":[43675,19226,19425],"class_list":["post-388857","post","type-post","status-publish","format-standard","has-post-thumbnail","hentry","category-estado-de-mexico-estado-de-mexico","tag-estado-de-mexico","tag-inea","tag-instituto-nacional-para-la-educacion-de-los-adultos"],"_links":{"self":[{"href":"https:\/\/www.diarioimagen.net\/index.php?rest_route=\/wp\/v2\/posts\/388857","targetHints":{"allow":["GET"]}}],"collection":[{"href":"https:\/\/www.diarioimagen.net\/index.php?rest_route=\/wp\/v2\/posts"}],"about":[{"href":"https:\/\/www.diarioimagen.net\/index.php?rest_route=\/wp\/v2\/types\/post"}],"author":[{"embeddable":true,"href":"https:\/\/www.diarioimagen.net\/index.php?rest_route=\/wp\/v2\/users\/3"}],"replies":[{"embeddable":true,"href":"https:\/\/www.diarioimagen.net\/index.php?rest_route=%2Fwp%2Fv2%2Fcomments&post=388857"}],"version-history":[{"count":0,"href":"https:\/\/www.diarioimagen.net\/index.php?rest_route=\/wp\/v2\/posts\/388857\/revisions"}],"wp:featuredmedia":[{"embeddable":true,"href":"https:\/\/www.diarioimagen.net\/index.php?rest_route=\/wp\/v2\/media\/388926"}],"wp:attachment":[{"href":"https:\/\/www.diarioimagen.net\/index.php?rest_route=%2Fwp%2Fv2%2Fmedia&parent=388857"}],"wp:term":[{"taxonomy":"category","embeddable":true,"href":"https:\/\/www.diarioimagen.net\/index.php?rest_route=%2Fwp%2Fv2%2Fcategories&post=388857"},{"taxonomy":"post_tag","embeddable":true,"href":"https:\/\/www.diarioimagen.net\/index.php?rest_route=%2Fwp%2Fv2%2Ftags&post=388857"}],"curies":[{"name":"wp","href":"https:\/\/api.w.org\/{rel}","templated":true}]}}