{"id":388891,"date":"2018-08-07T00:01:59","date_gmt":"2018-08-07T05:01:59","guid":{"rendered":"https:\/\/www.diarioimagen.net\/?p=388891"},"modified":"2018-08-07T02:14:14","modified_gmt":"2018-08-07T07:14:14","slug":"gobierno-estatal-vigila-que-obra-publica-sea-de-calidad","status":"publish","type":"post","link":"https:\/\/www.diarioimagen.net\/?p=388891","title":{"rendered":"Gobierno estatal vigila que obra p\u00fablica sea de calidad"},"content":{"rendered":"<h2>Derecho de r\u00e9plica<\/h2>\n<p>&nbsp;<\/p>\n<ul>\n<li><em><strong>Se busca que la poblaci\u00f3n tenga la certeza de que est\u00e1n bien hechas: Carlos Joaqu\u00edn<\/strong><\/em><\/li>\n<\/ul>\n<p>&nbsp;<\/p>\n<p>&nbsp;<\/p>\n<p>Durante esta semana, la Secretar\u00eda de la Contralor\u00eda del gobierno del estado realizar\u00e1 pruebas de laboratorio en dos obras que se realizan en Canc\u00fan, para verificar, de manera transparente, que los materiales que se usan cumplan con las normas de calidad para que sean duraderas y proporcionen buenos servicios a las personas.<\/p>\n<p>La Secretar\u00eda de la Contralor\u00eda, a cargo de Rafael del Pozo Dergal, realizar\u00e1 la verificaci\u00f3n f\u00edsica (con un laboratorio m\u00f3vil) de la construcci\u00f3n de las ciclov\u00edas que la Secretar\u00eda de Infraestructura y Transporte realiza en la avenida Bonampak, entre calle Mangle y Garc\u00eda de la Torre, con una inversi\u00f3n superior a los 5 millones de pesos y beneficios para m\u00e1s de 92 mil habitantes.<\/p>\n<p>Se verificar\u00e1 tambi\u00e9n la rehabilitaci\u00f3n del bulevard Luis Donaldo Colosio etapa 2 \u2013uno de los dos accesos a Canc\u00fan\u2013, que con recursos federales de casi 33 millones de pesos, ejecuta el ayuntamiento para mejorar la imagen urbana y la movilidad de las personas y ofrecer mejores servicios p\u00fablicos.<\/p>\n<p>Esta obra beneficia a m\u00e1s de 26 mil 500 habitantes.<\/p>\n<p>Del Pozo Dergal explic\u00f3 que la supervisi\u00f3n, que permite reducir los m\u00e1rgenes de discrecionalidad y evitar la corrupci\u00f3n, consiste en pruebas de laboratorio en los elementos estructurales, para comprobar la calidad de los materiales; se realizar\u00e1n pruebas de compactaci\u00f3n, permeabilidad y extracci\u00f3n de n\u00facleos para comprobar que las obras cumplen las normas t\u00e9cnicas.<\/p>\n<p>Sobre estas acciones, el gobernador Carlos Joaqu\u00edn destac\u00f3 que, en estos casi dos a\u00f1os de gobierno, se ha dado prioridad a la atenci\u00f3n de los asuntos m\u00e1s urgentes, para corregir el rumbo de Quintana Roo, como combatir la corrupci\u00f3n y la impunidad de gobiernos anteriores que beneficiaron a unos cuantos a costa de la mayor\u00eda.<\/p>\n<p>\u201cPrivilegiar la transparencia y la rendici\u00f3n de cuentas son indispensables para que las cosas cambien. Ya tenemos resultados con la supervisi\u00f3n de la obra p\u00fablica, mediante los laboratorios de control de calidad, pero todav\u00eda son insuficientes y vamos por m\u00e1s\u201d.<\/p>\n<p>De acuerdo con la Secretar\u00eda de la Contralor\u00eda, participar\u00e1n vecinos que conforman los Comit\u00e9s de Contralor\u00eda Social, integrados por ciudadanos a quienes benefician directamente las obras p\u00fablicas, que se encargan de realizar verificaciones peri\u00f3dicas, para asegurar que los recursos p\u00fablicos que se destinan se apliquen con la calidad especificada en los proyectos, adem\u00e1s de que se cumplan los plazos para culminarlas.<\/p>\n<p>El estudiante Jes\u00fas Salazar Gonz\u00e1lez, opin\u00f3 que s\u00ed es importante conocer c\u00f3mo se hacen las obras y vigilar que se cumpla lo que se prometi\u00f3.<\/p>\n<p>\u201cNo sab\u00eda que la Contralor\u00eda tiene un laboratorio m\u00f3vil, pero eso es bueno; creo que es importante que se verifique la calidad de las obras para que no suceda lo que ocurri\u00f3 en otros gobiernos, que no cumplieron con las normas de seguridad y por ello no se pod\u00edan hacer eventos por el riesgo de que se pod\u00edan caer las construcciones\u201d.<\/p>\n<p>A su vez, el profesor Alejandro Ruiz dijo: \u201cdefinitivamente, s\u00ed considero que la ciudadan\u00eda no nada m\u00e1s debe supervisar y estar al tanto de todo lo que el gobierno hace, sino tambi\u00e9n vigilar y opinar que se hagan bien, porque luego sucede lo de antes, que nos entregan cosas que est\u00e1n mal hechas, porque no nos permitieron participar. \u00a1Qu\u00e9 bueno que haya un laboratorio m\u00f3vil para hacer estas pruebas!\u201d.<\/p>\n<p style=\"text-align: center;\"><strong>Finaliza conflicto en el sindicato de taxistas<\/strong><\/p>\n<p>Finalmente, se reconoci\u00f3 la legalidad y a pesar que un grupo de socios -aparentemente- hab\u00edan destituido a Miguel Alonso como secretario general del Sindicato de Taxistas en Cozumel.<\/p>\n<p>Sin embargo, en asamblea efectuada este fin de semana, los 752 agremiados lo reconocieron como su l\u00edder.<\/p>\n<p>El auditorio de los taxistas se encontraba lleno, y el grupo que se apoder\u00f3 del sindicato, cegado por la ambici\u00f3n, sacaron al representante de la Sintra, que envi\u00f3 el gobierno del estado, as\u00ed como a la notaria p\u00fablica que asisti\u00f3 a dar fe y legalidad de la asamblea.<\/p>\n<p>Despu\u00e9s, entre gritos, amenazas y forcejeos, se defini\u00f3 un presidente de debates e inici\u00f3 la acalorada reuni\u00f3n, que en varias ocasiones fue interrumpida. Empero, todo cambi\u00f3, pues antes que terminara el informe de actividades, en pantallas aparecieron las caras de los inconformes, donde se exhibieron los verdaderos motivos por el cual quer\u00edan apoderarse del sindicato, figurando actos de corrupci\u00f3n, beneficios y deudas al interior del gremio.<\/p>\n<p>Esta situaci\u00f3n dej\u00f3 asombrados a los presentes, lo que caus\u00f3 el desplome del grupo inconforme, que no hallaba donde meter la cara, ante las miradas y se\u00f1alamientos de los sindicalizados. A pesar de eso, la asamblea prosigui\u00f3 y fue cuando Armin Mart\u00ednez, demostrando su humildad, tom\u00f3 la palabra y reconoci\u00f3 a Miguel Alonso, como el secretario general. Jorge C\u00e1rdenas tambi\u00e9n ofreci\u00f3 disculpas por entorpecer las acciones del sindicato y decidieron sumarse a la continuidad del proyecto.<\/p>\n<p>Sin embargo, hay una denuncia penal en contra de los cabecillas de este grupo revoltoso, a pesar de que retiraron los veh\u00edculos que manten\u00edan bloqueado el sindicato, adem\u00e1s quedaron inhabilitados en poder participar en la convocatoria para que pr\u00f3ximamente se elija al nuevo secretario general en el periodo 2019-2022.<\/p>\n<p style=\"text-align: center;\"><strong>Proveedores lanzan SOS al gobierno del estado, quien les adeuda 3 meses<\/strong><\/p>\n<p>Diversas empresas locales lanzaron un SOS al gobierno estatal, para que les liberen los pagos de facturas de diversas mercanc\u00edas y servicios prestados durante la presente administraci\u00f3n, lo que les ha generado graves problemas de liquidez.<\/p>\n<p>Eloy Quintal Jim\u00e9nez, presidente de la C\u00e1mara Nacional de Comercio, Servicios y Turismo (Canaco), dijo que cada a\u00f1o este organismo brinda servicios de proveedur\u00eda al gobierno estatal y nunca hab\u00eda un atraso tan marcado como el que ahora acontece, el cual ya perjudica la operaci\u00f3n econ\u00f3mica y fiscal de varios de sus agremiados.<\/p>\n<p>Se\u00f1al\u00f3 que como parte del convenio, por cada servicio realizado, los pagos deben hacerse en un plazo no mayor a 50 d\u00edas, despu\u00e9s de la facturaci\u00f3n correspondiente, por lo que ignoran el porqu\u00e9 del atraso, que ya va para m\u00e1s de tres meses, lo cual es extra\u00f1o e inusual.<\/p>\n<p>Adeuda el gobierno del estado tres meses en proveedur\u00eda a empresas locales, lo que les est\u00e1 causando graves problemas de liquidez, confirm\u00f3 Eloy Quintal Jim\u00e9nez, quien dijo que estar\u00edan buscando una reuni\u00f3n con las autoridades de Sefiplan, para que se les pague de inmediato.<\/p>\n<p>\u201cDesconocemos los motivos por los cuales hay atrasos de m\u00e1s de tres meses en los pagos hacia varios empresarios de nuestro gremio\u201d.<\/p>\n<p>De por s\u00ed en este 2018 las ventas han bajado en el comercio local por la recesi\u00f3n que hay en Chetumal, por lo que el atraso en los pagos por parte del gobierno, est\u00e1 causando problemas para solventar los gastos de sus negocios.<\/p>\n<p>Ante este panorama, asegur\u00f3 que ha solicitado la liberaci\u00f3n de este recurso a la Secretar\u00eda de Finanzas y Planeaci\u00f3n, y con ello, evitar que las empresas dejen de suministrar los insumos que requiere la operatividad gubernamental<\/p>\n","protected":false},"excerpt":{"rendered":"<p><span style=\"color: #005497;\"><strong>Derecho de r\u00e9plica<\/strong><\/span><\/p>\n","protected":false},"author":3,"featured_media":0,"comment_status":"open","ping_status":"open","sticky":false,"template":"","format":"standard","meta":{"_monsterinsights_skip_tracking":false,"_monsterinsights_sitenote_active":false,"_monsterinsights_sitenote_note":"","_monsterinsights_sitenote_category":0,"footnotes":""},"categories":[62907],"tags":[47840,43674],"class_list":["post-388891","post","type-post","status-publish","format-standard","hentry","category-derecho-de-replica","tag-derecho-de-replica","tag-opinion"],"_links":{"self":[{"href":"https:\/\/www.diarioimagen.net\/index.php?rest_route=\/wp\/v2\/posts\/388891","targetHints":{"allow":["GET"]}}],"collection":[{"href":"https:\/\/www.diarioimagen.net\/index.php?rest_route=\/wp\/v2\/posts"}],"about":[{"href":"https:\/\/www.diarioimagen.net\/index.php?rest_route=\/wp\/v2\/types\/post"}],"author":[{"embeddable":true,"href":"https:\/\/www.diarioimagen.net\/index.php?rest_route=\/wp\/v2\/users\/3"}],"replies":[{"embeddable":true,"href":"https:\/\/www.diarioimagen.net\/index.php?rest_route=%2Fwp%2Fv2%2Fcomments&post=388891"}],"version-history":[{"count":0,"href":"https:\/\/www.diarioimagen.net\/index.php?rest_route=\/wp\/v2\/posts\/388891\/revisions"}],"wp:attachment":[{"href":"https:\/\/www.diarioimagen.net\/index.php?rest_route=%2Fwp%2Fv2%2Fmedia&parent=388891"}],"wp:term":[{"taxonomy":"category","embeddable":true,"href":"https:\/\/www.diarioimagen.net\/index.php?rest_route=%2Fwp%2Fv2%2Fcategories&post=388891"},{"taxonomy":"post_tag","embeddable":true,"href":"https:\/\/www.diarioimagen.net\/index.php?rest_route=%2Fwp%2Fv2%2Ftags&post=388891"}],"curies":[{"name":"wp","href":"https:\/\/api.w.org\/{rel}","templated":true}]}}