{"id":388911,"date":"2018-08-07T00:09:13","date_gmt":"2018-08-07T05:09:13","guid":{"rendered":"https:\/\/www.diarioimagen.net\/?p=388911"},"modified":"2018-08-07T05:48:12","modified_gmt":"2018-08-07T10:48:12","slug":"informe-de-la-derrota-azul","status":"publish","type":"post","link":"https:\/\/www.diarioimagen.net\/?p=388911","title":{"rendered":"Informe de la derrota azul"},"content":{"rendered":"<h2>Punto por punto<\/h2>\n<h5>Augusto Corro<\/h5>\n<p>&nbsp;<\/p>\n<div id=\"attachment_388980\" style=\"width: 470px\" class=\"wp-caption aligncenter\"><a href=\"https:\/\/www.diarioimagen.net\/?attachment_id=388980\" rel=\"attachment wp-att-388980\"><img loading=\"lazy\" decoding=\"async\" aria-describedby=\"caption-attachment-388980\" class=\"wp-image-388980 size-large\" src=\"https:\/\/www.diarioimagen.net\/wp-content\/uploads\/2018\/08\/EJEMPLAR-3427-460x344.jpg\" alt=\"\" width=\"460\" height=\"344\" srcset=\"https:\/\/www.diarioimagen.net\/wp-content\/uploads\/2018\/08\/EJEMPLAR-3427-460x344.jpg 460w, https:\/\/www.diarioimagen.net\/wp-content\/uploads\/2018\/08\/EJEMPLAR-3427-240x179.jpg 240w, https:\/\/www.diarioimagen.net\/wp-content\/uploads\/2018\/08\/EJEMPLAR-3427-768x574.jpg 768w, https:\/\/www.diarioimagen.net\/wp-content\/uploads\/2018\/08\/EJEMPLAR-3427.jpg 1200w\" sizes=\"auto, (max-width: 460px) 100vw, 460px\" \/><\/a><p id=\"caption-attachment-388980\" class=\"wp-caption-text\">Ejemplar&#8230; | Jos\u00e9 Luis<\/p><\/div>\n<p>&nbsp;<\/p>\n<p>Los jerarcas panistas se reunir\u00e1n en los pr\u00f3ximos d\u00edas (11 y 12 de agosto) para alistar la elecci\u00f3n de su nuevo presidente.<\/p>\n<p>Se espera que en la sesi\u00f3n del Consejo Nacional del CEN del PAN, Ricardo Anaya haga una valoraci\u00f3n de los resultados electorales.<\/p>\n<p>(En la citada reuni\u00f3n se integrar\u00e1 una comisi\u00f3n que organice la elecci\u00f3n del dirigente nacional para octubre-noviembre).<\/p>\n<p>Poco tendr\u00e1 que explicar el ex aspirante presidencial, tras su estrepitosa derrota en una coalici\u00f3n con perredistas que le rest\u00f3 votos. No se le dio la f\u00f3rmula de juntar el agua con el aceite.<\/p>\n<p>Quiz\u00e1 Ricardo Anaya se refiera al bochornoso asunto de su presunto delito de lavado de dinero en la venta de bienes inmuebles, que le promovieron desde la Procuradur\u00eda General de la Rep\u00fablica (PGR).<\/p>\n<p>Por cierto, \u00bfqu\u00e9 fin tuvo esa denuncia? \u00bfBorr\u00f3n y cuenta nueva? No ser\u00eda de extra\u00f1ar de esa conducta de las autoridades que aplican la ley de acuerdo a sus intereses, muy personales.<\/p>\n<p>En la informaci\u00f3n cotidiana se habla de que el queretano dejar\u00e1 la pol\u00edtica para dedicarse a la c\u00e1tedra. No todos creen que as\u00ed ocurra.<\/p>\n<p>Otros suponen que Ricardo Anaya tiene preparada la estrategia para continuar con el poder tras el trono en la pr\u00f3xima dirigencia blanquiazul.<\/p>\n<p>Dami\u00e1n Zepeda, el actual presidente de Acci\u00f3n Nacional, tendr\u00e1, en la reuni\u00f3n mencionada que presentar un informe de la estrepitosa derrota panista; as\u00ed como una defensa de los errores de su candidato presidencial y de su partido.<\/p>\n<p>Por otra parte, la ausencia de Ricardo Anaya se not\u00f3 m\u00e1s en los \u00faltimos d\u00edas, una vez que el presidente electo, Andr\u00e9s Manuel L\u00f3pez Obrador, se reuni\u00f3 con el ex candidato presidencial pri\u00edsta, Jos\u00e9 Antonio Meade Kuribre\u00f1a.<\/p>\n<p>El ex candidato presidencial blanquiazul tambi\u00e9n deber\u00e1 hablar de su fracaso como abanderado presidencial panista, as\u00ed como de la situaci\u00f3n real en que se encuentra Acci\u00f3n Nacional.<\/p>\n<p>\u00bfSe entrevistar\u00e1 el panista con AMLO? Pocos saben la respuesta.<\/p>\n<p style=\"text-align: center;\"><strong>HASTA QUIERE CAMBIAR SU NOMBRE<\/strong><\/p>\n<p>En medio del naufragio pol\u00edtico, en el Partido de la Revoluci\u00f3n Democr\u00e1tica (PRD) los sobrevivientes buscan enfrentar la tormenta que los azota, tras su rid\u00edcula participaci\u00f3n en la contienda electoral reciente.<\/p>\n<p>Un n\u00famero elevado de amarillos se opuso a una coalici\u00f3n del PRD con Acci\u00f3n Nacional, porque le traer\u00eda problemas, como se confirm\u00f3 posteriormente.<\/p>\n<p>\u00bfQu\u00e9 ganaron los perredistas en esa alianza pol\u00edtica, que fue calificada como antinatural? \u00bfLa supuesta izquierda y la derecha unidas con que fines? \u00bfY las ideolog\u00edas y los principios?<\/p>\n<p>En fin, ya sabemos que a ambos organizaciones pol\u00edticas les fue muy mal. El PAN a\u00fan no encuentra el camino para superar su derrota y el PRD lo hace ya, pero con la idea de continuar con los mismos dirigentes y las mismas pr\u00e1cticas pol\u00edticas que a ning\u00fan lado lo llevar\u00e1n.<\/p>\n<p>Para empezar, tiene que renovar su dirigencia nacional. \u00bfDe d\u00f3nde van a sacar a ese l\u00edder que ofrezca un retorno fruct\u00edfero en las lucha pol\u00edticas? Sin los personajes como Cuauht\u00e9moc C\u00e1rdenas o AMLO se ve complejo que el partido del sol azteca alcance los triunfos del pasado.<\/p>\n<p>En el PRD tambi\u00e9n tendr\u00e1n que revisar su relaci\u00f3n con Acci\u00f3n Nacional, que no le ayud\u00f3 a conseguir triunfos. Ambas instituciones se quejaron de no contar con los apoyos suficientes durante la campa\u00f1a electoral.<\/p>\n<p>Los respaldos pol\u00edticos se dieron entre las dirigencias panistas y perredistas, \u00fanicamente; pues los militantes de las respectivas instituciones pol\u00edticas decidieron votar por otros partidos. Esto qued\u00f3 muy claro.<\/p>\n<p>El fin de semana, los impresentables Jes\u00fas Ortega y Jes\u00fas Zambrano (a) <em>Los Chuchos<\/em> y sus secuaces se reunieron en Oaxtepec para analizar las condiciones en que qued\u00f3 el PRD, despu\u00e9s de que la aplanadora morenista le pas\u00f3 encima lo dej\u00f3 en agon\u00eda.<\/p>\n<p>Se trat\u00f3 de una reuni\u00f3n ligera de la a\u00fan c\u00fapula del poder, que no analiz\u00f3 ni trat\u00f3 las causas fundamentales de su derrota. No se refirieron a la da\u00f1ina alianza con los panistas, tampoco\u00a0 ni a sus decisiones equivocadas como aquella de apoyar el Pacto por M\u00e9xico, del gobierno federal.<\/p>\n<p>El senador electo perredista, Juan Zepeda, al referirse a la situaci\u00f3n en que se encuentra su partido, dijo:<\/p>\n<p>\u201cLa crisis no ha concluido, esta crisis puede ahondar una vez que entre el nuevo gobierno federal\u201d. Reconoci\u00f3 que el problema no ha tocado fondo y que inclusive el partido podr\u00eda desaparecer.<\/p>\n<p>\u00bfQu\u00e9 futuro le espera a un partido pol\u00edtico que se encuentra en condiciones tan deplorables que hasta quiere cambiar su nombre?<\/p>\n<p><em><a href=\"mailto:aco2742@hotmail.com\" target=\"_blank\" rel=\"noopener\">aco2742@hotmail.com<\/a><\/em><\/p>\n","protected":false},"excerpt":{"rendered":"<p><span style=\"color: #005497;\"><strong>Augusto Corro<\/strong><\/span><br \/>\n<br \/>\nLos jerarcas panistas se reunir\u00e1n en los pr\u00f3ximos d\u00edas (11 y 12 de agosto) para alistar la elecci\u00f3n de su nuevo presidente.<\/p>\n","protected":false},"author":3,"featured_media":388980,"comment_status":"open","ping_status":"open","sticky":false,"template":"","format":"standard","meta":{"_monsterinsights_skip_tracking":false,"_monsterinsights_sitenote_active":false,"_monsterinsights_sitenote_note":"","_monsterinsights_sitenote_category":0,"footnotes":""},"categories":[157],"tags":[43686,43674,11515],"class_list":["post-388911","post","type-post","status-publish","format-standard","has-post-thumbnail","hentry","category-augusto-corro","tag-augusto-corro","tag-opinion","tag-punto-por-punto"],"_links":{"self":[{"href":"https:\/\/www.diarioimagen.net\/index.php?rest_route=\/wp\/v2\/posts\/388911","targetHints":{"allow":["GET"]}}],"collection":[{"href":"https:\/\/www.diarioimagen.net\/index.php?rest_route=\/wp\/v2\/posts"}],"about":[{"href":"https:\/\/www.diarioimagen.net\/index.php?rest_route=\/wp\/v2\/types\/post"}],"author":[{"embeddable":true,"href":"https:\/\/www.diarioimagen.net\/index.php?rest_route=\/wp\/v2\/users\/3"}],"replies":[{"embeddable":true,"href":"https:\/\/www.diarioimagen.net\/index.php?rest_route=%2Fwp%2Fv2%2Fcomments&post=388911"}],"version-history":[{"count":0,"href":"https:\/\/www.diarioimagen.net\/index.php?rest_route=\/wp\/v2\/posts\/388911\/revisions"}],"wp:featuredmedia":[{"embeddable":true,"href":"https:\/\/www.diarioimagen.net\/index.php?rest_route=\/wp\/v2\/media\/388980"}],"wp:attachment":[{"href":"https:\/\/www.diarioimagen.net\/index.php?rest_route=%2Fwp%2Fv2%2Fmedia&parent=388911"}],"wp:term":[{"taxonomy":"category","embeddable":true,"href":"https:\/\/www.diarioimagen.net\/index.php?rest_route=%2Fwp%2Fv2%2Fcategories&post=388911"},{"taxonomy":"post_tag","embeddable":true,"href":"https:\/\/www.diarioimagen.net\/index.php?rest_route=%2Fwp%2Fv2%2Ftags&post=388911"}],"curies":[{"name":"wp","href":"https:\/\/api.w.org\/{rel}","templated":true}]}}