{"id":389007,"date":"2018-08-08T00:11:45","date_gmt":"2018-08-08T05:11:45","guid":{"rendered":"https:\/\/www.diarioimagen.net\/?p=389007"},"modified":"2018-08-08T02:00:10","modified_gmt":"2018-08-08T07:00:10","slug":"muestra-edomex-fortalezas-para-atraer-inversiones-chinas","status":"publish","type":"post","link":"https:\/\/www.diarioimagen.net\/?p=389007","title":{"rendered":"Fortaleza para atraer inversiones chinas"},"content":{"rendered":"<h2>Arco Norte<\/h2>\n<h5>Jos\u00e9 Luis Monta\u00f1ez Aguilar<\/h5>\n<p>&nbsp;<\/p>\n<div id=\"attachment_389008\" style=\"width: 470px\" class=\"wp-caption aligncenter\"><img loading=\"lazy\" decoding=\"async\" aria-describedby=\"caption-attachment-389008\" class=\"size-large wp-image-389008\" src=\"https:\/\/www.diarioimagen.net\/wp-content\/uploads\/2018\/08\/INVERSION8-portal-460x268.jpg\" alt=\"\" width=\"460\" height=\"268\" srcset=\"https:\/\/www.diarioimagen.net\/wp-content\/uploads\/2018\/08\/INVERSION8-portal-460x268.jpg 460w, https:\/\/www.diarioimagen.net\/wp-content\/uploads\/2018\/08\/INVERSION8-portal-240x140.jpg 240w, https:\/\/www.diarioimagen.net\/wp-content\/uploads\/2018\/08\/INVERSION8-portal.jpg 480w\" sizes=\"auto, (max-width: 460px) 100vw, 460px\" \/><p id=\"caption-attachment-389008\" class=\"wp-caption-text\">La delegaci\u00f3n china conoci\u00f3 los beneficios que tiene el Estado de M\u00e9xico para la instalaci\u00f3n de empresas.<\/p><\/div>\n<p>&nbsp;<\/p>\n<p>El secretario de Desarrollo Econ\u00f3mico, Alberto Curi Naime, mostr\u00f3 a una delegaci\u00f3n de miembros de la Academia de Comercio Internacional y Cooperaci\u00f3n Econ\u00f3mica del Ministerio de China (CAITEC), as\u00ed como a miembros de la C\u00e1mara de Comercio y Tecnolog\u00eda de aquel pa\u00eds (CCTMC) y de la embajada de China en M\u00e9xico, las ventajas que en conectividad, movilidad, mano de obra, educaci\u00f3n, infraestructura\u00a0 y apoyos ofrece el Estado de M\u00e9xico para la instalaci\u00f3n de empresas en sus distintas regiones.<\/p>\n<p>Durante el encuentro, expres\u00f3 que las ventajas competitivas que tiene el territorio mexiquense para el crecimiento de los capitales extranjeros son, entre otras, la mayor poblaci\u00f3n del pa\u00eds con 17.5 millones de habitantes, as\u00ed como la mayor poblaci\u00f3n econ\u00f3micamente activa (PEA) con un 14.2 por ciento nacional.<\/p>\n<p>En este sentido, reconoci\u00f3 que la ubicaci\u00f3n geogr\u00e1fica del Estado es privilegiada por encontrarse en el centro del pa\u00eds, y que junto con la Ciudad de M\u00e9xico representa el mayor mercado de consumo con m\u00e1s de 26.3 millones de consumidores.<\/p>\n<p>Por lo anterior destac\u00f3 que el Estado de M\u00e9xico es una de las entidades m\u00e1s pujantes y fuertes en el desarrollo econ\u00f3mico del pa\u00eds, aportando el 8.7 por ciento del PIB Nacional, manifestando que si fuese un pa\u00eds, la entidad ser\u00eda la econom\u00eda 64 del mundo.<\/p>\n<p style=\"text-align: center;\"><strong>Integran brigadas para agilizar tr\u00e1mites de mexiquenses<\/strong><\/p>\n<p>Con el fin de agilizar los tr\u00e1mites que ofrecen a las y los mexiquenses, personal del Instituto de la Funci\u00f3n Registral del Estado de M\u00e9xico (IFREM) realiza brigadas de apoyo a las oficinas con mayor carga de trabajo.<\/p>\n<p>Registradores auxiliares, analistas y notificadores de las oficinas registrales con menor carga de trabajo, como las de Temascaltepec o Sultepec, acuden a las oficinas de Toluca; mientras que servidores p\u00fablicos de las oficinas de Zumpango, Nezahualc\u00f3yotl, Chalco, Otumba y Texcoco apoyan en la de Cuautitl\u00e1n.<\/p>\n<p>Esto para apoyar en la calificaci\u00f3n registral de documentos, as\u00ed como para registrar y ordenar los archivos de las oficinas de Toluca y Cuautitl\u00e1n, que son las que presentan las mayores cargas laborales en toda la entidad.<\/p>\n<p><em><a href=\"mailto:montanezaguilar@gmail.com\" target=\"_blank\" rel=\"noopener\">montanezaguilar@gmail.com<\/a><\/em><\/p>\n","protected":false},"excerpt":{"rendered":"<p><span style=\"color: #005497;\">Jos\u00e9 Luis Monta\u00f1ez Aguilar<\/span><br \/>\n<br \/>\nEl secretario de Desarrollo Econ\u00f3mico, Alberto Curi Naime, mostr\u00f3 a una delegaci\u00f3n de miembros de la Academia de Comercio Internacional y Cooperaci\u00f3n Econ\u00f3mica del Ministerio de China (CAITEC), as\u00ed como a miembros de la C\u00e1mara de Comercio y Tecnolog\u00eda de aquel pa\u00eds (CCTMC) y de la embajada de China en M\u00e9xico, las ventajas que en conectividad, movilidad, mano de obra, educaci\u00f3n, infraestructura  y apoyos ofrece el Estado de M\u00e9xico para la instalaci\u00f3n de empresas en sus distintas regiones.<\/p>\n","protected":false},"author":5,"featured_media":389008,"comment_status":"open","ping_status":"open","sticky":false,"template":"","format":"standard","meta":{"_monsterinsights_skip_tracking":false,"_monsterinsights_sitenote_active":false,"_monsterinsights_sitenote_note":"","_monsterinsights_sitenote_category":0,"footnotes":""},"categories":[5],"tags":[13284,76818,76815,76817,76816,43704,43674],"class_list":["post-389007","post","type-post","status-publish","format-standard","has-post-thumbnail","hentry","category-estado-de-mexico","tag-arco-norte","tag-camara-de-comercio-y-tecnologia","tag-edomex-fortalezas","tag-instalacion-empresas","tag-inversiones-chinas","tag-jose-luis-montanez-aguilar","tag-opinion"],"_links":{"self":[{"href":"https:\/\/www.diarioimagen.net\/index.php?rest_route=\/wp\/v2\/posts\/389007","targetHints":{"allow":["GET"]}}],"collection":[{"href":"https:\/\/www.diarioimagen.net\/index.php?rest_route=\/wp\/v2\/posts"}],"about":[{"href":"https:\/\/www.diarioimagen.net\/index.php?rest_route=\/wp\/v2\/types\/post"}],"author":[{"embeddable":true,"href":"https:\/\/www.diarioimagen.net\/index.php?rest_route=\/wp\/v2\/users\/5"}],"replies":[{"embeddable":true,"href":"https:\/\/www.diarioimagen.net\/index.php?rest_route=%2Fwp%2Fv2%2Fcomments&post=389007"}],"version-history":[{"count":0,"href":"https:\/\/www.diarioimagen.net\/index.php?rest_route=\/wp\/v2\/posts\/389007\/revisions"}],"wp:featuredmedia":[{"embeddable":true,"href":"https:\/\/www.diarioimagen.net\/index.php?rest_route=\/wp\/v2\/media\/389008"}],"wp:attachment":[{"href":"https:\/\/www.diarioimagen.net\/index.php?rest_route=%2Fwp%2Fv2%2Fmedia&parent=389007"}],"wp:term":[{"taxonomy":"category","embeddable":true,"href":"https:\/\/www.diarioimagen.net\/index.php?rest_route=%2Fwp%2Fv2%2Fcategories&post=389007"},{"taxonomy":"post_tag","embeddable":true,"href":"https:\/\/www.diarioimagen.net\/index.php?rest_route=%2Fwp%2Fv2%2Ftags&post=389007"}],"curies":[{"name":"wp","href":"https:\/\/api.w.org\/{rel}","templated":true}]}}