{"id":389031,"date":"2018-08-08T00:01:57","date_gmt":"2018-08-08T05:01:57","guid":{"rendered":"https:\/\/www.diarioimagen.net\/?p=389031"},"modified":"2018-08-08T02:04:33","modified_gmt":"2018-08-08T07:04:33","slug":"richard-gere-sera-papa-a-los-69-anos-de-edad","status":"publish","type":"post","link":"https:\/\/www.diarioimagen.net\/?p=389031","title":{"rendered":"Richard Gere ser\u00e1 pap\u00e1 a los 69 a\u00f1os de edad"},"content":{"rendered":"<ul>\n<li><em><strong>Su esposa Alejandra Silva, 34 a\u00f1os menor que \u00e9l, est\u00e1 embarazada, luego de que se casaron el pasado mes de mayo<\/strong><\/em><\/li>\n<\/ul>\n<p>&nbsp;<\/p>\n<div id=\"attachment_389032\" style=\"width: 470px\" class=\"wp-caption aligncenter\"><img loading=\"lazy\" decoding=\"async\" aria-describedby=\"caption-attachment-389032\" class=\"size-large wp-image-389032\" src=\"https:\/\/www.diarioimagen.net\/wp-content\/uploads\/2018\/08\/richard-gere-portal-460x268.jpg\" alt=\"\" width=\"460\" height=\"268\" srcset=\"https:\/\/www.diarioimagen.net\/wp-content\/uploads\/2018\/08\/richard-gere-portal-460x268.jpg 460w, https:\/\/www.diarioimagen.net\/wp-content\/uploads\/2018\/08\/richard-gere-portal-240x140.jpg 240w, https:\/\/www.diarioimagen.net\/wp-content\/uploads\/2018\/08\/richard-gere-portal.jpg 480w\" sizes=\"auto, (max-width: 460px) 100vw, 460px\" \/><p id=\"caption-attachment-389032\" class=\"wp-caption-text\">La empresaria est\u00e1 embarazada del que ser\u00e1 su primer hijo en com\u00fan. El actor de Holywood ya tiene un heredero, llamado Homer de 18 a\u00f1os. En el caso de Alejandra, tambi\u00e9n es madre de un menor de 6 a\u00f1os.<\/p><\/div>\n<p>&nbsp;<\/p>\n<p>Richard Gere y Alejandra Silva, quienes contrajeron matrimonio el pasado mes de mayo, anunciaron al mundo que esperan su primer hijo dentro de su relaci\u00f3n, a s\u00f3lo tres meses de haber dado el s\u00ed en el altar.<\/p>\n<p>La empresaria est\u00e1 embarazada del que ser\u00e1 su primer hijo en com\u00fan. El actor de Holywood ya tiene un heredero, llamado Homer de 18 a\u00f1os. En el caso de Alejandra, tambi\u00e9n es madre de un menor de tan s\u00f3lo 6 a\u00f1os.<\/p>\n<p>La noticia surgi\u00f3 como un rumor hace un par de semanas, pero recientemente fue confirmada por el representante de la empresaria en el programa Coraz\u00f3n de Televisi\u00f3n Espa\u00f1ola y fuentes de su entorno al diario <em>ABC.<\/em><\/p>\n<p>Pese a la importante noticia en la vida de los reci\u00e9n casados, ninguno de los dos ha salido a dar alguna declaraci\u00f3n sobre el\u00a0 momento que viven. \u201cA medida que avanzamos en este camino y sufrimos los diversos altibajos de la vida, aspiramos a transformarlos en el camino del amor, la compasi\u00f3n, la alegr\u00eda y la ecuanimidad\u201d, fue la \u00faltima publicaci\u00f3n que Silva hizo en su cuenta oficial de Instagram.<\/p>\n","protected":false},"excerpt":{"rendered":"<p>Richard Gere y Alejandra Silva, quienes contrajeron matrimonio el pasado mes de mayo, anunciaron al mundo que esperan su primer hijo dentro de su relaci\u00f3n, a s\u00f3lo tres meses de haber dado el s\u00ed en el altar.<\/p>\n","protected":false},"author":5,"featured_media":389032,"comment_status":"open","ping_status":"open","sticky":false,"template":"","format":"standard","meta":{"_monsterinsights_skip_tracking":false,"_monsterinsights_sitenote_active":false,"_monsterinsights_sitenote_note":"","_monsterinsights_sitenote_category":0,"footnotes":""},"categories":[12],"tags":[76841,76837,76840,43682,76838,76839],"class_list":["post-389031","post","type-post","status-publish","format-standard","has-post-thumbnail","hentry","category-espectaculos","tag-34-anos","tag-69-anos-de-edad","tag-alejandra-silva","tag-espectaculos","tag-richard-gere","tag-sera-papa"],"_links":{"self":[{"href":"https:\/\/www.diarioimagen.net\/index.php?rest_route=\/wp\/v2\/posts\/389031","targetHints":{"allow":["GET"]}}],"collection":[{"href":"https:\/\/www.diarioimagen.net\/index.php?rest_route=\/wp\/v2\/posts"}],"about":[{"href":"https:\/\/www.diarioimagen.net\/index.php?rest_route=\/wp\/v2\/types\/post"}],"author":[{"embeddable":true,"href":"https:\/\/www.diarioimagen.net\/index.php?rest_route=\/wp\/v2\/users\/5"}],"replies":[{"embeddable":true,"href":"https:\/\/www.diarioimagen.net\/index.php?rest_route=%2Fwp%2Fv2%2Fcomments&post=389031"}],"version-history":[{"count":0,"href":"https:\/\/www.diarioimagen.net\/index.php?rest_route=\/wp\/v2\/posts\/389031\/revisions"}],"wp:featuredmedia":[{"embeddable":true,"href":"https:\/\/www.diarioimagen.net\/index.php?rest_route=\/wp\/v2\/media\/389032"}],"wp:attachment":[{"href":"https:\/\/www.diarioimagen.net\/index.php?rest_route=%2Fwp%2Fv2%2Fmedia&parent=389031"}],"wp:term":[{"taxonomy":"category","embeddable":true,"href":"https:\/\/www.diarioimagen.net\/index.php?rest_route=%2Fwp%2Fv2%2Fcategories&post=389031"},{"taxonomy":"post_tag","embeddable":true,"href":"https:\/\/www.diarioimagen.net\/index.php?rest_route=%2Fwp%2Fv2%2Ftags&post=389031"}],"curies":[{"name":"wp","href":"https:\/\/api.w.org\/{rel}","templated":true}]}}